{"id":288593,"date":"2026-09-05T06:06:09","date_gmt":"2026-09-05T06:06:09","guid":{"rendered":"https:\/\/www.europesays.com\/ro\/288593\/"},"modified":"2026-09-05T06:06:09","modified_gmt":"2026-09-05T06:06:09","slug":"cine-este-barbatul-care-a-plans-neincetat-la-inmormantarea-ancai-pandrea-i-a-fost-alaturi-pana-in-ultimele-clipe","status":"publish","type":"post","link":"https:\/\/www.europesays.com\/ro\/288593\/","title":{"rendered":"Cine este b\u0103rbatul care a pl\u00e2ns ne\u00eencetat la \u00eenmorm\u00e2ntarea Anc\u0103i Pandrea. I-a fost al\u0103turi p\u00e2n\u0103 \u00een ultimele clipe"},"content":{"rendered":"<p>Anca Pandrea a fost condus\u0103 pe ultimul drum joi, 3 septembrie, la Cimitirul Sf\u00e2nta Vineri din Bucure\u0219ti. El a fost b\u0103rbatul care i-a fost al\u0103turi pe ultimul drum, dar \u0219i \u00een ultimele momente ale vie\u021bii.<\/p>\n<p>\t\t\t\t\t<img alt=\"\" itemprop=\"image\" class=\"wow fadeIn\" width=\"640\" height=\"478\"\/><\/p>\n<p>\n\t\t\t\t\t\t\t\t\tCine este b\u0103rbatul care a pl\u00e2ns ne\u00eencetat la \u00eenmorm\u00e2ntarea Anc\u0103i Pandrea. I-a fost al\u0103turi p\u00e2n\u0103 \u00een ultimele clipe<br \/>\n\t\t\t\t\t\t\t\t\t\t\t\t\t| hepta.ro\n\t\t\t\t\t\t\t<\/p>\n<p>Actri\u021ba s-a stins din via\u021b\u0103 la v\u00e2rsta de 80 de ani, pe 31 august, dup\u0103 mai mul\u021bi ani \u00een care s-a confruntat cu probleme grave de s\u0103n\u0103tate.<\/p>\n<p>\t\tCine este b\u0103rbatul care a pl\u00e2ns ne\u00eencetat la \u00eenmorm\u00e2ntarea Anc\u0103i Pandrea<\/p>\n<p>La ceremonia de \u00eenmorm\u00e2ntare au participat membri ai familiei, prieteni apropia\u021bi \u0219i oameni care au cunoscut-o de-a lungul carierei. Printre cei care au resim\u021bit profund pierderea s-a num\u0103rat actorul Victor Yila. Acesta a fost prezent la slujb\u0103 \u0219i a pl\u00e2ns ne\u00eencetat \u00een timp ce \u00ee\u0219i lua r\u0103mas-bun de la actri\u021b\u0103.<\/p>\n<p>Victor Yila a f\u0103cut declara\u021bii pentru Spynews \u0219i a vorbit cu emo\u021bie despre rela\u021bia de prietenie pe care a avut-o cu Anca Pandrea. Actorul a povestit c\u0103 \u00een ultimii ani a vizitat-o frecvent \u0219i c\u0103 a fost al\u0103turi de ea la mai multe momente importante.<\/p>\n<p>\t\t\t\t\t\t\tArticolul continu\u0103 dup\u0103 reclam\u0103<\/p>\n<p>\u201eMomente foarte grele, \u00eenfior\u0103tor de greu! S\u0103r\u0103cu\u021ba&#8230; a plecat. Am fost prieteni foarte buni \u0219i vom r\u0103m\u00e2ne prieteni. De acolo de sus sper c\u0103 ne prive\u0219te, \u0219i Iura la fel. M\u0103 bucur c\u0103 s-au re\u00eent\u00e2lnit. Sper s\u0103 fie bine. \u00cen sufletele noastre este un mare gol, pe care nu \u0219tim cum s\u0103 \u00eel umplem. \u00cei tot spuneam: \u00abAnca, nici nu ai plecat \u0219i deja mi-e dor de tine\u00bb. Am fost mereu \u00eempreun\u0103, la toate evenimentele am fost prezent \u0219i voi fi prezent \u0219i la cimitir\u201d, a declarat Victor Yila, potrivit <a href=\"https:\/\/spynews.ro\/monden\/emisiuni-tv\/barbatul-care-a-plans-neincetat-la-inmormantarea-ancai-pandrea-ia-fost-alaturi-actritei-pana-in-ultimele-clipe-375519.html\" target=\"_blank\" rel=\"nofollow noopener\">Spynews<\/a>.<\/p>\n<p>Cite\u0219te \u0219i: <a href=\"https:\/\/a1.ro\/asia-express\/stiri\/exclusiv-ce-a-descoperit-loredana-chivu-in-casa-unui-localnic-din-uzbekistan-exorcistul-a-lasato-fara-cuvinte-id1161428.html\" target=\"_blank\" rel=\"nofollow noopener\">EXCLUSIV | Ce a descoperit Loredana Chivu \u00een casa unui localnic din Uzbekistan. \u201eExorcistul\u201d a l\u0103sat-o f\u0103r\u0103 cuvinte<\/a><\/p>\n<p>Actorul a m\u0103rturisit c\u0103 va continua s\u0103 \u00eei viziteze morm\u00e2ntul \u0219i c\u0103, dincolo de durerea desp\u0103r\u021birii, r\u0103m\u00e2ne recunosc\u0103tor pentru toate amintirile pe care le-au construit \u00eempreun\u0103.<\/p>\n<p>\t\tAnca Pandrea, o carier\u0103 dedicat\u0103 scenei \u0219i televiziunii<\/p>\n<p>Anca Pandrea a l\u0103sat \u00een urm\u0103 o carier\u0103 de zeci de ani \u00een lumea artistic\u0103. Actri\u021ba a fost cunoscut\u0103 pentru apari\u021biile sale \u00een teatru, film \u0219i televiziune, dar \u0219i pentru numeroasele roluri care au f\u0103cut-o \u00eendr\u0103git\u0103 de public.<\/p>\n<p>Cite\u0219te \u0219i: <a href=\"https:\/\/a1.ro\/asia-express\/stiri\/exclusiv-mirela-vaida-experienta-de-cosmar-intrun-hamam-din-uzbekistan-ce-a-patit-in-timpul-unui-masaj-nu-as-mai-repeta-id1161423.html\" target=\"_blank\" rel=\"nofollow noopener\">EXCLUSIV | Mirela Vaida, experien\u021b\u0103 grea \u00eentr-un hamam din Uzbekistan. Ce a p\u0103\u021bit \u00een timpul unui masaj: \u201eNu a\u0219 mai repeta\u201d<\/a><\/p>\n<p>Via\u021ba sa profesional\u0103 a fost str\u00e2ns legat\u0103 de cea personal\u0103, mai ales prin povestea de dragoste cu actorul Iurie Darie. Cei doi au format unul dintre cuplurile cunoscute ale teatrului \u0219i cinematografiei rom\u00e2ne\u0219ti, iar dup\u0103 moartea acestuia, Anca Pandrea a vorbit \u00een repetate r\u00e2nduri despre dorul pe care l-a purtat so\u021bului s\u0103u.<\/p>\n<p>\u00cen ultimii ani, actri\u021ba s-a confruntat cu insuficien\u021b\u0103 cardiac\u0103 \u0219i pulmonar\u0103 \u0219i a fost dependent\u0103 de oxigen. Moartea sa a l\u0103sat \u00een urm\u0103 triste\u021be \u00een r\u00e2ndul celor apropia\u021bi, dar \u0219i al publicului care a urm\u0103rit-o de-a lungul unei cariere \u00eendelungate.<\/p>\n<p>\t\t\t\t\t\t\t\t\t\t\t\t\t\t<a title=\"Adrian Mutu dezv\u0103luie ceva ce publicul nu \u0219tia despre so\u021bia lui, Sandra\" href=\"https:\/\/a1.ro\/news\/actualitate\/adrian-mutu-dezvaluie-ceva-ce-publicul-nu-stia-despre-sotia-lui-sandra-sa-nascut-id1161462.html?utm_source=antena1&amp;utm_medium=linkuri&amp;utm_campaign=prev\" class=\"stire-prev\" rel=\"nofollow noopener\" target=\"_blank\">Adrian Mutu dezv\u0103luie ceva ce publicul nu \u0219tia despre so\u021bia lui, Sandra&#8230;<\/a><br \/>\n\t\t\t\t\t\t\t\t\t\t\t\t\t\t\t\t<a title=\"Sora Anc\u0103i Pandrea, declara\u021bii emo\u021bionante la \u00eenmorm\u00e2ntarea actri\u021bei. Cum a fost, de fapt, rela\u021bia lor \u00een ultimii ani\" href=\"https:\/\/a1.ro\/news\/actualitate\/sora-ancai-pandrea-declaratii-emotionante-la-inmormantarea-actritei-cum-a-fost-de-fapt-relatia-lor-in-ultimii-ani-id1161497.html?utm_source=antena1&amp;utm_medium=linkuri&amp;utm_campaign=next\" class=\"stire-next\" rel=\"nofollow noopener\" target=\"_blank\">Sora Anc\u0103i Pandrea, declara\u021bii emo\u021bionante la \u00eenmorm\u00e2ntarea actri\u021bei. Cum a fost, de fapt, rela\u021bia lor \u00een ultimii ani&#8230;<\/a><\/p>\n","protected":false},"excerpt":{"rendered":"Anca Pandrea a fost condus\u0103 pe ultimul drum joi, 3 septembrie, la Cimitirul Sf\u00e2nta Vineri din Bucure\u0219ti. El&hellip;\n","protected":false},"author":2,"featured_media":288594,"comment_status":"","ping_status":"","sticky":false,"template":"","format":"standard","meta":{"footnotes":"","_share_on_mastodon":"0"},"categories":[18],"tags":[171,170,41,40,38,39],"class_list":["post-288593","post","type-post","status-publish","format-standard","has-post-thumbnail","category-divertisment","tag-divertisment","tag-entertainment","tag-ro","tag-romana","tag-romania","tag-romanian"],"share_on_mastodon":{"url":"https:\/\/pubeurope.com\/@ro\/117216934838620474","error":""},"_links":{"self":[{"href":"https:\/\/www.europesays.com\/ro\/wp-json\/wp\/v2\/posts\/288593","targetHints":{"allow":["GET"]}}],"collection":[{"href":"https:\/\/www.europesays.com\/ro\/wp-json\/wp\/v2\/posts"}],"about":[{"href":"https:\/\/www.europesays.com\/ro\/wp-json\/wp\/v2\/types\/post"}],"author":[{"embeddable":true,"href":"https:\/\/www.europesays.com\/ro\/wp-json\/wp\/v2\/users\/2"}],"replies":[{"embeddable":true,"href":"https:\/\/www.europesays.com\/ro\/wp-json\/wp\/v2\/comments?post=288593"}],"version-history":[{"count":0,"href":"https:\/\/www.europesays.com\/ro\/wp-json\/wp\/v2\/posts\/288593\/revisions"}],"wp:featuredmedia":[{"embeddable":true,"href":"https:\/\/www.europesays.com\/ro\/wp-json\/wp\/v2\/media\/288594"}],"wp:attachment":[{"href":"https:\/\/www.europesays.com\/ro\/wp-json\/wp\/v2\/media?parent=288593"}],"wp:term":[{"taxonomy":"category","embeddable":true,"href":"https:\/\/www.europesays.com\/ro\/wp-json\/wp\/v2\/categories?post=288593"},{"taxonomy":"post_tag","embeddable":true,"href":"https:\/\/www.europesays.com\/ro\/wp-json\/wp\/v2\/tags?post=288593"}],"curies":[{"name":"wp","href":"https:\/\/api.w.org\/{rel}","templated":true}]}}