{"id":288601,"date":"2026-09-05T06:13:12","date_gmt":"2026-09-05T06:13:12","guid":{"rendered":"https:\/\/www.europesays.com\/ro\/288601\/"},"modified":"2026-09-05T06:13:12","modified_gmt":"2026-09-05T06:13:12","slug":"meghan-markle-i-a-calcat-deja-pe-coada-pe-britanici-cu-ce-porecla-s-a-ales-si-ce-sfaturi-a-primit-la-scurt-timp-dupa-ce-s-a-aflat-de-revenirea-in-uk-nu-sunt-complet-sigur-ca-vom-fi-vreodata","status":"publish","type":"post","link":"https:\/\/www.europesays.com\/ro\/288601\/","title":{"rendered":"Meghan Markle i-a c\u0103lcat deja pe coad\u0103 pe britanici. Cu ce porecl\u0103 s-a ales \u0219i ce sfaturi a primit la scurt timp dup\u0103 ce s-a aflat de revenirea \u00een UK: \u201enu sunt complet sigur c\u0103 vom fi vreodat\u0103 pe gustul lui Meghan\u201d"},"content":{"rendered":"<p>                        <a href=\"https:\/\/www.protv.ro\/autorii\/7-andreea-buinoschi\" class=\"author -image\" rel=\"nofollow noopener\" target=\"_blank\"><\/p>\n<p>                                <img loading=\"lazy\" decoding=\"async\" data- src=\"https:\/\/www.europesays.com\/ro\/wp-content\/uploads\/2026\/09\/1788588792_189_72398a75-e3b8-483c-a13f-761fb186fc5f.jpeg\" width=\"48\" height=\"48\" alt=\"Andreea Buinoschi\" class=\"img-fluid lazyload\"\/><\/p>\n<p>                        <\/a><\/p>\n<p class=\"lead\">\n            Un vecin al Prin\u021bului Harry \u0219i al lui Meghan Markle a avut o reac\u021bie nea\u0219teptat\u0103 c\u00e2nd a auzit de mutarea celor doi \u00een Marea Britanie. Laurence Llewelyn-Bowen, un celebru designer de interior, i-a dat Ducesei de Sussex o porecl\u0103 ironic\u0103, inspirat\u0103 de preferin\u021bele sale \u00een materie de design.\n        <\/p>\n<p><a href=\"https:\/\/www.protv.ro\/articol\/131345-meghan-markle-si-printul-harry-ar-putea-divorta-din-cauza-revenirii-in-marea-britanie-chiar-ducesa-de-sussex-ar-putea-pune-presiune-pe-casnicia-despre-care-se-zvoneste-ca-este-din-ce-in-ce-mai-fragila-isi-pierde-propria-identitate\" target=\"_blank\" rel=\"nofollow noopener\">Prin\u021bul Harry \u0219i Meghan Markle s-au \u00eentors \u00een Marea Britanie<\/a> \u00een urm\u0103 cu o s\u0103pt\u0103m\u00e2n\u0103, dup\u0103 \u0219ase ani \u00een care au locuit \u00een Statele Unite ale Americii. Pentru moment, locul \u00een care s-au mutat cei doi nu a fost confirmat oficial, \u00eens\u0103 Cotswolds este cea mai vehiculat\u0103 variant\u0103.<\/p>\n<p>Meghan Markle a primit o porecl\u0103 de la un vecin din Marea Britanie<\/p>\n<p style=\"font-weight: 400;\">Printre persoanele cunoscute care au locuin\u021be \u00een Cotswolds se num\u0103r\u0103 familia Beckham, Ellen DeGeneres \u0219i Jeremy Clarkson. Laurence Llewelyn-Bowen ar putea fi, de asemenea, unul dintre vecinii lui Harry \u0219i Meghan.<\/p>\n<p>Cite\u0219te \u0219i:<\/p>\n<p>Designerul, cunoscut \u00een Marea Britanie mai ales datorit\u0103 emisiunii \u201dChanging Rooms\u201d, a vorbit despre posibilitatea ca ducii de Sussex s\u0103 ajung\u0103 \u00een zon\u0103 \u0219i nu a ratat ocazia de a face o glum\u0103 pe seama lui Meghan Markle. El a spus c\u0103 i-ar primi cu bra\u021bele deschise \u00een magazinul s\u0103u, mai ales dac\u0103 ar avea nevoie de ajutor \u00een ceea ce prive\u0219te alegerea obiectelor pentru cas\u0103.<\/p>\n<p>Cite\u0219te \u0219i:<\/p>\n<p>\u201eI-a\u0219 primi cu bra\u021bele deschise \u00een magazinul meu Llewelyn Bowen Pattern Emporium, dac\u0103 ar avea vreodat\u0103 nevoie de ajutor cu perne sau perdele. Dar nu sunt complet sigur c\u0103 vom fi vreodat\u0103 pe gustul lui Meghan. Ceea ce facem noi este foarte colorat. Probabil c\u0103 este mult prea interesant pentru Ducesa de Bej, dar putem \u00eencerca. Cu siguran\u021b\u0103, dac\u0103 vrea s\u0103 fie luat\u0103 \u00een serios de doamnele din zon\u0103, s\u0103 aib\u0103 c\u00e2teva perne LLB ar fi cu siguran\u021b\u0103 un pas \u00een direc\u021bia potrivit\u0103\u201d,\u00a0a spus aceasta, conform <a href=\"https:\/\/www.express.co.uk\/news\/royal\/2243469\/prince-harrys-famous-new-neighbour\" target=\"_blank\" rel=\"nofollow noopener\">presei din str\u0103in\u0103tate.<\/a><\/p>\n<p style=\"font-weight: 400;\">Laurence a continuat cu porecla pe care i-a pus-o lui Meghan Markle, \u201dDuchess of Beige\u201d, adic\u0103 \u201eDucesa de Bej\u201d, continu\u00e2nd cu motivul pentru care crede c\u0103 noua via\u021b\u0103 din Cotswolds ar putea veni cu propriile provoc\u0103ri pentru aceasta.<\/p>\n<p style=\"font-weight: 400;\">\u201eCred c\u0103 s-ar putea s\u0103 r\u0103m\u00e2n\u0103. Ducesa de Bej. Jackie (so\u021bia lui) tocmai a spus, de pe scaunul \u0219oferului, c\u0103 \u00eei va fi foarte greu s\u0103 poarte blugi albi \u00een locul \u00een care suntem noi, pentru c\u0103 este foarte mult noroi.\u201d<\/p>\n<p style=\"font-weight: 400;\">Sursa foto: Getty Images<\/p>\n<p>        Embed<\/p>\n<p>\u200b<\/p>\n","protected":false},"excerpt":{"rendered":"Un vecin al Prin\u021bului Harry \u0219i al lui Meghan Markle a avut o reac\u021bie nea\u0219teptat\u0103 c\u00e2nd a auzit&hellip;\n","protected":false},"author":2,"featured_media":288602,"comment_status":"","ping_status":"","sticky":false,"template":"","format":"standard","meta":{"footnotes":"","_share_on_mastodon":"0"},"categories":[18],"tags":[171,170,93,6760,79370,1100,41,40,38,39],"class_list":["post-288601","post","type-post","status-publish","format-standard","has-post-thumbnail","category-divertisment","tag-divertisment","tag-entertainment","tag-marea-britanie","tag-meghan-markle","tag-porecla","tag-printul-harry","tag-ro","tag-romana","tag-romania","tag-romanian"],"share_on_mastodon":{"url":"https:\/\/pubeurope.com\/@ro\/117216962697840065","error":""},"_links":{"self":[{"href":"https:\/\/www.europesays.com\/ro\/wp-json\/wp\/v2\/posts\/288601","targetHints":{"allow":["GET"]}}],"collection":[{"href":"https:\/\/www.europesays.com\/ro\/wp-json\/wp\/v2\/posts"}],"about":[{"href":"https:\/\/www.europesays.com\/ro\/wp-json\/wp\/v2\/types\/post"}],"author":[{"embeddable":true,"href":"https:\/\/www.europesays.com\/ro\/wp-json\/wp\/v2\/users\/2"}],"replies":[{"embeddable":true,"href":"https:\/\/www.europesays.com\/ro\/wp-json\/wp\/v2\/comments?post=288601"}],"version-history":[{"count":0,"href":"https:\/\/www.europesays.com\/ro\/wp-json\/wp\/v2\/posts\/288601\/revisions"}],"wp:featuredmedia":[{"embeddable":true,"href":"https:\/\/www.europesays.com\/ro\/wp-json\/wp\/v2\/media\/288602"}],"wp:attachment":[{"href":"https:\/\/www.europesays.com\/ro\/wp-json\/wp\/v2\/media?parent=288601"}],"wp:term":[{"taxonomy":"category","embeddable":true,"href":"https:\/\/www.europesays.com\/ro\/wp-json\/wp\/v2\/categories?post=288601"},{"taxonomy":"post_tag","embeddable":true,"href":"https:\/\/www.europesays.com\/ro\/wp-json\/wp\/v2\/tags?post=288601"}],"curies":[{"name":"wp","href":"https:\/\/api.w.org\/{rel}","templated":true}]}}