{"id":288617,"date":"2026-09-05T06:27:12","date_gmt":"2026-09-05T06:27:12","guid":{"rendered":"https:\/\/www.europesays.com\/ro\/288617\/"},"modified":"2026-09-05T06:27:12","modified_gmt":"2026-09-05T06:27:12","slug":"vocea-romaniei-concurenta-care-a-intors-scaunele-in-3-secunde-tudor-chirila-a-folosit-super-block","status":"publish","type":"post","link":"https:\/\/www.europesays.com\/ro\/288617\/","title":{"rendered":"Vocea Rom\u00e2niei: Concurenta care a \u00eentors scaunele \u00een 3 secunde. Tudor Chiril\u0103 a folosit \u201esuper-block\u201d"},"content":{"rendered":"<p class=\"wp-block-paragraph\">Vineri sear\u0103 a debutat sezonul 14 al emisiunii \u201eVocea Rom\u00e2niei\u201d la ProTV iar show-ul a oferit momente inedite.<\/p>\n<p class=\"wp-block-paragraph\">Concurenta Francoise Manuel a reu\u0219it s\u0103 \u00eentoarc\u0103 rapid toate cele patru scaune, \u00een doar 3 secunde \u00een prima edi\u021bie din 4 septembrie, potrivit <a href=\"https:\/\/www.protv.ro\/emisiuni\/vocea-romaniei\/articol\/131521-batalia-serii-s-a-dat-pentru-francoise-manuel-concurenta-care-a-intors-scaunele-in-doar-3-secunde-tudor-chirila-a-dat-primul-super-block-al-acestui-sezon-esti-genul-de-moment-care-poate-sa-defineasca-sezonul-asta-vocea-romaniei-4-septembrie-2026\" target=\"_blank\" rel=\"noreferrer noopener nofollow\">ProTv.<\/a><\/p>\n<p class=\"wp-block-paragraph\">To\u021bi jura\u021bii au fost \u00eenc\u00e2nta\u021bi de presta\u021biei tinerei n\u0103scute \u00een Republica Moldova.<\/p>\n<p class=\"wp-block-paragraph\">\u201eToat\u0103 lumea care s-a uitat la edi\u021bia asta se \u00eentreab\u0103 ce pies\u0103 va fi urm\u0103toarea. S\u0103 faci o pies\u0103 mai bun\u0103 ca asta e ceva ce nu s-a prea v\u0103zut la \u201eVocea Rom\u00e2niei\u201d. Pot s\u0103 fiu eu \u0103la care s\u0103 aleag\u0103 piesa cu care te-ai dep\u0103\u0219it\u201d, a spus Tudor Chiril\u0103.<\/p>\n<p class=\"wp-block-paragraph\">Francoise Manuel tr\u0103ie\u0219te de la 11 ani \u00een Italia \u0219i a renun\u021bat la jobul s\u0103u de chelneri\u021b\u0103 pentru a ajunge la emisiune. A studiat de mic\u0103 muzica, \u00eens\u0103 nu a reu\u0219it s\u0103 termine a\u0219a cum \u0219i-ar fi dorit, fiind nevoit\u0103 s\u0103 lucreze.<\/p>\n<p>            Cite\u0219te \u0219i<\/p>\n<p>                                    <a href=\"https:\/\/hotnews.ro\/vocea-romaniei-a-inceput-irina-rimes-anunta-motivul-pentru-care-pleaca-din-emisiune-dupa-8-ani-daca-tot-e-vorba-de-sinceritate-2341609?utm_source=hotnews.ro&amp;utm_medium=article_single&amp;utm_campaign=block_recommended_articles\" class=\"absolute inset-0 z-0 indent-[100%] whitespace-nowrap overflow-hidden\" tabindex=\"-1\" rel=\"nofollow noopener\" target=\"_blank\">Vocea Rom\u00e2niei a \u00eenceput. Irina Rimes anun\u021b\u0103 motivul pentru care pleac\u0103 din emisiune, dup\u0103 8 ani: \u201eDac\u0103 tot e vorba de sinceritate\u201d<\/a><\/p>\n<p>                                                    <a href=\"https:\/\/hotnews.ro\/vocea-romaniei-a-inceput-irina-rimes-anunta-motivul-pentru-care-pleaca-din-emisiune-dupa-8-ani-daca-tot-e-vorba-de-sinceritate-2341609?utm_source=hotnews.ro&amp;utm_medium=article_single&amp;utm_campaign=block_recommended_articles\" class=\"hover:underline text-inherit no-underline font-inherit\" rel=\"nofollow noopener\" target=\"_blank\">Vocea Rom\u00e2niei a \u00eenceput. Irina Rimes anun\u021b\u0103 motivul pentru care pleac\u0103 din emisiune, dup\u0103 8 ani: \u201eDac\u0103 tot e vorba de sinceritate\u201d<\/a><\/p>\n<p>                                                    <a href=\"https:\/\/hotnews.ro\/vocea-romaniei-a-inceput-irina-rimes-anunta-motivul-pentru-care-pleaca-din-emisiune-dupa-8-ani-daca-tot-e-vorba-de-sinceritate-2341609?utm_source=hotnews.ro&amp;utm_medium=article_single&amp;utm_campaign=block_recommended_articles\" class=\"block w-full h-full\" tabindex=\"-1\" rel=\"nofollow noopener\" target=\"_blank\"><br \/>\n                                <img decoding=\"async\" width=\"300\" height=\"208\" src=\"https:\/\/www.europesays.com\/ro\/wp-content\/uploads\/2026\/09\/1788589632_116_764719651_1025772273527786_3288739752763720693_n.jpg\" class=\"w-full h-full object-cover wp-post-image\" alt=\"\" loading=\"lazy\"  \/><br \/>\n                            <\/a><\/p>\n<p class=\"wp-block-paragraph\">A c\u00e2ntat \u00een trupe, a lucrat ca pianist\u0103 \u00een industria hotelier\u0103 \u0219i a reu\u0219it s\u0103 tr\u0103iasc\u0103 din muzic\u0103 timp de aproximativ un deceniu.<\/p>\n<p class=\"wp-block-paragraph\">Convins de calit\u0103\u021bile ei vocale, Tudor Chiril\u0103 a \u00eencercat s\u0103 \u00ee\u0219i creasc\u0103 \u0219ansele de c\u00e2\u0219tig folosind butonul \u201esuper-block\u201d, o metod\u0103 pe care jura\u021bii o pot folosi o singur\u0103 dat\u0103 \u00een timpul audi\u021biilor pe nev\u0103zute pentru a bloca un coleg s\u0103 ia un concurent.<\/p>\n<p class=\"wp-block-paragraph\">Astfel, Irina Rimes a fost blocat\u0103 de Chiril\u0103 \u0219i nu a mai putut s\u0103 o ia \u00een echip\u0103.<\/p>\n<p class=\"wp-block-paragraph\">Francoise Manuel a ales, \u00een cele din urm\u0103, s\u0103 fac\u0103 parte din echipa lui Tudor Chiril\u0103.<\/p>\n","protected":false},"excerpt":{"rendered":"Vineri sear\u0103 a debutat sezonul 14 al emisiunii \u201eVocea Rom\u00e2niei\u201d la ProTV iar show-ul a oferit momente inedite.&hellip;\n","protected":false},"author":2,"featured_media":288618,"comment_status":"","ping_status":"","sticky":false,"template":"","format":"standard","meta":{"footnotes":"","_share_on_mastodon":"0"},"categories":[18],"tags":[171,170,41,40,38,39],"class_list":["post-288617","post","type-post","status-publish","format-standard","has-post-thumbnail","category-divertisment","tag-divertisment","tag-entertainment","tag-ro","tag-romana","tag-romania","tag-romanian"],"share_on_mastodon":{"url":"https:\/\/pubeurope.com\/@ro\/117217018119342127","error":""},"_links":{"self":[{"href":"https:\/\/www.europesays.com\/ro\/wp-json\/wp\/v2\/posts\/288617","targetHints":{"allow":["GET"]}}],"collection":[{"href":"https:\/\/www.europesays.com\/ro\/wp-json\/wp\/v2\/posts"}],"about":[{"href":"https:\/\/www.europesays.com\/ro\/wp-json\/wp\/v2\/types\/post"}],"author":[{"embeddable":true,"href":"https:\/\/www.europesays.com\/ro\/wp-json\/wp\/v2\/users\/2"}],"replies":[{"embeddable":true,"href":"https:\/\/www.europesays.com\/ro\/wp-json\/wp\/v2\/comments?post=288617"}],"version-history":[{"count":0,"href":"https:\/\/www.europesays.com\/ro\/wp-json\/wp\/v2\/posts\/288617\/revisions"}],"wp:featuredmedia":[{"embeddable":true,"href":"https:\/\/www.europesays.com\/ro\/wp-json\/wp\/v2\/media\/288618"}],"wp:attachment":[{"href":"https:\/\/www.europesays.com\/ro\/wp-json\/wp\/v2\/media?parent=288617"}],"wp:term":[{"taxonomy":"category","embeddable":true,"href":"https:\/\/www.europesays.com\/ro\/wp-json\/wp\/v2\/categories?post=288617"},{"taxonomy":"post_tag","embeddable":true,"href":"https:\/\/www.europesays.com\/ro\/wp-json\/wp\/v2\/tags?post=288617"}],"curies":[{"name":"wp","href":"https:\/\/api.w.org\/{rel}","templated":true}]}}