{"id":288645,"date":"2026-09-05T06:56:09","date_gmt":"2026-09-05T06:56:09","guid":{"rendered":"https:\/\/www.europesays.com\/ro\/288645\/"},"modified":"2026-09-05T06:56:09","modified_gmt":"2026-09-05T06:56:09","slug":"xiaomi-smart-band-11-debuteaza-cu-amoled-de-2-000-niti-si-autonomie-de-21-zile-cat-va-costa-local","status":"publish","type":"post","link":"https:\/\/www.europesays.com\/ro\/288645\/","title":{"rendered":"Xiaomi Smart Band 11 debuteaz\u0103 cu AMOLED de 2.000 ni\u021bi \u0219i autonomie de 21 zile; C\u00e2t va costa local?"},"content":{"rendered":"<p><a href=\"https:\/\/www.mobilissimo.ro\/stiri-despre\/Xiaomi\" rel=\"nofollow noopener\" target=\"_blank\">Xiaomi<\/a> a prezentat oficial \u00een China noua <a href=\"https:\/\/www.mobilissimo.ro\/stiri-ceasuri-inteligente\/xiaomi-smart-band-11-face-primul-pas-spre-lansare-bratara-a-primit-certificarea-dar-bateria-ramane-neschimbata\" rel=\"nofollow noopener\" target=\"_blank\">Smart Band 11<\/a>, genera\u021bia 2026 a popularei sale br\u0103\u021b\u0103ri de fitness. Modelul aduce un design mai sub\u021bire, un ecran considerabil mai luminos \u0219i func\u021bii \u00eembun\u0103t\u0103\u021bite pentru monitorizarea s\u0103n\u0103t\u0103\u021bii \u0219i somnului. \u00cen partea frontal\u0103 g\u0103sim un display AMOLED de 1.72 inch, capabil s\u0103 ating\u0103 o luminozitate maxim\u0103 de 2.000 ni\u021bi, cu margini de numai 2 mm. Corpul curbat m\u0103soar\u0103 doar 9,99 mm grosime, iar cea mai u\u0219oar\u0103 configura\u021bie c\u00e2nt\u0103re\u0219te 15,58 grame. Xiaomi ofer\u0103 inclusiv variante cu finisaje \u0219i curele din metal sau ceramic\u0103, iar certificarea 5ATM permite folosirea br\u0103\u021b\u0103rii la \u00eenot.<\/p>\n<p style=\"text-align:center\"><a href=\"https:\/\/www.europesays.com\/ro\/wp-content\/uploads\/2026\/09\/image1(11).jpg\" target=\"_blank\"><img decoding=\"async\" alt=\"Smart Band 11\" src=\"https:\/\/www.europesays.com\/ro\/wp-content\/uploads\/2026\/09\/image1(11).jpg\" style=\"height:328px; width:592px\"\/><\/a><\/p>\n<p>Smart Band 11 continu\u0103 s\u0103 pun\u0103 accentul pe s\u0103n\u0103tate, monitoriz\u00e2nd permanent pulsul, nivelul de oxigen din s\u00e2nge (SpO2) \u0219i stresul. Sunt disponibile \u0219i func\u021bii dedicate s\u0103n\u0103t\u0103\u021bii feminine, \u00eens\u0103 una dintre nout\u0103\u021bile importante este sistemul mai avansat de analiz\u0103 a somnului. Br\u0103\u021bara poate urm\u0103ri acum HRV-ul (variabilitatea ritmului cardiac) \u0219i folose\u0219te AI pentru a interpreta datele \u0219i a oferi informa\u021bii despre calitatea odihnei. Pentru sport avem peste 150 de moduri de antrenament, acoperind activit\u0103\u021bi indoor \u0219i outdoor.<\/p>\n<p style=\"text-align:center\"><a href=\"https:\/\/www.europesays.com\/ro\/wp-content\/uploads\/2026\/09\/image3(4).jpg\" target=\"_blank\"><img decoding=\"async\" alt=\"Smart Band 11\" src=\"https:\/\/www.europesays.com\/ro\/wp-content\/uploads\/2026\/09\/image3(4).jpg\" style=\"height:315px; width:592px\"\/><\/a><\/p>\n<p>Un alt punct forte r\u0103m\u00e2ne autonomia, Xiaomi promi\u021b\u00e2nd p\u00e2n\u0103 la 21 de zile \u00eentre \u00eenc\u0103rc\u0103ri, \u00een func\u021bie de modul de utilizare. Exist\u0103 \u0219i o versiune cu NFC, util\u0103 pentru pl\u0103\u021bi contactless \u0219i carduri digitale de acces \u00een pie\u021bele unde aceste servicii sunt suportate. Smart Band 11 ruleaz\u0103 Xiaomi HyperOS 4, func\u021bioneaz\u0103 at\u00e2t cu telefoane Android, c\u00e2t \u0219i cu iPhone \u0219i ofer\u0103 func\u021biile obi\u0219nuite precum afi\u0219area notific\u0103rilor, controlul muzicii de pe smartphone \u0219i o selec\u021bie generoas\u0103 de watch face-uri personalizabile.<\/p>\n<p>\u00cen China, Xiaomi Smart Band 11 porne\u0219te de la 289 yuani, aproximativ 194 lei, \u00een vreme ce varianta cu NFC cost\u0103 339 yuani, adic\u0103 aproximativ 228 lei. Pentru edi\u021biile cu finisaj Ceramic \u0219i Metal, pre\u021bul ajunge la 399 yuani, circa 268 lei. Conversiile sunt directe \u0219i nu reprezint\u0103 viitoarele pre\u021buri pentru Europa, unde taxele \u0219i politica regional\u0103 Xiaomi le-ar putea \u00eempinge mai sus.<\/p>\n<p>Rezerv\u0103rile sunt deja deschise \u00een China, \u00eens\u0103 produc\u0103torul nu a anun\u021bat deocamdat\u0103 c\u00e2nd va ajunge Smart Band 11 pe pia\u021ba interna\u021bional\u0103.<\/p>\n","protected":false},"excerpt":{"rendered":"Xiaomi a prezentat oficial \u00een China noua Smart Band 11, genera\u021bia 2026 a popularei sale br\u0103\u021b\u0103ri de fitness.&hellip;\n","protected":false},"author":2,"featured_media":288646,"comment_status":"","ping_status":"","sticky":false,"template":"","format":"standard","meta":{"footnotes":"","_share_on_mastodon":"0"},"categories":[16],"tags":[274,22219,13569,1866,76681,79382,44889,41,40,38,39,3651,141,124,169,63633],"class_list":["post-288645","post","type-post","status-publish","format-standard","has-post-thumbnail","category-tehnologie","tag-android","tag-bratara-fitness","tag-hyperos","tag-ios","tag-monitorizare-sanatate","tag-monitorizare-somn","tag-nfc","tag-ro","tag-romana","tag-romania","tag-romanian","tag-smartwatch","tag-technology","tag-tehnologie","tag-xiaomi","tag-xiaomi-smart-band-11"],"share_on_mastodon":{"url":"https:\/\/pubeurope.com\/@ro\/117217132149972855","error":""},"_links":{"self":[{"href":"https:\/\/www.europesays.com\/ro\/wp-json\/wp\/v2\/posts\/288645","targetHints":{"allow":["GET"]}}],"collection":[{"href":"https:\/\/www.europesays.com\/ro\/wp-json\/wp\/v2\/posts"}],"about":[{"href":"https:\/\/www.europesays.com\/ro\/wp-json\/wp\/v2\/types\/post"}],"author":[{"embeddable":true,"href":"https:\/\/www.europesays.com\/ro\/wp-json\/wp\/v2\/users\/2"}],"replies":[{"embeddable":true,"href":"https:\/\/www.europesays.com\/ro\/wp-json\/wp\/v2\/comments?post=288645"}],"version-history":[{"count":0,"href":"https:\/\/www.europesays.com\/ro\/wp-json\/wp\/v2\/posts\/288645\/revisions"}],"wp:featuredmedia":[{"embeddable":true,"href":"https:\/\/www.europesays.com\/ro\/wp-json\/wp\/v2\/media\/288646"}],"wp:attachment":[{"href":"https:\/\/www.europesays.com\/ro\/wp-json\/wp\/v2\/media?parent=288645"}],"wp:term":[{"taxonomy":"category","embeddable":true,"href":"https:\/\/www.europesays.com\/ro\/wp-json\/wp\/v2\/categories?post=288645"},{"taxonomy":"post_tag","embeddable":true,"href":"https:\/\/www.europesays.com\/ro\/wp-json\/wp\/v2\/tags?post=288645"}],"curies":[{"name":"wp","href":"https:\/\/api.w.org\/{rel}","templated":true}]}}