{"id":288669,"date":"2026-09-05T07:28:10","date_gmt":"2026-09-05T07:28:10","guid":{"rendered":"https:\/\/www.europesays.com\/ro\/288669\/"},"modified":"2026-09-05T07:28:10","modified_gmt":"2026-09-05T07:28:10","slug":"scandal-urias-la-betis-real-madrid-dupa-penalty-ul-ratat-de-mbappe-specialistul-s-a-pronuntat","status":"publish","type":"post","link":"https:\/\/www.europesays.com\/ro\/288669\/","title":{"rendered":"Scandal uria\u0219 la Betis \u2013 Real Madrid, dup\u0103 penalty-ul ratat de Mbappe! Specialistul s-a pronun\u021bat"},"content":{"rendered":"\n<ul class=\"bullets\">\n<li>\n<p>SuperLiga: Dinamo &#8211; FCSB, s\u00e2mb\u0103t\u0103, 20:30, DGS 1<\/p>\n<\/li>\n<li>\n<p>SuperLiga: UTA &#8211; Csikszereda, s\u00e2mb\u0103t\u0103, 17:30, DGS 1<\/p>\n<\/li>\n<\/ul>\n<p>Chiar dac\u0103 \u201dGalacticii\u201d au avut un xG (procentaj de goluri a\u0219teptate) de 3,46, nu au reu\u0219it s\u0103 \u00eenscrie nici m\u0103car o dat\u0103. Vinicius Junior, Dean Huijsen \u0219i Kylian Mbappe s-au \u00eentrecut \u00een rat\u0103ri, iar cel din urm\u0103 a irosit \u0219i un penalty.<\/p>\n<p>Totul s-a petrecut \u00een minutul 90+4, c\u00e2nd francezul a executat aproape lamentabil, f\u0103r\u0103 prea mult\u0103 for\u021b\u0103 \u0219i la semi\u00een\u0103l\u021bime, permi\u021b\u00e2ndu-i lui Alvaro Valles s\u0103 resping\u0103. Numai c\u0103 dup\u0103 s-a declan\u0219at un imens scandal!<\/p>\n<p>Scandal uria\u0219 la penalty-ul ratat de Mbappe \u00een Betis &#8211; Real Madrid, cauzat de respingerea lui Marc Bartra<\/p>\n<p>Mingea a revenit \u00een zona careului de \u0219ase metri, iar de acolo Mbappe nu a mai putut face nimic, deoarece Marc Bartra a venit rapid din spate \u0219i a respins \u00een corner. De\u0219i fanii madrilenilor erau \u00eencrez\u0103tori c\u0103 lovitura se va repeta \u0219i decarul de pe \u201dBernabeu\u201d va avea \u0219ansa s\u0103 se revan\u0219eze, nu s-a \u00eent\u00e2mplat asta.<\/p>\n<p>Bartra avea un picior \u00een afara careului, iar cu cel\u0103lalt se afla \u00een aer. Cum nu a atins solul, arbitrul Hernandez Hernandez \u0219i cei afla\u021bi \u00een camera VAR au men\u021binut decizia ini\u021bial\u0103, corner, ceea ce a dat na\u0219tere unor proteste vehemente din partea celor de la Real Madrid.<\/p>\n<p>Contactat de jurnali\u0219tii de la <a href=\"https:\/\/as.com\/futbol\/primera\/las-polemicas-de-la-jornada-4-de-laliga-ea-sports-todos-los-penaltis-expulsiones-y-jugadas-controvertidas-f202609-n\/\" target=\"_blank\" rel=\"noopener nofollow\" data-skip-linkfix=\"1\">AS<\/a> pentru a discuta despre faza respectiv\u0103, Iturralde Gonzalez, fost arbitru \u0219i \u00een prezent analist, a declarat c\u0103 exist\u0103 o formulare confuz\u0103 \u00een regulament, dar din interpretarea sa ar fi trebuit ca penalty-ul s\u0103 fie repetat:<\/p>\n<p>\u201dTextul vorbe\u0219te despre pozi\u021bia unui juc\u0103tor la o reluare a jocului \u0219i explic\u0103 faptul c\u0103, dac\u0103 juc\u0103torul se afl\u0103 \u00een aer, pozi\u021bia sa este determinat\u0103 de pozi\u021bia proiectat\u0103 a picioarelor sale, dac\u0103 acestea ar atinge solul. Cu alte cuvinte, este o formulare care las\u0103 loc interpret\u0103rii.<\/p>\n<p>Comitetul Tehnic al Arbitrilor va considera c\u0103 juc\u0103torul nu se afl\u0103 \u00een aer deoarece are un picior pe sol, \u00een afara careului, chiar dac\u0103 ulterior \u00eentregul corp \u0219i cel\u0103lalt picior se afl\u0103 \u00een interior. A\u0219a va interpreta CTA aceast\u0103 regul\u0103.<\/p>\n<p>Eu o interpretez astfel: dac\u0103 am corpul \u00een interiorul careului \u0219i m\u0103 aflu \u00een aer, chiar dac\u0103 am un picior pe sol, iar \u00eentregul corp este \u00een aer, pozi\u021bia proiectat\u0103 a celuilalt picior este cea care stabile\u0219te c\u0103 am intrat \u00een careu.<\/p>\n<p>CTA este cel care, mar\u021bi, va spune c\u0103 este corect s\u0103 nu se repete lovitura de pedeaps\u0103. Dar, dac\u0103 cite\u0219ti regula, aceasta ridic\u0103 foarte multe semne de \u00eentrebare. Totul depinde de interpretarea pe care alegi s\u0103 i-o dai&#8230;\u201d<\/p>\n<p>Cum este <a href=\"https:\/\/x.com\/TheIFAB\/status\/2070129888053658011?ref_src=twsrc%5Etfw%7Ctwcamp%5Etweetembed%7Ctwterm%5E2070129888053658011%7Ctwgr%5E90bcc91a266508f3a437165abb4e601e7993349a%7Ctwcon%5Es1_&amp;ref_url=https%3A%2F%2Fwww.marca.com%2Ffutbol%2Freal-madrid%2F2026%2F09%2F05%2Fdice-norma-sobre-infraccion-encroachment-cuenta-proyecciones.html\" target=\"_blank\" rel=\"noopener nofollow\" data-skip-linkfix=\"1\">formulat\u0103 regula<\/a> de c\u0103tre IFAB (International Football Association Board), organism care guverneaz\u0103 Legile Jocului:<\/p>\n<p>\u201dDac\u0103 un juc\u0103tor se afl\u0103 \u00een aer \u00een momentul unei relu\u0103ri a jocului (de exemplu, la o lovitur\u0103 de pedeaps\u0103), pozi\u021bia sa este determinat\u0103 acum pe baza pozi\u021biei proiectate a picioarelor sale, ca \u0219i cum acestea ar fi atins solul. Termenul &#8216;\u00een aer&#8217; se aplic\u0103 doar atunci c\u00e2nd \u00eentregul corp al juc\u0103torului se afl\u0103 deasupra solului.<\/p>\n<p>\u00cen celelalte situa\u021bii, pozi\u021bia unui juc\u0103tor la reluarea jocului este determinat\u0103 de pozi\u021bia picioarelor sale sau a oric\u0103rei p\u0103r\u021bi a corpului care atinge solul (cu excep\u021bia situa\u021biilor prev\u0103zute \u00een Legea 11 \u2013 Ofsaid)\u201d<\/p>\n<p>De altfel, reprezentan\u021bi ai Comisiei Tehnice a Arbitrilor din Spania, contacta\u021bi de <a href=\"https:\/\/x.com\/partidazocope\/status\/2096005947881648409\" target=\"_blank\" rel=\"noopener nofollow\" data-skip-linkfix=\"1\">jurnali\u0219tii de la COPE<\/a>, au transmis c\u0103 decizia de la penalty-ul lui Mbappe a fost una corect\u0103: \u201dEi spun c\u0103 Bartra a avut un singur picior \u00een afara careului, iar pe cel\u0103lalt \u00een aer\u201d<\/p>\n<p>Anterior, Real Madrid bifase doar victorii \u00een actuala stagiune din La Liga: 2-1 cu Espanyol,\u00a0<a href=\"https:\/\/www.digisport.ro\/fotbal\/la-liga\/real-madrid-real-sociedad-4-1-mbappe-hat-trick-si-vinicius-au-marcat-startul-perfect-al-galacticilor-pe-bernabeu-4451069\" target=\"_blank\" rel=\"noopener nofollow\" data-skip-linkfix=\"1\">4-1 cu Real Sociedad<\/a>\u00a0\u0219i\u00a0<a href=\"https:\/\/www.digisport.ro\/fotbal\/la-liga\/real-madrid-malaga-4-0-galacticii-au-facut-spectacol-pe-bernabeu-in-etapa-a-3-a-din-la-liga-4458117\" target=\"_blank\" rel=\"noopener nofollow\" data-skip-linkfix=\"1\">4-0 cu Malaga<\/a>.<\/p>\n<ul>\n<li>Madrilenii au, \u00een prezent, 9 puncte \u00een clasamentul din Spania.<\/li>\n<\/ul>\n<p>VIDEO cu penalty-ul ratat de Kylian Mbappe \u0219i respins ulterior de Bartra, \u00een Betis &#8211; Real Madrid 1-0Penalty ratat Mbappe minutul 90+4 la Betis &#8211; Real Madrid, \u00een etapa a 4-a din La LigaVIDEO rezumat Betis &#8211; Real Madrid 1-0VIDEO Rezumat Betis &#8211; Real Madrid, scor 1-0, \u00een etapa a 4-a din La Liga   <\/p>\n<p>  Etichete:  <a href=\"https:\/\/www.digisport.ro\/eticheta\/penalty\" rel=\"nofollow noopener\" target=\"_blank\">penalty<\/a> , <a href=\"https:\/\/www.digisport.ro\/eticheta\/scandal\" rel=\"nofollow noopener\" target=\"_blank\">scandal<\/a> , <a href=\"https:\/\/www.digisport.ro\/eticheta\/betis\" rel=\"nofollow noopener\" target=\"_blank\">betis<\/a> , <a href=\"https:\/\/www.digisport.ro\/eticheta\/controversa\" rel=\"nofollow noopener\" target=\"_blank\">controversa<\/a> , <a href=\"https:\/\/www.digisport.ro\/eticheta\/betis-real-madrid\" rel=\"nofollow noopener\" target=\"_blank\">betis real madrid<\/a> , <a href=\"https:\/\/www.digisport.ro\/eticheta\/kylian-mbappe\" rel=\"nofollow noopener\" target=\"_blank\">kylian mbappe<\/a>   <\/p>\n<p>Urm\u0103re\u0219te \u0219tirile digisport.ro \u0219i pe <a href=\"https:\/\/news.google.com\/publications\/CAAiENr1L9HFNMG5hpp5zTfVtpsqFAgKIhDa9S_RxTTBuYaaec031bab?ceid=RO:ro&amp;oc=3\" target=\"_blank\" rel=\"external nofollow noopener\">Google News<\/a><\/p>\n<p>   Noua Aplica\u0163ie Digi Sport poate fi desc\u0103rcat\u0103 din   <\/p>\n","protected":false},"excerpt":{"rendered":"SuperLiga: Dinamo &#8211; FCSB, s\u00e2mb\u0103t\u0103, 20:30, DGS 1 SuperLiga: UTA &#8211; Csikszereda, s\u00e2mb\u0103t\u0103, 17:30, DGS 1 Chiar dac\u0103&hellip;\n","protected":false},"author":2,"featured_media":288670,"comment_status":"","ping_status":"","sticky":false,"template":"","format":"standard","meta":{"footnotes":"","_share_on_mastodon":"0"},"categories":[5],"tags":[22652,79386,32,33,31,1690,36,37,27,963,34,35,25,832,41,40,38,39,326,26,28,29,30],"class_list":["post-288669","post","type-post","status-publish","format-standard","has-post-thumbnail","category-titluri","tag-betis","tag-betis-real-madrid","tag-breaking-news","tag-breakingnews","tag-cele-mai-populare-subiecte","tag-controversa","tag-featured-news","tag-featurednews","tag-headlines","tag-kylian-mbappe","tag-latest-news","tag-latestnews","tag-news","tag-penalty","tag-ro","tag-romana","tag-romania","tag-romanian","tag-scandal","tag-stiri","tag-titluri","tag-top-stories","tag-topstories"],"share_on_mastodon":{"url":"https:\/\/pubeurope.com\/@ro\/117217257223186941","error":""},"_links":{"self":[{"href":"https:\/\/www.europesays.com\/ro\/wp-json\/wp\/v2\/posts\/288669","targetHints":{"allow":["GET"]}}],"collection":[{"href":"https:\/\/www.europesays.com\/ro\/wp-json\/wp\/v2\/posts"}],"about":[{"href":"https:\/\/www.europesays.com\/ro\/wp-json\/wp\/v2\/types\/post"}],"author":[{"embeddable":true,"href":"https:\/\/www.europesays.com\/ro\/wp-json\/wp\/v2\/users\/2"}],"replies":[{"embeddable":true,"href":"https:\/\/www.europesays.com\/ro\/wp-json\/wp\/v2\/comments?post=288669"}],"version-history":[{"count":0,"href":"https:\/\/www.europesays.com\/ro\/wp-json\/wp\/v2\/posts\/288669\/revisions"}],"wp:featuredmedia":[{"embeddable":true,"href":"https:\/\/www.europesays.com\/ro\/wp-json\/wp\/v2\/media\/288670"}],"wp:attachment":[{"href":"https:\/\/www.europesays.com\/ro\/wp-json\/wp\/v2\/media?parent=288669"}],"wp:term":[{"taxonomy":"category","embeddable":true,"href":"https:\/\/www.europesays.com\/ro\/wp-json\/wp\/v2\/categories?post=288669"},{"taxonomy":"post_tag","embeddable":true,"href":"https:\/\/www.europesays.com\/ro\/wp-json\/wp\/v2\/tags?post=288669"}],"curies":[{"name":"wp","href":"https:\/\/api.w.org\/{rel}","templated":true}]}}