{"id":288683,"date":"2026-09-05T07:44:13","date_gmt":"2026-09-05T07:44:13","guid":{"rendered":"https:\/\/www.europesays.com\/ro\/288683\/"},"modified":"2026-09-05T07:44:13","modified_gmt":"2026-09-05T07:44:13","slug":"mihai-margineanu-nu-exista-oameni-mai-bolnavi-la-cap-decat-aia-care-posteaza-in-fiecare-zi-in-social-media-video","status":"publish","type":"post","link":"https:\/\/www.europesays.com\/ro\/288683\/","title":{"rendered":"Mihai M\u0103rgineanu: \u201eNu exist\u0103 oameni mai bolnavi la cap dec\u00e2t \u0103ia care posteaz\u0103 \u00een fiecare zi \u00een social media\u201d VIDEO"},"content":{"rendered":"<p>Sambata, 05 Septembrie 2026, ora 09:00<\/p>\n<p>437 citiri<\/p>\n<p><a class=\"news__image\" data-href=\"https:\/\/s2.ziareromania.ro\/?mmid=7f40756b2af2890e1c\" data-size=\"684x459\" title=\"Mihai M\u0103rgineanu: \u201eNu exist\u0103 oameni mai bolnavi la cap dec\u00e2t \u0103ia care posteaz\u0103 \u00een fiecare zi \u00een social media\u201d VIDEO\"><img decoding=\"async\" src=\"https:\/\/www.europesays.com\/ro\/wp-content\/uploads\/2026\/09\/Mihai-M--rgineanu-----Nu-exist---oameni-mai-bolnavi-la-cap-dec--t---ia-care-posteaz-----n-fiecare-zi.jpeg\" alt=\"Mihai M\u0103rgineanu: \u201eNu exist\u0103 oameni mai bolnavi la cap dec\u00e2t \u0103ia care posteaz\u0103 \u00een fiecare zi \u00een social media\u201d VIDEO\" title=\"Mihai M\u0103rgineanu: \u201eNu exist\u0103 oameni mai bolnavi la cap dec\u00e2t \u0103ia care posteaz\u0103 \u00een fiecare zi \u00een social media\u201d VIDEO\" class=\"img-responsive\"\/><\/a><\/p>\n<p>Mihai Margineanu, interviu pentru Gojira, captur\u0103 video YouTube (Happy Fish)<\/p>\n<p>Prezentarea aspectelor personale din via\u021b\u0103, \u201e\u00een fiecare zi\u201d pe internet, este \u201eboal\u0103 curat\u0103\u201d, consider\u0103 Mihai M\u0103rgineanu.<\/p>\n<p>De cur\u00e2nd, \u00een podcastul lui Gojira, c\u00e2nt\u0103re\u021bul a vorbit despre obsesia oamenilor de a distribui pe internet experien\u021be personale. Din perspectiva lui M\u0103rgineanu, cei care posteaz\u0103 obsesiv pe internet sunt \u0219i cei cu mari traume.<\/p>\n<p>\u201eB\u0103, nu exist\u0103 oameni mai bolnavi la cap dec\u00e2t \u0103ia care posteaz\u0103 \u00een fiecare zi pe Instagram sau pe <a href=\"https:\/\/ziare.com\/facebook\/\" title=\"Facebook\" rel=\"nofollow noopener\" target=\"_blank\">Facebook<\/a> s\u0103 arate ce fac, unde sunt, c\u00e2t de bine sunt. Nu exist\u0103 oameni mai distru\u0219i la cap, mai plini de terapii, se duc to\u021bi la terapii s\u0103 se fac\u0103 bine, nu \u0219tiu de ce. A ap\u0103rut o concuren\u021b\u0103 fals\u0103 \u00eentre tine \u0219i imaginea de pe re\u021belele de socializare. Este boal\u0103 curat\u0103\u201d, a declarat Mihai M\u0103rgineanu.<\/p>\n<p>Artistul se afl\u0103 \u00een conflict cu Florin Chilian, care l-a acuzat pe Mihai M\u0103rgineanu c\u0103 marile sale \u201ehituri\u201d nu sunt crea\u021bii originale.<\/p>\n<p>\u201eC\u00e2nt de 20 de ani pe scen\u0103 \u0219i, \u00een aproape 1.200 de concerte, zeci sau sute de interviuri \u0219i apari\u021bii, am sus\u021binut sus \u0219i tare c\u0103 piesele mele sunt adapt\u0103ri dup\u0103 folclorul rom\u00e2nesc, \u021big\u0103nesc, urban \u0219i <a href=\"https:\/\/ziare.com\/social\/rural\/\" title=\"rural\" rel=\"nofollow noopener\" target=\"_blank\">rural<\/a>. Sunt mul\u021bumit c\u0103 pot interpreta folclor, c\u0103 umplu s\u0103li al\u0103turi de trupa mea de arti\u0219ti \u0219i muzicieni veritabili, cu care c\u00e2nt \u00een aceea\u0219i echip\u0103 de peste 18 ani\u201d, a explicat Mihai M\u0103rgineanu.<\/p>\n<p>\u021ai-a pl\u0103cut articolul?<\/p>\n<p> Vrem s\u0103 producem mai multe, \u00eens\u0103 avem nevoie de sus\u021binerea ta. Orice dona\u021bie conteaz\u0103 pentru jurnalismul independent <\/p>\n","protected":false},"excerpt":{"rendered":"Sambata, 05 Septembrie 2026, ora 09:00 437 citiri Mihai Margineanu, interviu pentru Gojira, captur\u0103 video YouTube (Happy Fish)&hellip;\n","protected":false},"author":2,"featured_media":288684,"comment_status":"","ping_status":"","sticky":false,"template":"","format":"standard","meta":{"footnotes":"","_share_on_mastodon":"0"},"categories":[18],"tags":[67135,171,170,51233,41,40,38,39,18529,12415],"class_list":["post-288683","post","type-post","status-publish","format-standard","has-post-thumbnail","category-divertisment","tag-dependenta-internet","tag-divertisment","tag-entertainment","tag-mihai-margineanu","tag-ro","tag-romana","tag-romania","tag-romanian","tag-social-media","tag-terapie"],"share_on_mastodon":{"url":"https:\/\/pubeurope.com\/@ro\/117217320438618930","error":""},"_links":{"self":[{"href":"https:\/\/www.europesays.com\/ro\/wp-json\/wp\/v2\/posts\/288683","targetHints":{"allow":["GET"]}}],"collection":[{"href":"https:\/\/www.europesays.com\/ro\/wp-json\/wp\/v2\/posts"}],"about":[{"href":"https:\/\/www.europesays.com\/ro\/wp-json\/wp\/v2\/types\/post"}],"author":[{"embeddable":true,"href":"https:\/\/www.europesays.com\/ro\/wp-json\/wp\/v2\/users\/2"}],"replies":[{"embeddable":true,"href":"https:\/\/www.europesays.com\/ro\/wp-json\/wp\/v2\/comments?post=288683"}],"version-history":[{"count":0,"href":"https:\/\/www.europesays.com\/ro\/wp-json\/wp\/v2\/posts\/288683\/revisions"}],"wp:featuredmedia":[{"embeddable":true,"href":"https:\/\/www.europesays.com\/ro\/wp-json\/wp\/v2\/media\/288684"}],"wp:attachment":[{"href":"https:\/\/www.europesays.com\/ro\/wp-json\/wp\/v2\/media?parent=288683"}],"wp:term":[{"taxonomy":"category","embeddable":true,"href":"https:\/\/www.europesays.com\/ro\/wp-json\/wp\/v2\/categories?post=288683"},{"taxonomy":"post_tag","embeddable":true,"href":"https:\/\/www.europesays.com\/ro\/wp-json\/wp\/v2\/tags?post=288683"}],"curies":[{"name":"wp","href":"https:\/\/api.w.org\/{rel}","templated":true}]}}