{"id":288705,"date":"2026-09-05T08:04:41","date_gmt":"2026-09-05T08:04:41","guid":{"rendered":"https:\/\/www.europesays.com\/ro\/288705\/"},"modified":"2026-09-05T08:04:41","modified_gmt":"2026-09-05T08:04:41","slug":"meriton-korenica-si-a-ales-numarul-cu-care-va-evolua-la-fcsb-fotbalistul-e-apt-pentru-derby-ul-cu-dinamo","status":"publish","type":"post","link":"https:\/\/www.europesays.com\/ro\/288705\/","title":{"rendered":"Meriton Korenica \u0219i-a ales num\u0103rul cu care va evolua la FCSB. Fotbalistul e apt pentru derby-ul cu Dinamo"},"content":{"rendered":"<p>Vineri, 04 Septembrie 2026, ora 17:16<\/p>\n<p>691 citiri<\/p>\n<p><a class=\"news__image\" data-href=\"https:\/\/s1.ziareromania.ro\/?mmid=2c3a256b2ade0ee460\" data-size=\"1024x757\" title=\"Meriton Korenica \u0219i-a ales num\u0103rul cu care va evolua la FCSB. Fotbalistul e apt pentru derby-ul cu Dinamo\"><img decoding=\"async\" src=\"https:\/\/www.europesays.com\/ro\/wp-content\/uploads\/2026\/09\/Meriton-Korenica---i-a-ales-num--rul-cu-care-va-evolua-la-FCSB--Fotbalistul-e-apt-pentru-derby-ul-cu.jpeg\" alt=\"Meriton Korenica \u0219i-a ales num\u0103rul cu care va evolua la FCSB. Fotbalistul e apt pentru derby-ul cu Dinamo\" title=\"Meriton Korenica \u0219i-a ales num\u0103rul cu care va evolua la FCSB. Fotbalistul e apt pentru derby-ul cu Dinamo\" class=\"img-responsive\"\/><\/a><\/p>\n<p>Meriton Korenica FOTO Facebook FCSB<\/p>\n<p>Mijloca\u0219ul kosovar Meriton Korenica a semnat vineri un contract cu gruparea bucure\u0219tean\u0103 <a href=\"https:\/\/ziare.com\/fcsb\/\" title=\"FCSB\" rel=\"nofollow noopener\" target=\"_blank\">FCSB<\/a>, care a anun\u021bat transferul pe pagina oficial\u0103 de FB a clubului.<\/p>\n<p>\u201eFCSB anun\u021b\u0103 transferul lui Meriton Korenica, de la <a href=\"https:\/\/ziare.com\/cfr-cluj\/\" title=\"CFR Cluj\" rel=\"nofollow noopener\" target=\"_blank\">CFR Cluj<\/a>. Mijloca\u0219ul kosovar \u00een v\u00e2rst\u0103 de 29 de ani, care se va preg\u0103ti al\u0103turi de noii colegi \u00een aceast\u0103 sear\u0103, va purta tricoul cu num\u0103rul 9.<\/p>\n<p>Clubul nostru \u00eei ureaz\u0103 bun-venit \u0219i s\u0103 aib\u0103 parte de mult succes \u00een tricoul ro\u0219-albastru!\u201d, scrie \u00een comunicatul ro\u0219-alba\u0219trilor.<\/p>\n<p>Meriton Korenica a \u00eenceput sezonul 2026-27 la CFR Cluj, echip\u0103 pentru care a evoluat \u00een cinci meciuri, oferind o pas\u0103 decisiv\u0103. El a fost titular \u00een patru din cele cinci partide.<\/p>\n<p>Urm\u0103toarele mut\u0103ri, deja preg\u0103tite, le reprezint\u0103 transferurile lui Denis Dr\u0103gu\u0219 \u0219i Karlo Muhar.<\/p>\n<p>Dac\u0103 Dr\u0103gu\u0219 \u0219i Muhar nu au evoluat de ceva vreme, Korenica este preg\u0103tit s\u0103 intre \u00een joc la derby-ul cu <a href=\"https:\/\/ziare.com\/dinamo\/\" title=\"Dinamo\" rel=\"nofollow noopener\" target=\"_blank\">Dinamo<\/a> de s\u00e2mb\u0103t\u0103.<\/p>\n<p>\u021ai-a pl\u0103cut articolul?<\/p>\n<p> Vrem s\u0103 producem mai multe, \u00eens\u0103 avem nevoie de sus\u021binerea ta. Orice dona\u021bie conteaz\u0103 pentru jurnalismul independent <\/p>\n","protected":false},"excerpt":{"rendered":"Vineri, 04 Septembrie 2026, ora 17:16 691 citiri Meriton Korenica FOTO Facebook FCSB Mijloca\u0219ul kosovar Meriton Korenica a&hellip;\n","protected":false},"author":2,"featured_media":288706,"comment_status":"","ping_status":"","sticky":false,"template":"","format":"standard","meta":{"footnotes":"","_share_on_mastodon":"0"},"categories":[20],"tags":[3811,49,269,43409,25897,41,40,38,39,185,184],"class_list":["post-288705","post","type-post","status-publish","format-standard","has-post-thumbnail","category-sport","tag-denis-dragus","tag-dinamo","tag-fcsb","tag-karlo-muhar","tag-meriton-korenica","tag-ro","tag-romana","tag-romania","tag-romanian","tag-sport","tag-sports"],"share_on_mastodon":{"url":"https:\/\/pubeurope.com\/@ro\/117217399300294862","error":""},"_links":{"self":[{"href":"https:\/\/www.europesays.com\/ro\/wp-json\/wp\/v2\/posts\/288705","targetHints":{"allow":["GET"]}}],"collection":[{"href":"https:\/\/www.europesays.com\/ro\/wp-json\/wp\/v2\/posts"}],"about":[{"href":"https:\/\/www.europesays.com\/ro\/wp-json\/wp\/v2\/types\/post"}],"author":[{"embeddable":true,"href":"https:\/\/www.europesays.com\/ro\/wp-json\/wp\/v2\/users\/2"}],"replies":[{"embeddable":true,"href":"https:\/\/www.europesays.com\/ro\/wp-json\/wp\/v2\/comments?post=288705"}],"version-history":[{"count":0,"href":"https:\/\/www.europesays.com\/ro\/wp-json\/wp\/v2\/posts\/288705\/revisions"}],"wp:featuredmedia":[{"embeddable":true,"href":"https:\/\/www.europesays.com\/ro\/wp-json\/wp\/v2\/media\/288706"}],"wp:attachment":[{"href":"https:\/\/www.europesays.com\/ro\/wp-json\/wp\/v2\/media?parent=288705"}],"wp:term":[{"taxonomy":"category","embeddable":true,"href":"https:\/\/www.europesays.com\/ro\/wp-json\/wp\/v2\/categories?post=288705"},{"taxonomy":"post_tag","embeddable":true,"href":"https:\/\/www.europesays.com\/ro\/wp-json\/wp\/v2\/tags?post=288705"}],"curies":[{"name":"wp","href":"https:\/\/api.w.org\/{rel}","templated":true}]}}