{"id":288741,"date":"2026-09-05T08:39:08","date_gmt":"2026-09-05T08:39:08","guid":{"rendered":"https:\/\/www.europesays.com\/ro\/288741\/"},"modified":"2026-09-05T08:39:08","modified_gmt":"2026-09-05T08:39:08","slug":"exclusiv-rasturnare-de-situatie-ce-se-intampla-cu-valentin-cretu-inaintea-derby-ului-dinamo","status":"publish","type":"post","link":"https:\/\/www.europesays.com\/ro\/288741\/","title":{"rendered":"Exclusiv | R\u0103sturnare de situa\u021bie: ce se \u00eent\u00e2mpl\u0103 cu Valentin Cre\u021bu, \u00eenaintea derby-ului Dinamo"},"content":{"rendered":"\n<ul class=\"bullets\">\n<li>\n<p>SuperLiga: Dinamo &#8211; FCSB, s\u00e2mb\u0103t\u0103, 20:30, DGS 1<\/p>\n<\/li>\n<li>\n<p>SuperLiga: UTA &#8211; Csikszereda, s\u00e2mb\u0103t\u0103, 17:30, DGS 1<\/p>\n<\/li>\n<\/ul>\n<p>Concret, Valentin Cre\u021bu a fost exclus din lotul FCSB-ului, dup\u0103 ce Gigi Becali a sus\u021binut c\u0103 veteranul echipei a avut un conflict la antrenamente cu Arnold Garita. Mai mult, afaceristul din Pipera a dat de \u00een\u021beles c\u0103 funda\u0219ul dreapta nu va mai evolua pentru echipa sa.<\/p>\n<p>\u00cen ultimele zile \u00eens\u0103, datele problemei s-au schimbat.<\/p>\n<p>Valentin Cre\u021bu, \u0219anse mari s\u0103 fie titular cu Dinamo<\/p>\n<p>Concret, Valentin Cre\u021bu a fost reprimit la antrenamentele FCSB-ului. Absent \u00een meciul cu FC Arge\u0219, din cauza unor a\u0219a-zise probleme medicale la spate, fotbalistul <a href=\"https:\/\/www.digisport.ro\/fotbal\/liga-1\/gigi-becali-l-a-avertizat-pe-valentin-cretu-ce-urmeaza-daca-nu-joaca-impotriva-lui-dinamo-4464905\" data-skip-linkfix=\"1\" rel=\"nofollow noopener\" target=\"_blank\">va juca \u00een derby-ul cu Dinamo.<\/a><\/p>\n<p>Potrivit informa\u021biilor digisport.ro, <a href=\"https:\/\/www.digisport.ro\/fotbal\/liga-1\/revenire-la-fcsb-marius-baciu-a-platit-4467219\" data-skip-linkfix=\"1\" rel=\"nofollow noopener\" target=\"_blank\">Valentin Cre\u021bu s-a preg\u0103tit normal <\/a>\u00een ultimele zile la FCSB \u0219i a fost anun\u021bat de staff c\u0103 va juca \u00een meciul cu Dinamo. Nu este exclus ca veteranul s\u0103 \u00eenceap\u0103 chiar din primul 11 disear\u0103.<\/p>\n<ul>\n<li>Cum ar putea ar\u0103ta FCSB cu Dinamo: T\u00e2rnovanu &#8211; Cre\u021bu, Dawa, Duarte, P\u0103durariu &#8211; Korenica, Arad, Joao Paulo &#8211; Miculescu, Garita, Cisotti<\/li>\n<\/ul>\n<p>Valentin Cre\u021bu evolueaz\u0103 pentru FCSB din iulie 2019, dup\u0103 ce a fost transferat de la Gaz Metan Media\u0219. La clubul lui Gigi Becali, veteranul a evoluat \u00een 252 de meciuri, a marcat un gol \u0219i a furnizat 22 de assist-uri.\u00a0<\/p>\n<ul>\n<li>Contractul lui Vali Cre\u021bu cu FCSB expir\u0103 pe 31 decembrie 2026<\/li>\n<\/ul>\n<p>R\u0103m\u00e2ne de v\u0103zut dac\u0103 angajamentul acestuia va fi prelungit de Gigi Becali.\u00a0<\/p>\n<p>Marius Baciu a f\u0103cut anun\u021bul despre Valentin Cre\u021bu, \u00eenaintea meciului cu Dinamo<\/p>\n<p>Marius Baciu (51 de ani), antrenorul FCSB-ului, a confirmat faptul c\u0103 Valentin Cre\u021bu s-a \u00eentors la echip\u0103, s-a antrenat \u0219i este preg\u0103tit s\u0103 reintre \u00een primul 11.\u00a0<\/p>\n<p>Tehnicianul a spus despre veteran c\u0103 a pl\u0103tit pentru gre\u0219eala comis\u0103 \u0219i c\u0103 este un juc\u0103tor important \u00een cadrul lotului.\u00a0<\/p>\n<p>\u201dCre\u021bu a f\u0103cut ce-a f\u0103cut \u0219i a pl\u0103tit. A fost scos din lot. Ne punem baza oric\u00e2nd pe el. A venit \u00eenapoi la echip\u0103, \u00eel a\u0219tept\u0103m s\u0103 fie foarte bine fizic \u0219i s\u0103 vin\u0103 cu o ardoare \u00een plus, s\u0103 demonstreze c\u0103 e un juc\u0103tor important pentru acest club, a\u0219a cum consider\u0103m noi cu to\u021bii. Ast\u0103zi, dup\u0103 antrenament, vom lua ultimele decizii, dup\u0103 discu\u021biile cu staff-ul medical.<\/p>\n<p>Vom vedea care sunt juc\u0103torii cei mai potrivi\u021bi din punct de vedere fizic. Cre\u021bu, dac\u0103 va fi juc\u0103torul pe care \u00eel cunoa\u0219tem cu to\u021bii, sunt convins c\u0103 suporterii vor trece \u0219i de un act de indisciplin\u0103. Normal, nici noi nu accept\u0103m multe lucruri, dar dintr-o discu\u021bie de glum\u0103, cum a fost la Cre\u021bu, s-a ajuns la o foarte mare exagerare.<\/p>\n<p>Asta e p\u0103rerea mea. Dar Cre\u021bu demonstreaz\u0103 zi de zi la antrenament. Prin asta a cucerit publicul, prin ardoare \u0219i dorin\u021b\u0103. Cred c\u0103 e un juc\u0103tor care va fi important pentru noi c\u00e2t timp va fi sub contract cu noi\u201d, a spus Marius Baciu, la conferin\u021ba de pres\u0103.<\/p>\n<p>  Etichete:  <a href=\"https:\/\/www.digisport.ro\/eticheta\/dinamo\" rel=\"nofollow noopener\" target=\"_blank\">dinamo<\/a> , <a href=\"https:\/\/www.digisport.ro\/eticheta\/derby\" rel=\"nofollow noopener\" target=\"_blank\">derby<\/a> , <a href=\"https:\/\/www.digisport.ro\/eticheta\/valentin-cretu\" rel=\"nofollow noopener\" target=\"_blank\">valentin cretu<\/a> , <a href=\"https:\/\/www.digisport.ro\/eticheta\/fcsb\" rel=\"nofollow noopener\" target=\"_blank\">fcsb<\/a>   <\/p>\n<p>Urm\u0103re\u0219te \u0219tirile digisport.ro \u0219i pe <a href=\"https:\/\/news.google.com\/publications\/CAAiENr1L9HFNMG5hpp5zTfVtpsqFAgKIhDa9S_RxTTBuYaaec031bab?ceid=RO:ro&amp;oc=3\" target=\"_blank\" rel=\"external nofollow noopener\">Google News<\/a><\/p>\n<p>   Noua Aplica\u0163ie Digi Sport poate fi desc\u0103rcat\u0103 din   <\/p>\n","protected":false},"excerpt":{"rendered":"SuperLiga: Dinamo &#8211; FCSB, s\u00e2mb\u0103t\u0103, 20:30, DGS 1 SuperLiga: UTA &#8211; Csikszereda, s\u00e2mb\u0103t\u0103, 17:30, DGS 1 Concret, Valentin&hellip;\n","protected":false},"author":2,"featured_media":288742,"comment_status":"","ping_status":"","sticky":false,"template":"","format":"standard","meta":{"footnotes":"","_share_on_mastodon":"0"},"categories":[20],"tags":[298,49,269,41,40,38,39,185,184,5130],"class_list":["post-288741","post","type-post","status-publish","format-standard","has-post-thumbnail","category-sport","tag-derby","tag-dinamo","tag-fcsb","tag-ro","tag-romana","tag-romania","tag-romanian","tag-sport","tag-sports","tag-valentin-cretu"],"share_on_mastodon":{"url":"https:\/\/pubeurope.com\/@ro\/117217536397145395","error":""},"_links":{"self":[{"href":"https:\/\/www.europesays.com\/ro\/wp-json\/wp\/v2\/posts\/288741","targetHints":{"allow":["GET"]}}],"collection":[{"href":"https:\/\/www.europesays.com\/ro\/wp-json\/wp\/v2\/posts"}],"about":[{"href":"https:\/\/www.europesays.com\/ro\/wp-json\/wp\/v2\/types\/post"}],"author":[{"embeddable":true,"href":"https:\/\/www.europesays.com\/ro\/wp-json\/wp\/v2\/users\/2"}],"replies":[{"embeddable":true,"href":"https:\/\/www.europesays.com\/ro\/wp-json\/wp\/v2\/comments?post=288741"}],"version-history":[{"count":0,"href":"https:\/\/www.europesays.com\/ro\/wp-json\/wp\/v2\/posts\/288741\/revisions"}],"wp:featuredmedia":[{"embeddable":true,"href":"https:\/\/www.europesays.com\/ro\/wp-json\/wp\/v2\/media\/288742"}],"wp:attachment":[{"href":"https:\/\/www.europesays.com\/ro\/wp-json\/wp\/v2\/media?parent=288741"}],"wp:term":[{"taxonomy":"category","embeddable":true,"href":"https:\/\/www.europesays.com\/ro\/wp-json\/wp\/v2\/categories?post=288741"},{"taxonomy":"post_tag","embeddable":true,"href":"https:\/\/www.europesays.com\/ro\/wp-json\/wp\/v2\/tags?post=288741"}],"curies":[{"name":"wp","href":"https:\/\/api.w.org\/{rel}","templated":true}]}}