{"id":288745,"date":"2026-09-05T08:43:15","date_gmt":"2026-09-05T08:43:15","guid":{"rendered":"https:\/\/www.europesays.com\/ro\/288745\/"},"modified":"2026-09-05T08:43:15","modified_gmt":"2026-09-05T08:43:15","slug":"statele-unite-au-doborat-300-de-drone-la-granita-cu-mexicul-folosite-de-cartelurile-de-droguri","status":"publish","type":"post","link":"https:\/\/www.europesays.com\/ro\/288745\/","title":{"rendered":"Statele Unite au dobor\u00e2t 300 de drone la grani\u021ba cu Mexicul, folosite de cartelurile de droguri"},"content":{"rendered":"<p>\t    <img loading=\"lazy\" decoding=\"async\" class=\"mg-x-auto\" width=\"30\" height=\"30\" src=\"https:\/\/www.europesays.com\/ro\/wp-content\/uploads\/2026\/09\/1788597795_961_google-g-w.png\" alt=\"\"\/>\t\t\t    <\/p>\n<p id=\"p-0\">Vineri, SUA au anun\u021bat c\u0103 au dobor\u00e2t peste 300 de drone legate de crima organizat\u0103 de-a lungul grani\u021bei cu Mexicul de la \u00eenceputul anului.<\/p>\n<p>Dronele ar fi legate de cartelurile de droguri<\/p>\n<p id=\"p-1\">Potrivit <a href=\"https:\/\/www.lefigaro.fr\/flash-actu\/narcotrafic-les-etats-unis-ont-abattu-300-drones-a-la-frontiere-avec-le-mexique-20260905\" target=\"_blank\" rel=\"noopener nofollow\">AFP<\/a>, Comandamentul Nordic al SUA, care acoper\u0103 Statele Unite \u0219i \u021b\u0103rile vecine, leag\u0103 dronele de cartelurile de droguri. <\/p>\n<p id=\"p-2\">Totu\u0219i, nu a fost numit vreun grup anume. De asemenea, nu a specificat dac\u0103 dobor\u00e2rile au avut loc pe teritoriul SUA sau Mexic.<\/p>\n<p id=\"p-3\">\u201eOrganiza\u021biile criminale transna\u021bionale folosesc drone pentru a sprijini activit\u0103\u021bi transfrontaliere ilegale. Inclusiv opera\u021biuni de contraband\u0103 \u0219i supravegherea for\u021belor de ordine \u0219i a personalului militar\u201d, a declarat el \u00eentr-un comunicat.<\/p>\n<p>Pentru ce sunt folosite dronele<\/p>\n<p id=\"p-4\">Ministrul mexican al Ap\u0103r\u0103rii a clarificat c\u0103 acestea sunt drone comerciale folosite pentru a cerceta\u00a0\u201edrumuri deschise, unde nu exist\u0103 prezen\u021ba poli\u021biei\u201d, potrivit sursei.<\/p>\n<p id=\"p-5\">Dronele\u00a0\u201epur \u0219i simplu fac fotografii \u0219i le transmit\u201d, a declarat ministrul general Ricardo Trevilla, \u00een timpul conferin\u021bei de pres\u0103 zilnice a pre\u0219edintei Mexicului Claudia Sheinbaum. <\/p>\n<p id=\"p-6\">De\u0219i a men\u021bionat \u201eo coordonare foarte bun\u0103\u201d, dar f\u0103r\u0103 a specifica dac\u0103 Mexicul a participat la vreuna dintre opera\u021biunile anun\u021bate de Statele Unite, oficialul mexican a indicat c\u0103\u00a0\u201e165 de dispozitive anti-drone\u201d au fost desf\u0103\u0219urate de-a lungul frontierei de nord. Astfel, au fost ob\u021binute\u00a0\u201erezultate bune\u201d,\u00a0 a continuat acesta. <\/p>\n<p id=\"p-7\">Comandamentul Nordic al SUA sus\u021bine c\u0103 a dobor\u00e2t 100 de drone numai \u00een august. Acesta folose\u0219te arme de foc, bruiaje de semnal \u0219i lasere, mai arat\u0103 sursa citat\u0103.<\/p>\n","protected":false},"excerpt":{"rendered":"Vineri, SUA au anun\u021bat c\u0103 au dobor\u00e2t peste 300 de drone legate de crima organizat\u0103 de-a lungul grani\u021bei&hellip;\n","protected":false},"author":2,"featured_media":288746,"comment_status":"","ping_status":"","sticky":false,"template":"","format":"standard","meta":{"footnotes":"","_share_on_mastodon":"0"},"categories":[12],"tags":[32,33,1542,31,572,36,37,27,74,34,35,7053,25,41,40,38,39,363,26,28,29,30,71,72,73],"class_list":["post-288745","post","type-post","status-publish","format-standard","has-post-thumbnail","category-international","tag-breaking-news","tag-breakingnews","tag-carteluri-de-droguri","tag-cele-mai-populare-subiecte","tag-drone","tag-featured-news","tag-featurednews","tag-headlines","tag-international","tag-latest-news","tag-latestnews","tag-mexic","tag-news","tag-ro","tag-romana","tag-romania","tag-romanian","tag-statele-unite-ale-americii","tag-stiri","tag-titluri","tag-top-stories","tag-topstories","tag-world","tag-world-news","tag-worldnews"],"share_on_mastodon":{"url":"https:\/\/pubeurope.com\/@ro\/117217552676312048","error":""},"_links":{"self":[{"href":"https:\/\/www.europesays.com\/ro\/wp-json\/wp\/v2\/posts\/288745","targetHints":{"allow":["GET"]}}],"collection":[{"href":"https:\/\/www.europesays.com\/ro\/wp-json\/wp\/v2\/posts"}],"about":[{"href":"https:\/\/www.europesays.com\/ro\/wp-json\/wp\/v2\/types\/post"}],"author":[{"embeddable":true,"href":"https:\/\/www.europesays.com\/ro\/wp-json\/wp\/v2\/users\/2"}],"replies":[{"embeddable":true,"href":"https:\/\/www.europesays.com\/ro\/wp-json\/wp\/v2\/comments?post=288745"}],"version-history":[{"count":0,"href":"https:\/\/www.europesays.com\/ro\/wp-json\/wp\/v2\/posts\/288745\/revisions"}],"wp:featuredmedia":[{"embeddable":true,"href":"https:\/\/www.europesays.com\/ro\/wp-json\/wp\/v2\/media\/288746"}],"wp:attachment":[{"href":"https:\/\/www.europesays.com\/ro\/wp-json\/wp\/v2\/media?parent=288745"}],"wp:term":[{"taxonomy":"category","embeddable":true,"href":"https:\/\/www.europesays.com\/ro\/wp-json\/wp\/v2\/categories?post=288745"},{"taxonomy":"post_tag","embeddable":true,"href":"https:\/\/www.europesays.com\/ro\/wp-json\/wp\/v2\/tags?post=288745"}],"curies":[{"name":"wp","href":"https:\/\/api.w.org\/{rel}","templated":true}]}}