{"id":288751,"date":"2026-09-05T08:46:09","date_gmt":"2026-09-05T08:46:09","guid":{"rendered":"https:\/\/www.europesays.com\/ro\/288751\/"},"modified":"2026-09-05T08:46:09","modified_gmt":"2026-09-05T08:46:09","slug":"avertisment-pentru-fcsb-dupa-transferul-lui-denis-dragus-cum-s-a-intamplat-la-dinamo-cu-puscas","status":"publish","type":"post","link":"https:\/\/www.europesays.com\/ro\/288751\/","title":{"rendered":"Avertisment pentru FCSB, dup\u0103 transferul lui Denis Dr\u0103gu\u0219: \u201eCum s-a \u00eent\u00e2mplat la Dinamo cu Pu\u0219ca\u0219\u201d"},"content":{"rendered":"<p>\n            Articol de <a rel=\"author nofollow noopener\" href=\"https:\/\/www.gsp.ro\/autor\/alexandru-tomutiu-3976.html\" target=\"_blank\">Alexandru Tomu\u021biu<\/a>            &#8211; Publicat sambata, 05 septembrie 2026,  10:33            \/ Actualizat sambata, 05 septembrie 2026 10:52                    <\/p>\n<p>Daniel Niculae \u0219i Andrei Cristea, fo\u0219ti atacan\u021bi \u00een na\u021bionala Rom\u00e2niei, au spus ce probleme ar putea s\u0103 \u00eent\u00e2mpine <a class=\"autolink-enabled\" data-resource-id=\"184009\" data-resource-type=\"player\" data-sport=\"football\" href=\"https:\/\/www.gsp.ro\/rezultate-live\/jucatorul-playername-184009\" rel=\"nofollow noopener\" target=\"_blank\">Denis Dr\u0103gu\u0219<\/a> (27 de ani) la <a class=\"autolink-enabled\" data-resource-id=\"576\" data-resource-type=\"team\" data-sport=\"football\" href=\"https:\/\/www.gsp.ro\/rezultate-live\/echipa-teamname-576\" rel=\"nofollow noopener\" target=\"_blank\">FCSB<\/a>. <\/p>\n<p class=\"do-not-hide\">Andrei Cristea, care a jucat at\u00e2t pentru FCSB, c\u00e2t \u0219i pentru rivala Dinamo, a remarcat faptul c\u0103 Denis Dr\u0103gu\u0219 nu a mai jucat de 3 luni, iar o for\u021bare a atacantului ar putea duce la o accidentare. <\/p>\n<p class=\"do-not-hide\">A comparat cu ce s-a \u00eent\u00e2mplat cu George Pu\u0219ca\u0219 la Dinamo, atacant adus drept o mare lovitur\u0103, dar care nu s-a impus tocmai din cauza problemelor medicale. <\/p>\n<p>Andrei Cristea: \u201eImportant este ca Denis Dr\u0103gu\u0219 s\u0103 nu se accidenteze \u00een primele 3-4 s\u0103pt\u0103m\u00e2ni\u201d<\/p>\n<p>\u201ePentru mine, personal, important este ca el s\u0103 nu se accidenteze \u00een primele 3-4 s\u0103pt\u0103m\u00e2ni. Nu are meciuri \u00een picioare, nu este preg\u0103tit \u0219i este posibil ca FCSB s\u0103 \u00eel for\u021beze din prima. Uite cum s-a \u00eent\u00e2mplat cu Pu\u0219ca\u0219 la Dinamo. <\/p>\n<p>A\u0219 compara venirea lui Dr\u0103gu\u0219 la FCSB cu cea a lui Marica. Un juc\u0103tor care poate juca at\u00e2t \u00een st\u00e2nga, c\u00e2t \u0219i \u00een centru poate fi o mare lovitur\u0103 pentru FCSB, dar conteaz\u0103 cum va fi gestionat\u0103 aceast\u0103 perioad\u0103\u201d, a spus Andrei Cristea, la \u201eDigi Sport Matinal\u201d. <\/p>\n<p><img decoding=\"async\" src=\"https:\/\/www.europesays.com\/ro\/wp-content\/uploads\/2026\/09\/52e16a34-6771-45ca-8071-452b0dbd8833.jpg\" loading=\"lazy\" title=\"Andrei Cristea \/\/ Foto: Cristi Preda\" alt=\"Avertisment pentru FCSB, dup\u0103 transferul lui Denis Dr\u0103gu\u0219: \u201eCum s-a \u00eent\u00e2mplat la Dinamo cu Pu\u0219ca\u0219\u201d\" width=\"738\" height=\"502\"\/><\/p>\n<p>Andrei Cristea \/\/ Foto: Cristi Preda<\/p>\n<p>Daniel Niculae: \u201e\u00cen vestiar o s\u0103 fie o problem\u0103 cu salariul lui Denis Dr\u0103gu\u0219\u201d<\/p>\n<p>Denis Dr\u0103gu\u0219 va avea un salariu de un milion de euro pe sezon, unul imens pentru fotbalul rom\u00e2nesc. Fostul mare atacant al Rapidului consider\u0103 c\u0103 asta poate produce tensiuni \u00een vestiarul ro\u0219-alba\u0219trilor:<\/p>\n<p>\u201eVenirea lui Dr\u0103gu\u0219 este un transfer foarte bun. L-am vrut \u0219i eu c\u00e2nd eram la Rapid. \u00cen vestiar o s\u0103 fie o problem\u0103 cu salariul lui \u0219i nu c\u00e2nd lucrurile merg bine, ci c\u00e2nd merg mai r\u0103u. <\/p>\n<p><img decoding=\"async\" src=\"https:\/\/www.europesays.com\/ro\/wp-content\/uploads\/2026\/09\/9c0d3664-e0c4-4ddf-a6f9-0aea401bc8ea.jpg\" loading=\"lazy\" title=\"Daniel Niculae \/\/ FOTO: GSP.ro\" alt=\"Avertisment pentru FCSB, dup\u0103 transferul lui Denis Dr\u0103gu\u0219: \u201eCum s-a \u00eent\u00e2mplat la Dinamo cu Pu\u0219ca\u0219\u201d\" width=\"738\" height=\"502\"\/><\/p>\n<p>Daniel Niculae \/\/ FOTO: GSP.ro<\/p>\n<p>Cred c\u0103 este o achizi\u021bie foarte bun\u0103. Cu vestiarul, \u00een toate vestiarele sunt perioade bune \u0219i mai pu\u021bin bune. E un pic de presiune mediatic\u0103: a venit cel mai scump juc\u0103tor\u201d. <\/p>\n<blockquote>\n<p>Din punctul meu de vedere, domnul Becali a c\u00e2\u0219tigat cu treaba asta, pentru c\u0103 este mai simplu s\u0103 dai un salariu dec\u00e2t s\u0103 pl\u0103te\u0219ti o astfel de sum\u0103 de transfer. Poate \u00eentr-un an \u00eel \u0219i vinzi \u0219i nu mai pl\u0103te\u0219ti tot salariul. <\/p>\n<p>C\u00e2nd eram juc\u0103tor la FCSB, cel mai mare salariu \u00eel avea R\u0103doi. Se vorbea de 300-400.000, dar era un lider. Nu mai \u0219tiu, parc\u0103 at\u00e2t avea. Dar c\u00e2nd este vorba de un lider, tu, ca juc\u0103tor, nu mai ai curaj s\u0103 spui nimic.<\/p>\n<p>&#8211; Andrei Cristea<\/p>\n<\/blockquote>\n","protected":false},"excerpt":{"rendered":"Articol de Alexandru Tomu\u021biu &#8211; Publicat sambata, 05 septembrie 2026, 10:33 \/ Actualizat sambata, 05 septembrie 2026 10:52&hellip;\n","protected":false},"author":2,"featured_media":288752,"comment_status":"","ping_status":"","sticky":false,"template":"","format":"standard","meta":{"footnotes":"","_share_on_mastodon":"0"},"categories":[20],"tags":[2701,834,3811,269,41,40,38,39,185,184],"class_list":["post-288751","post","type-post","status-publish","format-standard","has-post-thumbnail","category-sport","tag-andrei-cristea","tag-daniel-niculae","tag-denis-dragus","tag-fcsb","tag-ro","tag-romana","tag-romania","tag-romanian","tag-sport","tag-sports"],"share_on_mastodon":{"url":"https:\/\/pubeurope.com\/@ro\/117217564568650267","error":""},"_links":{"self":[{"href":"https:\/\/www.europesays.com\/ro\/wp-json\/wp\/v2\/posts\/288751","targetHints":{"allow":["GET"]}}],"collection":[{"href":"https:\/\/www.europesays.com\/ro\/wp-json\/wp\/v2\/posts"}],"about":[{"href":"https:\/\/www.europesays.com\/ro\/wp-json\/wp\/v2\/types\/post"}],"author":[{"embeddable":true,"href":"https:\/\/www.europesays.com\/ro\/wp-json\/wp\/v2\/users\/2"}],"replies":[{"embeddable":true,"href":"https:\/\/www.europesays.com\/ro\/wp-json\/wp\/v2\/comments?post=288751"}],"version-history":[{"count":0,"href":"https:\/\/www.europesays.com\/ro\/wp-json\/wp\/v2\/posts\/288751\/revisions"}],"wp:featuredmedia":[{"embeddable":true,"href":"https:\/\/www.europesays.com\/ro\/wp-json\/wp\/v2\/media\/288752"}],"wp:attachment":[{"href":"https:\/\/www.europesays.com\/ro\/wp-json\/wp\/v2\/media?parent=288751"}],"wp:term":[{"taxonomy":"category","embeddable":true,"href":"https:\/\/www.europesays.com\/ro\/wp-json\/wp\/v2\/categories?post=288751"},{"taxonomy":"post_tag","embeddable":true,"href":"https:\/\/www.europesays.com\/ro\/wp-json\/wp\/v2\/tags?post=288751"}],"curies":[{"name":"wp","href":"https:\/\/api.w.org\/{rel}","templated":true}]}}