{"id":288813,"date":"2026-09-05T09:43:07","date_gmt":"2026-09-05T09:43:07","guid":{"rendered":"https:\/\/www.europesays.com\/ro\/288813\/"},"modified":"2026-09-05T09:43:07","modified_gmt":"2026-09-05T09:43:07","slug":"spaniolii-au-spus-o-direct-dupa-aparitia-georginei-rodriguez-la-venetia","status":"publish","type":"post","link":"https:\/\/www.europesays.com\/ro\/288813\/","title":{"rendered":"Spaniolii au spus-o direct, dup\u0103 apari\u021bia Georginei Rodriguez la Vene\u021bia"},"content":{"rendered":"\n<ul class=\"bullets\">\n<li>\n<p>SuperLiga: Dinamo &#8211; FCSB, s\u00e2mb\u0103t\u0103, 20:30, DGS 1<\/p>\n<\/li>\n<li>\n<p>SuperLiga: UTA &#8211; Csikszereda, s\u00e2mb\u0103t\u0103, 17:30, DGS 1<\/p>\n<\/li>\n<\/ul>\n<p>So\u021bia superstarului portughez a atras aten\u021bia, ca de fiecare dat\u0103, iar spaniolii au r\u0103mas impresiona\u021bi.<\/p>\n<p>Reac\u021bia presei din Spania, dup\u0103 ce au v\u0103zut-o pe Georgina la Festivalul Interna\u021bional de Film de la Vene\u021biaGalerie Foto<\/p>\n<p>Prima \u021binut\u0103 purtat\u0103 de Georgina \u00een Vene\u021bia a atras toate privirile. So\u021bia lui Cristiano Ronaldo a purtat o pereche de pantaloni albi, o c\u0103ma\u0219\u0103 maro, pe sub care i se vedea sutienul \u0219i pantofi cu toc. De asemenea, geanta purtat\u0103 de Georgina este evaluat\u0103 la 150.000 de euro.<\/p>\n<p>Presa din Spania a vorbit la superlativ despre Georgina Rodriguez, dup\u0103 prima apari\u021bie a so\u021biei lui Cristiano Ronaldo la Festivalul Interna\u021bional de Film de la Vene\u021bia.<\/p>\n<p>&#8222;Georgina Rodriguez se \u00eentoarce la Vene\u021bia proasp\u0103t c\u0103s\u0103torit\u0103 \u0219i cu un look care nu trece neobservat&#8221;, au notat spaniolii de la <a href=\"https:\/\/www.elmundo.es\/loc\/famosos\/2026\/09\/04\/6a9aa9ade9cf4a5d2d8b457d.html?cid=SIN12201&amp;utm_source=marca.com&amp;utm_medium=interno_bt&amp;utm_campaign=SIN12201&amp;_ga=2.209682706.1224533650.1788356864-1769306432.1771267160\" target=\"_blank\" rel=\"noopener nofollow\" data-skip-linkfix=\"1\">El Mundo<\/a>.<\/p>\n<p>&#8222;Georgina Rodriguez a ajuns la Vene\u021bia \u0219i este evident \u00eenc\u00e2ntat\u0103 de ea \u00eens\u0103\u0219i. Z\u00e2mbitoare, \u00eencrez\u0103toare \u0219i f\u0103r\u0103 inten\u021bia de a trece neobservat\u0103, femeia de afaceri a reap\u0103rut \u00eentr-unul dintre decorurile ei preferate, debut\u00e2nd totodat\u0103 cu un statut foarte special: cel de femeie c\u0103s\u0103torit\u0103&#8221;, a mai notat sursa men\u021bionat\u0103 anterior.<\/p>\n<p>Georgina, f\u0103cut\u0103 &#8222;gras\u0103&#8221;. Antonela nu a stat deloc pe g\u00e2nduri<\/p>\n<p>Recent, Georgina Rodriguez a fost supus\u0103 unui <a href=\"https:\/\/www.digisport.ro\/special\/criticata-pentru-cum-arata-georgina-rodriguez-a-publicat-imaginile-oamenii-ma-numesc-grasa-4414173\" target=\"_blank\" rel=\"noopener nofollow\" data-skip-linkfix=\"1\">val de critici pe internet<\/a>.<\/p>\n<p>Argentinianca a postat o serie de fotografii pe re\u021belele sociale, iar o mul\u021bime de oameni au numit-o &#8222;gras\u0103&#8221;, a\u0219a cum i s-a pl\u00e2ns ulterior lui CR7, c\u0103ruia i-a spus c\u0103 acest lucru o \u00eengrijoreaz\u0103, deoarece ea \u00ee\u0219i produce banii din imaginea ei.\u00a0<\/p>\n<p>La seria ulterioar\u0103 de fotografii postat\u0103 de Georgina Rodriguez, completat\u0103 \u0219i de un text lung cu privire la cum sunt tratate femeile \u00een mediul online, \u00een sec\u021biunea de comentarii \u0219i-a f\u0103cut apari\u021bia \u0219i Antonela Roccuzzo.\u00a0<\/p>\n<p>So\u021bia lui Lionel Messi a postat trei emojiuri cu aplauze, \u00een semn de sus\u021binere pentru manifestul cona\u021bionalei sale, gest remarcat de <a href=\"https:\/\/www.infobae.com\/deportes\/2026\/08\/04\/la-carta-de-georgina-rodriguez-pareja-de-cristiano-ronaldo-sobre-las-criticas-a-su-fisico-el-gesto-de-antonela-roccuzzo\/\" target=\"_blank\" rel=\"noopener nofollow\" data-skip-linkfix=\"1\">presa din Argentina<\/a>.\u00a0<\/p>\n<p>  Etichete:  <a href=\"https:\/\/www.digisport.ro\/eticheta\/cristiano-ronaldo\" rel=\"nofollow noopener\" target=\"_blank\">cristiano ronaldo<\/a> , <a href=\"https:\/\/www.digisport.ro\/eticheta\/georgina-rodriguez\" rel=\"nofollow noopener\" target=\"_blank\">georgina rodriguez<\/a>   <\/p>\n<p>Urm\u0103re\u0219te \u0219tirile digisport.ro \u0219i pe <a href=\"https:\/\/news.google.com\/publications\/CAAiENr1L9HFNMG5hpp5zTfVtpsqFAgKIhDa9S_RxTTBuYaaec031bab?ceid=RO:ro&amp;oc=3\" target=\"_blank\" rel=\"external nofollow noopener\">Google News<\/a><\/p>\n<p>   Noua Aplica\u0163ie Digi Sport poate fi desc\u0103rcat\u0103 din   <\/p>\n","protected":false},"excerpt":{"rendered":"SuperLiga: Dinamo &#8211; FCSB, s\u00e2mb\u0103t\u0103, 20:30, DGS 1 SuperLiga: UTA &#8211; Csikszereda, s\u00e2mb\u0103t\u0103, 17:30, DGS 1 So\u021bia superstarului&hellip;\n","protected":false},"author":2,"featured_media":288814,"comment_status":"","ping_status":"","sticky":false,"template":"","format":"standard","meta":{"footnotes":"","_share_on_mastodon":"0"},"categories":[18],"tags":[4020,171,170,18618,41,40,38,39],"class_list":["post-288813","post","type-post","status-publish","format-standard","has-post-thumbnail","category-divertisment","tag-cristiano-ronaldo","tag-divertisment","tag-entertainment","tag-georgina-rodriguez","tag-ro","tag-romana","tag-romania","tag-romanian"],"share_on_mastodon":{"url":"https:\/\/pubeurope.com\/@ro\/117217788337744667","error":""},"_links":{"self":[{"href":"https:\/\/www.europesays.com\/ro\/wp-json\/wp\/v2\/posts\/288813","targetHints":{"allow":["GET"]}}],"collection":[{"href":"https:\/\/www.europesays.com\/ro\/wp-json\/wp\/v2\/posts"}],"about":[{"href":"https:\/\/www.europesays.com\/ro\/wp-json\/wp\/v2\/types\/post"}],"author":[{"embeddable":true,"href":"https:\/\/www.europesays.com\/ro\/wp-json\/wp\/v2\/users\/2"}],"replies":[{"embeddable":true,"href":"https:\/\/www.europesays.com\/ro\/wp-json\/wp\/v2\/comments?post=288813"}],"version-history":[{"count":0,"href":"https:\/\/www.europesays.com\/ro\/wp-json\/wp\/v2\/posts\/288813\/revisions"}],"wp:featuredmedia":[{"embeddable":true,"href":"https:\/\/www.europesays.com\/ro\/wp-json\/wp\/v2\/media\/288814"}],"wp:attachment":[{"href":"https:\/\/www.europesays.com\/ro\/wp-json\/wp\/v2\/media?parent=288813"}],"wp:term":[{"taxonomy":"category","embeddable":true,"href":"https:\/\/www.europesays.com\/ro\/wp-json\/wp\/v2\/categories?post=288813"},{"taxonomy":"post_tag","embeddable":true,"href":"https:\/\/www.europesays.com\/ro\/wp-json\/wp\/v2\/tags?post=288813"}],"curies":[{"name":"wp","href":"https:\/\/api.w.org\/{rel}","templated":true}]}}