{"id":288852,"date":"2026-09-05T10:18:13","date_gmt":"2026-09-05T10:18:13","guid":{"rendered":"https:\/\/www.europesays.com\/ro\/288852\/"},"modified":"2026-09-05T10:18:13","modified_gmt":"2026-09-05T10:18:13","slug":"sotia-lui-ben-stiller-a-rupt-tacerea-despre-presiunile-de-la-hollywood-i-s-a-cerut-sa-slabeasca-pentru-un-rol-mi-a-fost-jena","status":"publish","type":"post","link":"https:\/\/www.europesays.com\/ro\/288852\/","title":{"rendered":"So\u021bia lui Ben Stiller a rupt t\u0103cerea despre presiunile de la Hollywood. I\u00a0s-a cerut s\u0103 sl\u0103beasc\u0103 pentru un rol: \u201eMi-a fost jen\u0103\u201d"},"content":{"rendered":"<p>\n                            Articol scris de Film Now<br \/>Data actualiz\u0103rii:<br \/>\n                                04.09.2026 16:53<br \/>Data public\u0103rii:<br \/>\n                            05.09.2026 09:00\n                        <\/p>\n<p>Christine Taylor a vorbit deschis despre presiunile legate de aspectul fizic pe care le-a sim\u021bit la \u00eenceputul carierei, dezv\u0103luind c\u0103 i s-a cerut s\u0103 sl\u0103beasc\u0103 aproximativ 4,5 kilograme \u00eenainte de a interpreta rolul Marcia Brady \u00een \u201eThe Brady Bunch Movie\u201d, lansat \u00een 1995.<\/p>\n<p>Actri\u021ba, acum \u00een v\u00e2rst\u0103 de 55 de ani, a f\u0103cut m\u0103rturisirea \u00een cadrul podcastului \u201eOffice Ladies\u201d, g\u0103zduit de Jenna Fischer \u0219i Angela Kinsey. So\u021bia lui Ben Stiller \u0219i-a amintit de perioada \u00een care a primit rolul \u0219i de cerin\u021ba venit\u0103 din partea produc\u021biei, \u00eentr-o industrie \u00een care standardele privind imaginea actri\u021belor erau mult mai stricte dec\u00e2t \u00een prezent.<\/p>\n<p>Actri\u021ba a ajuns s\u0103 dea audi\u021bie pentru rol dup\u0103 ce interpretase personajul Marcia Brady \u00eentr-o versiune scenic\u0103 a serialului \u201eThe Real Live Brady Bunch\u201d. Era \u0219i o admiratoare a produc\u021biei originale \u0219i spune c\u0103, dup\u0103 audi\u021bie, a avut sentimentul c\u0103 personajul \u00eei apar\u021bine.\u00a0Totu\u0219i, \u00eenainte de film\u0103ri, a ap\u0103rut \u0219i o condi\u021bie pe care nu se a\u0219tepta s\u0103 o primeasc\u0103.<\/p>\n<p>Cite\u0219te \u0219i:\u00a0<a href=\"https:\/\/www.filmnow.ro\/stiri\/christine-taylor-declaratii-despre-separarea-de-ben-stiller-a-fost-foarte-dificil-sa-ajungem-la-acea-decizie-ce-i-a-adus-impreuna-237521\" data-skip-linkfix=\"1\" rel=\"nofollow noopener\" target=\"_blank\">Christine Taylor, declara\u021bii despre separarea de Ben Stiller: \u201eA fost foarte dificil s\u0103 ajungem la acea decizie!\u201d Ce i-a adus \u00eempreun\u0103<\/a><\/p>\n<p>\u201eNu eram o persoan\u0103 foarte gras\u0103\u201d, a povestit Taylor, explic\u00e2nd c\u0103 i s-a cerut s\u0103 sl\u0103beasc\u0103 4,5 kilograme pentru rol.<\/p>\n<p>Actri\u021ba recunoa\u0219te c\u0103, la momentul respectiv, a acceptat solicitarea, \u00eens\u0103 recunoa\u0219te c\u0103 observa\u021bia a afectat-o.\u00a0\u201eBine\u00een\u021beles, mi-a fost jen\u0103 c\u00e2nd am primit aceast\u0103 cerere\u201d, a m\u0103rturisit Christine Taylor.<\/p>\n<p>Ea consider\u0103 c\u0103 o astfel de solicitare ar fi mult mai greu de imaginat \u00een industria cinematografic\u0103 de ast\u0103zi \u0219i subliniaz\u0103 c\u0103 perioada anilor &#8217;90 era una \u00een care presiunea asupra actri\u021belor pentru a se \u00eencadra \u00eentr-un anumit standard de frumuse\u021be era foarte mare.\u00a0Taylor a ad\u0103ugat c\u0103 nu a fost singura actri\u021b\u0103 care s-a confruntat cu astfel de cerin\u021be \u00een acei ani.<\/p>\n<p><a href=\"https:\/\/www.filmnow.ro\/stiri\/ben-stiller-adevarul-despre-motivul-pentru-care-s-a-impacat-cu-christine-taylor-dupa-trei-ani-de-la-separare-ei-m-au-inspirat-183035\" data-skip-linkfix=\"1\" rel=\"nofollow noopener\" target=\"_blank\">Christine Taylor<\/a> a spus c\u0103 spectatorii foarte aten\u021bi ar putea observa diferen\u021bele de greutate de-a lungul filmului, mai ales pentru c\u0103 anumite scene au fost refilmate.<\/p>\n<p>\u201eIntru \u00eentr-o scen\u0103 ar\u0103t\u00e2nd pu\u021bin mai rotund\u0103, iar apoi ies din scen\u0103 ar\u0103t\u00e2nd pu\u021bin mai slab\u0103\u201d, a glumit actri\u021ba.<\/p>\n<p>Cite\u0219te \u0219i:\u00a0<a href=\"https:\/\/www.filmnow.ro\/stiri\/ben-stiller-despre-secretul-mariajului-cu-christine-taylor-simtul-umorului-este-cheia-relatiei-noastre-sunt-impreuna-de-25-de-ani-215303\" data-skip-linkfix=\"1\" rel=\"nofollow noopener\" target=\"_blank\">Ben Stiller, despre secretul mariajului cu Christine Taylor: \u201eSim\u021bul umorului este cheia rela\u021biei noastre\u201d Sunt \u00eempreun\u0103 de 25 de ani<\/a><\/p>\n<p>Ea a povestit \u0219i c\u0103, dup\u0103 ce film\u0103rile s-au \u00eencheiat, \u0219i-a rec\u0103p\u0103tat cele 4,5 kilograme, \u00een parte datorit\u0103 faptului c\u0103 s-a r\u0103sf\u0103\u021bat cu iaurt \u00eenghe\u021bat.\u00a0<\/p>\n<p>\u201eThe Brady Bunch Movie\u201d a fost una dintre produc\u021biile importante din prima parte a carierei sale. Christine Taylor a continuat s\u0103 apar\u0103 \u00een filme \u0219i seriale de succes, printre care \u201eZoolander\u201d \u0219i \u201eThe Wedding Singer\u201d.<\/p>\n<p>\u00cen plan personal, actri\u021ba este c\u0103s\u0103torit\u0103 cu actorul <a href=\"https:\/\/www.filmnow.ro\/stiri\/dovada-ca-are-simtul-umorului-cum-reactioneaza-ben-stiller-cand-este-oprit-de-oameni-pe-strada-si-este-confundat-cu-adam-sandler-175433\" data-skip-linkfix=\"1\" rel=\"nofollow noopener\" target=\"_blank\">Ben Stiller<\/a>. Cei doi s-au c\u0103s\u0103torit \u00een 2000 \u0219i au \u00eempreun\u0103 doi copii. De\u0219i au trecut printr-o perioad\u0103 de separare \u00een 2017, cuplul s-a \u00eemp\u0103cat c\u00e2\u021biva ani mai t\u00e2rziu.\u00a0<\/p>\n<p>                                <a href=\"http:\/\/www.filmnow.ro\/galerie-foto\/1\/stiri\/sotia-lui-ben-stiller-a-rupt-tacerea-despre-presiunile-de-la-hollywood-i-s-a-cerut-sa-slabeasca-pentru-un-rol-mi-a-fost-jena-247275#0\" data-skip-linkfix=\"1\" rel=\"nofollow noopener\" target=\"_blank\"><br \/>\n                                <img decoding=\"async\" src=\"https:\/\/www.europesays.com\/ro\/wp-content\/uploads\/2026\/09\/YXNoPTJmMjYwNjZjOTg1ZmFiMWQ3ZGVhYmQyN2Q5NjAyZWM4.thumb.jpg\" width=\"780\" height=\"480\" alt=\"\" loading=\"lazy\" data-skip-htmlfix=\"1\" style=\"width: 100%; height: auto;\"\/><br \/>\n                                <\/a><\/p>\n","protected":false},"excerpt":{"rendered":"Articol scris de Film NowData actualiz\u0103rii: 04.09.2026 16:53Data public\u0103rii: 05.09.2026 09:00 Christine Taylor a vorbit deschis despre presiunile&hellip;\n","protected":false},"author":2,"featured_media":288853,"comment_status":"","ping_status":"","sticky":false,"template":"","format":"standard","meta":{"footnotes":"","_share_on_mastodon":"0"},"categories":[18],"tags":[171,170,41,40,38,39],"class_list":["post-288852","post","type-post","status-publish","format-standard","has-post-thumbnail","category-divertisment","tag-divertisment","tag-entertainment","tag-ro","tag-romana","tag-romania","tag-romanian"],"share_on_mastodon":{"url":"https:\/\/pubeurope.com\/@ro\/117217926100801923","error":""},"_links":{"self":[{"href":"https:\/\/www.europesays.com\/ro\/wp-json\/wp\/v2\/posts\/288852","targetHints":{"allow":["GET"]}}],"collection":[{"href":"https:\/\/www.europesays.com\/ro\/wp-json\/wp\/v2\/posts"}],"about":[{"href":"https:\/\/www.europesays.com\/ro\/wp-json\/wp\/v2\/types\/post"}],"author":[{"embeddable":true,"href":"https:\/\/www.europesays.com\/ro\/wp-json\/wp\/v2\/users\/2"}],"replies":[{"embeddable":true,"href":"https:\/\/www.europesays.com\/ro\/wp-json\/wp\/v2\/comments?post=288852"}],"version-history":[{"count":0,"href":"https:\/\/www.europesays.com\/ro\/wp-json\/wp\/v2\/posts\/288852\/revisions"}],"wp:featuredmedia":[{"embeddable":true,"href":"https:\/\/www.europesays.com\/ro\/wp-json\/wp\/v2\/media\/288853"}],"wp:attachment":[{"href":"https:\/\/www.europesays.com\/ro\/wp-json\/wp\/v2\/media?parent=288852"}],"wp:term":[{"taxonomy":"category","embeddable":true,"href":"https:\/\/www.europesays.com\/ro\/wp-json\/wp\/v2\/categories?post=288852"},{"taxonomy":"post_tag","embeddable":true,"href":"https:\/\/www.europesays.com\/ro\/wp-json\/wp\/v2\/tags?post=288852"}],"curies":[{"name":"wp","href":"https:\/\/api.w.org\/{rel}","templated":true}]}}