{"id":288862,"date":"2026-09-05T10:25:10","date_gmt":"2026-09-05T10:25:10","guid":{"rendered":"https:\/\/www.europesays.com\/ro\/288862\/"},"modified":"2026-09-05T10:25:10","modified_gmt":"2026-09-05T10:25:10","slug":"cine-este-larisa-onet-concurenta-pentru-care-s-a-apasat-de-doua-ori-butonul-a-doua-sansa-smiley-si-tudor-chirila-o-vor-in-echipa-lor-exista-o-textura-pe-care-nu-am-mai-au","status":"publish","type":"post","link":"https:\/\/www.europesays.com\/ro\/288862\/","title":{"rendered":"Cine este Larisa One\u021b, concurenta pentru care s-a ap\u0103sat de dou\u0103 ori butonul \u201eA doua \u0219ans\u0103\u201d. Smiley \u0219i Tudor Chiril\u0103 o vor \u00een echipa lor: \u201eExist\u0103 o textur\u0103 pe care nu am mai auzit-o\u201d. Vocea Rom\u00e2niei, 4 septembrie 2026"},"content":{"rendered":"<p>                        <a href=\"https:\/\/www.protv.ro\/autorii\/7-andreea-buinoschi\" class=\"author -image\" rel=\"nofollow noopener\" target=\"_blank\"><\/p>\n<p>                                <img loading=\"lazy\" decoding=\"async\" data- src=\"https:\/\/www.europesays.com\/ro\/wp-content\/uploads\/2026\/09\/1788603910_921_72398a75-e3b8-483c-a13f-761fb186fc5f.jpeg\" width=\"48\" height=\"48\" alt=\"Andreea Buinoschi\" class=\"img-fluid lazyload\"\/><\/p>\n<p>                        <\/a><\/p>\n<p class=\"lead\">\n            Larisa One\u021b a oferit surpriza serii. Dup\u0103 ce a interpretat din nou finalul piesei, a\u0219a cum \u0219i-a dorit ini\u021bial, Smiley \u0219i Tudor Chiril\u0103 au v\u0103zut poten\u021bialul concurentei \u0219i am\u00e2ndoi au ap\u0103sat butonul \u201ea doua \u0219ans\u0103\u201d.\n        <\/p>\n<p>Theo Rose:\u00a0\u201e\u0218tiu c\u0103 asta este varianta Deliei, \u0219tiam c\u0103 exist\u0103 rock-ul \u0103la. De\u0219i ai o voce puternic\u0103, a durat prea mult. A afectat ce a urmat\u201d<\/p>\n<p style=\"font-weight: 400;\">Irina Rimes:\u00a0\u201eMai sunt sezoane la \u201eVocea Rom\u00e2niei\u201d \u0219i po\u021bi s\u0103 vii din nou. Cu siguran\u021b\u0103 o s\u0103 \u00eentorci ni\u0219te scaune, pentru c\u0103 vocea ta \u00ee\u021bi permite lucrul acesta\u201d<\/p>\n<p style=\"font-weight: 400;\">Dup\u0103 ce a mai c\u00e2ntat \u00eenc\u0103 o dat\u0103 finalul piesei, Smiley \u0219i Tudor Chiril\u0103 au ap\u0103sat fiecare butonul \u201ea doua \u0219ans\u0103\u201d, iar Larisa One\u021b a trebuit s\u0103 aleag\u0103 din echipa c\u0103rui antrenor va face parte.<\/p>\n<p style=\"font-weight: 400;\">Tudor Chiril\u0103: \u201eSperam s\u0103 m\u0103 \u00eentorc singur. Exist\u0103 ceva baritonal, o textur\u0103 pe care nu am mai auzit-o\u201d<\/p>\n<p style=\"font-weight: 400;\">Smiley: \u201eDup\u0103 ce ai c\u00e2ntat a doua oar\u0103, ai venit \u00eenc\u0103rcat\u0103 cu povestea c\u00e2ntecului. Ai o voce foarte frumoas\u0103\u201d<\/p>\n<p>Cine este Larisa One\u021b<\/p>\n<p class=\"isSelectedEnd\">Larisa One\u021b a fost mereu pasionat\u0103 de muzic\u0103, \u00eens\u0103 mult timp nu a avut suficient curaj s\u0103 se dedice acestui drum. De mic\u0103 a fost foarte ambi\u021bioas\u0103 \u0219i preocupat\u0103 de educa\u021bie, particip\u00e2nd la numeroase concursuri \u0219i olimpiade. A fost o elev\u0103 de 10, a terminat gimnaziul cu media 10, a luat examenul de capacitate cu 10, a intrat prima la liceu, iar, la Bacalaureat, a ob\u021binut media 9,90.<\/p>\n<p class=\"isSelectedEnd\">Talentul muzical i-a fost descoperit \u00eenc\u0103 din copil\u0103rie, c\u00e2nd \u00eenv\u0103\u021b\u0103toarea a auzit-o c\u00e2nt\u00e2nd la o serbare. P\u0103rin\u021bii au fost surprin\u0219i, pentru c\u0103 nu \u0219tiau c\u0103 are voce, iar, la 8 ani, Larisa One\u021b a \u00eenceput cursurile de canto. A participat apoi la concursuri \u0219i festivaluri \u0219i a avut ocazia s\u0103 urce pe scen\u0103 al\u0103turi de arti\u0219ti cunoscu\u021bi. A c\u00e2ntat la un festival din Oradea cu DJ Project \u0219i a fost \u00een deschiderea unor arti\u0219ti precum Theo Rose, Delia, Smiley \u0219i Carla\u2019s Dreams.<\/p>\n<p class=\"isSelectedEnd\">Este singura persoan\u0103 din familie care c\u00e2nt\u0103. Mama este economist, iar tat\u0103l inginer constructor, iar ambii au sus\u021binut-o \u0219i s-au bucurat c\u0103 Larisa One\u021b a avut curajul s\u0103 se \u00eenscrie la \u201eVocea Rom\u00e2niei\u201d.<\/p>\n<p class=\"isSelectedEnd\">\u00cen prezent, Larisa One\u021b este student\u0103 \u00een anul II la Facultatea de Drept. A ales acest domeniu pentru c\u0103 \u00eei place s\u0103 vorbeasc\u0103 \u00een public, s\u0103-\u0219i exprime punctul de vedere \u0219i s\u0103 fie mereu stimulat\u0103 intelectual. Pentru ea, exist\u0103 o leg\u0103tur\u0103 \u00eentre drept \u0219i muzic\u0103: libertatea de a se exprima \u0219i de a-\u0219i sus\u021bine ideile. De\u0219i partea academic\u0103 a fost mereu o prioritate, la un moment dat s-a sim\u021bit cople\u0219it\u0103, iar muzica a devenit o form\u0103 de evadare \u0219i eliberare.<\/p>\n<p class=\"isSelectedEnd\">Participarea la \u201eVocea Rom\u00e2niei\u201d este, pentru Larisa One\u021b, o \u0219ans\u0103 de a ie\u0219i din zona \u00een care s-a sim\u021bit mereu \u00een siguran\u021b\u0103 \u0219i de a-\u0219i demonstra c\u0103 poate face \u0219i altceva. Nu are o \u00eencredere deplin\u0103 c\u0103 ar putea reu\u0219i \u00een muzic\u0103, tocmai pentru c\u0103 \u0219tie c\u00e2t de mul\u021bi oameni talenta\u021bi exist\u0103, \u00eens\u0103 nu crede c\u0103 ar putea renun\u021ba vreodat\u0103 definitiv la aceast\u0103 pasiune.<\/p>\n<p class=\"isSelectedEnd\">Pentru ea, \u201eVocea Rom\u00e2niei\u201d este un vis pe care \u00eel a\u0219teapt\u0103 de mul\u021bi ani \u0219i locul \u00een care sper\u0103 s\u0103 primeasc\u0103 at\u00e2t confirmarea de care are nevoie, c\u00e2t \u0219i feedback \u0219i experien\u021b\u0103 al\u0103turi de o echip\u0103 profesionist\u0103.\u00a0Larisa One\u021b \u00ee\u0219i dore\u0219te s\u0103 construiasc\u0103 o carier\u0103 at\u00e2t \u00een muzic\u0103, c\u00e2t \u0219i \u00een drept \u0219i nu exclude ca, \u00eentr-o zi, cele dou\u0103 domenii s\u0103 se \u00eembine.<\/p>\n<p style=\"font-weight: 400;\">\u00a0<\/p>\n<p class=\"pf0\">VEZI MOMENTUL INTEGRAL \u0218I DECIZIA CONCURENTULUI \u00ceN VIDEOCLIPUL DE MAI SUS <\/p>\n","protected":false},"excerpt":{"rendered":"Larisa One\u021b a oferit surpriza serii. Dup\u0103 ce a interpretat din nou finalul piesei, a\u0219a cum \u0219i-a dorit&hellip;\n","protected":false},"author":2,"featured_media":288863,"comment_status":"","ping_status":"","sticky":false,"template":"","format":"standard","meta":{"footnotes":"","_share_on_mastodon":"0"},"categories":[18],"tags":[171,170,79444,41,40,38,39,176,79441,79442,79443],"class_list":["post-288862","post","type-post","status-publish","format-standard","has-post-thumbnail","category-divertisment","tag-divertisment","tag-entertainment","tag-larisa-onet","tag-ro","tag-romana","tag-romania","tag-romanian","tag-vocea-romaniei","tag-vocea-romaniei-2026","tag-vocea-romaniei-4-septembrie-2026","tag-vocea-romaniei-sezonul-14"],"share_on_mastodon":{"url":"https:\/\/pubeurope.com\/@ro\/117217953546252741","error":""},"_links":{"self":[{"href":"https:\/\/www.europesays.com\/ro\/wp-json\/wp\/v2\/posts\/288862","targetHints":{"allow":["GET"]}}],"collection":[{"href":"https:\/\/www.europesays.com\/ro\/wp-json\/wp\/v2\/posts"}],"about":[{"href":"https:\/\/www.europesays.com\/ro\/wp-json\/wp\/v2\/types\/post"}],"author":[{"embeddable":true,"href":"https:\/\/www.europesays.com\/ro\/wp-json\/wp\/v2\/users\/2"}],"replies":[{"embeddable":true,"href":"https:\/\/www.europesays.com\/ro\/wp-json\/wp\/v2\/comments?post=288862"}],"version-history":[{"count":0,"href":"https:\/\/www.europesays.com\/ro\/wp-json\/wp\/v2\/posts\/288862\/revisions"}],"wp:featuredmedia":[{"embeddable":true,"href":"https:\/\/www.europesays.com\/ro\/wp-json\/wp\/v2\/media\/288863"}],"wp:attachment":[{"href":"https:\/\/www.europesays.com\/ro\/wp-json\/wp\/v2\/media?parent=288862"}],"wp:term":[{"taxonomy":"category","embeddable":true,"href":"https:\/\/www.europesays.com\/ro\/wp-json\/wp\/v2\/categories?post=288862"},{"taxonomy":"post_tag","embeddable":true,"href":"https:\/\/www.europesays.com\/ro\/wp-json\/wp\/v2\/tags?post=288862"}],"curies":[{"name":"wp","href":"https:\/\/api.w.org\/{rel}","templated":true}]}}