{"id":288922,"date":"2026-09-05T11:44:09","date_gmt":"2026-09-05T11:44:09","guid":{"rendered":"https:\/\/www.europesays.com\/ro\/288922\/"},"modified":"2026-09-05T11:44:09","modified_gmt":"2026-09-05T11:44:09","slug":"iphone-duo-ar-fi-pregatit-de-lansare-impreuna-cu-iphone-18-pro","status":"publish","type":"post","link":"https:\/\/www.europesays.com\/ro\/288922\/","title":{"rendered":"iPhone Duo ar fi preg\u0103tit de lansare \u00eempreun\u0103 cu iPhone 18 Pro"},"content":{"rendered":"<p>            <br style=\"clear: both; display: block; float: none;\"\/><br \/>\n<img title=\"iphone duo\" fetchpriority=\"high\" decoding=\"async\" width=\"2560\" height=\"1440\" src=\"https:\/\/www.europesays.com\/ro\/wp-content\/uploads\/2026\/09\/iphone-duo.webp\" alt=\"iphone duo\" class=\"wp-image-656459\"  \/><\/p>\n<p class=\"wp-block-paragraph\">Apple preg\u0103te\u0219te lansarea primului s\u0103u iPhone pliabil, iar numele iPhone Duo a intrat acum \u00een discu\u021bie ca posibil\u0103 denumire comercial\u0103 pentru dispozitiv, \u00een locul <a href=\"https:\/\/www.idevice.ro\/2026\/09\/04\/avantajele-iphone-ultra-fata-iphone-18-pro-dar-preturi-diferite-656330\/\" title=\"iPhone Fold\" rel=\"nofollow noopener\" target=\"_blank\">iPhone Fold<\/a>. Zvonul nu confirm\u0103 \u00eens\u0103 c\u0103 Apple a ales definitiv aceast\u0103 variant\u0103, deoarece nu exist\u0103 deocamdat\u0103 dovezi concrete privind folosirea oficial\u0103 a numelui.<\/p>\n<p><br style=\"clear: both; display: block; float: none;\"\/><a href=\"https:\/\/google.com\/preferences\/source?q=idevice.ro\" aria-label=\"Adaug\u0103 iDevice.ro ca surs\u0103 preferat\u0103 \u00een Google\" class=\"external\" rel=\"nofollow noopener\" target=\"_blank\"><img loading=\"lazy\" decoding=\"async\" src=\"data:image\/svg+xml,%3Csvg%20xmlns=\" http:=\"\" alt=\"Adaug\u0103 iDevice.ro ca surs\u0103 preferat\u0103 \u00een Google\" width=\"200\" height=\"73\" data-lazy-src=\"https:\/\/www.europesays.com\/ro\/wp-content\/uploads\/2026\/09\/1788608649_774_google_preferred_source_badge_light_en.png\"\/><\/a><\/p>\n<p class=\"wp-block-paragraph\">Denumirea iPhone Duo ar avea o leg\u0103tur\u0103 direct\u0103 cu arhitectura telefonului, deoarece termenul ar descrie cele dou\u0103 ecrane ale dispozitivului pliabil. Pentru utilizatori, diferen\u021ba este important\u0103 mai ales la nivel de pozi\u021bionare, fiindc\u0103 Apple trebuie s\u0103 aleag\u0103 un nume care s\u0103 explice rapid un produs complet nou \u00een gama iPhone.<\/p>\n<p class=\"wp-block-paragraph\">\u00cen acela\u0219i timp, iPhone Duo nu este singura variant\u0103 aflat\u0103 \u00een discu\u021bie, deoarece dispozitivul a fost asociat anterior cu denumirile iPhone Ultra \u0219i iPhone Fold. Tocmai aceast\u0103 incertitudine face ca numele final s\u0103 fie una dintre marile necunoscute \u00eenaintea evenimentului Apple programat pentru s\u0103pt\u0103m\u00e2na viitoare.<\/p>\n<p><br style=\"clear: both; display: block; float: none;\"\/><\/p>\n<p>iPhone Duo \u00een locul iPhone Fold<\/p>\n<p class=\"wp-block-paragraph\">Apple are deja un istoric cu termenul Duo, folosit \u00een trecut pentru gama PowerBook Duo din anii 1990 \u0219i pentru \u00eenc\u0103rc\u0103torul MagSafe Duo lansat mult mai t\u00e2rziu. Din aceast\u0103 perspectiv\u0103, iPhone Duo s-ar potrivi unei conven\u021bii de denumire pe care compania a mai folosit-o pentru produse construite \u00een jurul unei idei de func\u021bionare \u00een pereche.<\/p>\n<p class=\"wp-block-paragraph\">Exist\u0103 \u00eens\u0103 \u0219i un argument care poate complica alegerea, deoarece numele Duo a fost folosit anterior de alte companii importante din industria tehnologic\u0103. Microsoft a lansat Surface Duo ca smartphone Android cu dou\u0103 ecrane, iar Intel a folosit denumirile Core Duo \u0219i Core 2 Duo pentru genera\u021bii cunoscute de procesoare.<\/p>\n<p class=\"wp-block-paragraph\">Asta \u00eenseamn\u0103 c\u0103 iPhone Duo ar avea avantajul unei denumiri simple \u0219i descriptive, dar Apple ar trebui s\u0103 decid\u0103 dac\u0103 asocierea cu produse mai vechi ale altor companii conteaz\u0103 suficient de mult. Situa\u021bia nu este neobi\u0219nuit\u0103, deoarece nici termenii Ultra sau Fold nu sunt exclusivi, fiind deja utiliza\u021bi \u00een denumirile unor dispozitive concurente.<\/p>\n<p>Apple are \u0219i alte variante \u00eenaintea alegerii numelui final<\/p>\n<p class=\"wp-block-paragraph\">Varianta iPhone Ultra r\u0103m\u00e2ne puternic\u0103, mai ales pentru c\u0103 aceast\u0103 denumire ar fi deja folosit\u0103 de numero\u0219i angaja\u021bi Apple atunci c\u00e2nd se refer\u0103 intern la telefonul pliabil. Totu\u0219i, aceast\u0103 utilizare intern\u0103 nu reprezint\u0103 o confirmare c\u0103 numele comercial final va fi identic atunci c\u00e2nd produsul ajunge oficial \u00een fa\u021ba publicului.<\/p>\n<p class=\"wp-block-paragraph\">Apple folose\u0219te deja marca Ultra pentru Apple Watch Ultra, CarPlay Ultra \u0219i mai multe genera\u021bii de cipuri din seria M, ceea ce ar face aceast\u0103 alegere familiar\u0103 pentru clien\u021bi. \u00cen schimb, iPhone Duo ar transmite mai direct particularitatea constructiv\u0103 a telefonului, f\u0103r\u0103 s\u0103 insiste \u00een primul r\u00e2nd asupra pozi\u021bion\u0103rii sale ca model premium.<\/p>\n<p class=\"wp-block-paragraph\">Pentru cump\u0103r\u0103tori, numele final va conta deoarece acesta va stabili felul \u00een care primul iPhone pliabil este separat de restul gamei \u0219i prezentat ca o categorie distinct\u0103. iPhone Duo ar putea sugera imediat existen\u021ba celor dou\u0103 ecrane, \u00een timp ce Ultra ar pune accentul pe statutul superior al produsului \u00een portofoliul Apple.<\/p>\n<p class=\"wp-block-paragraph\">Evenimentul Apple a\u0219teptat s\u0103pt\u0103m\u00e2na viitoare ar trebui s\u0103 clarifice dac\u0103 iPhone Duo devine denumirea oficial\u0103 sau r\u0103m\u00e2ne doar una dintre variantele discutate \u00eenaintea lans\u0103rii. Pentru iPhone Duo, miza numelui r\u0103m\u00e2ne important\u0103, iar Apple se apropie de prezentarea primului s\u0103u iPhone pliabil, cu o alegere care va defini prima impresie asupra noii categorii.<\/p>\n<p><br style=\"clear: both; display: block; float: none;\"\/>\t\t\t<\/p>\n","protected":false},"excerpt":{"rendered":"Apple preg\u0103te\u0219te lansarea primului s\u0103u iPhone pliabil, iar numele iPhone Duo a intrat acum \u00een discu\u021bie ca posibil\u0103&hellip;\n","protected":false},"author":2,"featured_media":288923,"comment_status":"","ping_status":"","sticky":false,"template":"","format":"standard","meta":{"footnotes":"","_share_on_mastodon":"0"},"categories":[16],"tags":[83,30909,19812,41,40,38,39,141,124],"class_list":["post-288922","post","type-post","status-publish","format-standard","has-post-thumbnail","category-tehnologie","tag-apple","tag-iphone-18-pro","tag-iphone-pliabil","tag-ro","tag-romana","tag-romania","tag-romanian","tag-technology","tag-tehnologie"],"share_on_mastodon":{"url":"https:\/\/pubeurope.com\/@ro\/117218264291551123","error":""},"_links":{"self":[{"href":"https:\/\/www.europesays.com\/ro\/wp-json\/wp\/v2\/posts\/288922","targetHints":{"allow":["GET"]}}],"collection":[{"href":"https:\/\/www.europesays.com\/ro\/wp-json\/wp\/v2\/posts"}],"about":[{"href":"https:\/\/www.europesays.com\/ro\/wp-json\/wp\/v2\/types\/post"}],"author":[{"embeddable":true,"href":"https:\/\/www.europesays.com\/ro\/wp-json\/wp\/v2\/users\/2"}],"replies":[{"embeddable":true,"href":"https:\/\/www.europesays.com\/ro\/wp-json\/wp\/v2\/comments?post=288922"}],"version-history":[{"count":0,"href":"https:\/\/www.europesays.com\/ro\/wp-json\/wp\/v2\/posts\/288922\/revisions"}],"wp:featuredmedia":[{"embeddable":true,"href":"https:\/\/www.europesays.com\/ro\/wp-json\/wp\/v2\/media\/288923"}],"wp:attachment":[{"href":"https:\/\/www.europesays.com\/ro\/wp-json\/wp\/v2\/media?parent=288922"}],"wp:term":[{"taxonomy":"category","embeddable":true,"href":"https:\/\/www.europesays.com\/ro\/wp-json\/wp\/v2\/categories?post=288922"},{"taxonomy":"post_tag","embeddable":true,"href":"https:\/\/www.europesays.com\/ro\/wp-json\/wp\/v2\/tags?post=288922"}],"curies":[{"name":"wp","href":"https:\/\/api.w.org\/{rel}","templated":true}]}}