{"id":288944,"date":"2026-09-05T12:11:08","date_gmt":"2026-09-05T12:11:08","guid":{"rendered":"https:\/\/www.europesays.com\/ro\/288944\/"},"modified":"2026-09-05T12:11:08","modified_gmt":"2026-09-05T12:11:08","slug":"audiente-vocea-romaniei-versus-insula-iubirii-cati-romani-s-au-uitat-la-emisiunile-de-la-protv-si-antena-1","status":"publish","type":"post","link":"https:\/\/www.europesays.com\/ro\/288944\/","title":{"rendered":"AUDIEN\u021aE Vocea Rom\u00e2niei versus Insula Iubirii. C\u00e2\u021bi rom\u00e2ni s-au uitat la emisiunile de la ProTV \u0219i Antena 1"},"content":{"rendered":"<p class=\"wp-block-paragraph\">Emisiunile de la ProTv \u0219i Antena 1, Vocea Rom\u00e2niei \u0219i Insula Iubirii, au debutat vineri cu noi sezoane.<\/p>\n<p class=\"wp-block-paragraph\">Pro TV a surclasat competi\u021bia cu edi\u021bia de vineri a emisiunii \u201eVocea Rom\u00e2niei\u201d din noul sezon.<\/p>\n<p class=\"wp-block-paragraph\">Show-ul prezentat de Pavel Barto\u0219 a fost lider de audien\u021b\u0103 \u00een primetime, potrivit datelor analizate de <a href=\"https:\/\/www.paginademedia.ro\/stiri-media\/audiente-vocea-romaniei-insula-iubirii-4-septembrie-22698101\" target=\"_blank\" rel=\"noreferrer noopener nofollow\">Pagina de Media<\/a>.<\/p>\n<p class=\"wp-block-paragraph\">Emisiunea a fost urm\u0103rit\u0103 \u00een medie de aproape un milion de telespectatori, dep\u0103\u0219ind premiera \u201eInsula Iubirii\u201d de la Antena 1, care s-a clasat pe locul al doilea, cu circa 700.000 de persoane care au urm\u0103rit reality show-ul filmat \u00een Thailanda.<\/p>\n<p class=\"wp-block-paragraph\">Audien\u0163a posturilor TV de vineri, 4 septembrie, pe intervalul 20.30 \u2013 00.00, la nivel na\u021bional:<\/p>\n<ol class=\"wp-block-list\">\n<li>Pro TV \u2013 988.000<\/li>\n<li>Antena 1 \u2013 699.000<\/li>\n<li>Kanal D \u2013 472.000<\/li>\n<li>DigiSport 1 \u2013 241.000<\/li>\n<li>Rom\u00e2nia TV \u2013 237.000<\/li>\n<\/ol>\n","protected":false},"excerpt":{"rendered":"Emisiunile de la ProTv \u0219i Antena 1, Vocea Rom\u00e2niei \u0219i Insula Iubirii, au debutat vineri cu noi sezoane.&hellip;\n","protected":false},"author":2,"featured_media":288945,"comment_status":"","ping_status":"","sticky":false,"template":"","format":"standard","meta":{"footnotes":"","_share_on_mastodon":"0"},"categories":[18],"tags":[171,170,41,40,38,39],"class_list":["post-288944","post","type-post","status-publish","format-standard","has-post-thumbnail","category-divertisment","tag-divertisment","tag-entertainment","tag-ro","tag-romana","tag-romania","tag-romanian"],"share_on_mastodon":{"url":"https:\/\/pubeurope.com\/@ro\/117218370066270215","error":""},"_links":{"self":[{"href":"https:\/\/www.europesays.com\/ro\/wp-json\/wp\/v2\/posts\/288944","targetHints":{"allow":["GET"]}}],"collection":[{"href":"https:\/\/www.europesays.com\/ro\/wp-json\/wp\/v2\/posts"}],"about":[{"href":"https:\/\/www.europesays.com\/ro\/wp-json\/wp\/v2\/types\/post"}],"author":[{"embeddable":true,"href":"https:\/\/www.europesays.com\/ro\/wp-json\/wp\/v2\/users\/2"}],"replies":[{"embeddable":true,"href":"https:\/\/www.europesays.com\/ro\/wp-json\/wp\/v2\/comments?post=288944"}],"version-history":[{"count":0,"href":"https:\/\/www.europesays.com\/ro\/wp-json\/wp\/v2\/posts\/288944\/revisions"}],"wp:featuredmedia":[{"embeddable":true,"href":"https:\/\/www.europesays.com\/ro\/wp-json\/wp\/v2\/media\/288945"}],"wp:attachment":[{"href":"https:\/\/www.europesays.com\/ro\/wp-json\/wp\/v2\/media?parent=288944"}],"wp:term":[{"taxonomy":"category","embeddable":true,"href":"https:\/\/www.europesays.com\/ro\/wp-json\/wp\/v2\/categories?post=288944"},{"taxonomy":"post_tag","embeddable":true,"href":"https:\/\/www.europesays.com\/ro\/wp-json\/wp\/v2\/tags?post=288944"}],"curies":[{"name":"wp","href":"https:\/\/api.w.org\/{rel}","templated":true}]}}