{"id":288984,"date":"2026-09-05T12:48:13","date_gmt":"2026-09-05T12:48:13","guid":{"rendered":"https:\/\/www.europesays.com\/ro\/288984\/"},"modified":"2026-09-05T12:48:13","modified_gmt":"2026-09-05T12:48:13","slug":"ecosistemul-de-accesorii-baseus-adopta-culoarea-dark-cherry-red-inainte-de-lansarea-iphone-18-pro","status":"publish","type":"post","link":"https:\/\/www.europesays.com\/ro\/288984\/","title":{"rendered":"Ecosistemul de accesorii Baseus adopt\u0103 culoarea Dark Cherry Red \u00eenainte de lansarea iPhone 18 Pro."},"content":{"rendered":"<p>De\u0219i Apple nu a prezentat oficial iPhone 18 Pro \u0219i <a class=\"data-link\" data-org-href=\"https:\/\/www.vietnam.vn\/ro\/tag\/iphone-18-pro-max\" href=\"https:\/\/www.vietnam.vn\/ro\/tag\/iphone-18-pro-max\" title=\"iPhone 18 Pro Max\" target=\"_blank\" rel=\"nofollow noopener\">iPhone 18 Pro Max<\/a> , brandul Baseus a lansat rapid o serie de accesorii \u00een schema de culori Dark Cherry. Acest ecosistem include \u00eenc\u0103rc\u0103toare, baterii externe \u0219i cabluri care se conecteaz\u0103 la c\u0103\u0219ti wireless, demonstr\u00e2nd o preg\u0103tire timpurie pentru a valorifica noul trend de design.<\/p>\n<p> Ro\u0219u \u00eenchis cire\u0219 \u0219i a\u0219tept\u0103ri pentru noua genera\u021bie de iPhone Pro<\/p>\n<p> \u00cen fiecare an, <a class=\"data-link\" data-org-href=\"https:\/\/www.vietnam.vn\/ro\/tag\/apple\" href=\"https:\/\/www.vietnam.vn\/ro\/tag\/apple\" title=\"M\u0103r\" target=\"_blank\" rel=\"nofollow noopener\">Apple<\/a> adaug\u0103 de obicei o not\u0103 distinctiv\u0103 liniei iPhone Pro prin introducerea unei noi op\u021biuni de culoare. \u00cen 2026, scurgerile de informa\u021bii au men\u021bionat \u00een mod repetat Dark Cherry \u2013 o nuan\u021b\u0103 intens\u0103 de ro\u0219u-cire\u0219 despre care se zvone\u0219te c\u0103 va ap\u0103rea pe iPhone 18 Pro \u0219i iPhone 18 Pro Max.<\/p>\n<p> Culoarea Dark Cherry este descris\u0103 ca un ro\u0219u intens, p\u0103m\u00e2ntiu, oferind o senza\u021bie mai luxoas\u0103 \u0219i mai matur\u0103 dec\u00e2t variantele anterioare de ro\u0219u. Se a\u0219teapt\u0103 ca aceast\u0103 op\u021biune de culoare s\u0103 atrag\u0103 utilizatorii care anterior au iubit linia Product (RED), satisf\u0103c\u00e2nd totodat\u0103 cererea pentru un dispozitiv atr\u0103g\u0103tor care s\u0103 p\u0103streze \u00een continuare o estetic\u0103 rafinat\u0103.<\/p>\n<p> Ecosistemul de accesorii Baseus PicoGo cu design coordonat \u00een culori.<\/p>\n<p>S-ar putea s\u0103 v\u0103 plac\u0103 \u0219i<\/p>\n<p> \u00cen loc s\u0103 lanseze un singur produs, Baseus a implementat culoarea Dark Cherry pe \u00eentreaga sa linie de accesorii PicoGo, oferind o gam\u0103 complet\u0103 de dispozitive esen\u021biale pentru utilizatorii de dispozitive mobile. <\/p>\n<p><img decoding=\"async\" style=\"cursor:pointer\" src=\"https:\/\/www.europesays.com\/ro\/wp-content\/uploads\/2026\/09\/1788602021581_img_c8b38be9.jpeg\" alt=\"Ecosistemul de accesorii Baseus PicoGo \u00een schema de culori Dark Cherry\"\/><\/p>\n<p> Catalogul de accesorii Dark Cherry de la Baseus include c\u00e2teva dispozitive demne de remarcat:<\/p>\n<ul>\n<li> \u00cenc\u0103rc\u0103torul Baseus PicoGo Pro AH22: Echipat cu 3 porturi USB-C convenabile, lansat pe 4 septembrie.<\/li>\n<li> Cablu de \u00eenc\u0103rcare FrostCore ro\u0219u-cire\u0219: Design \u00eempletit durabil, cu o schem\u0103 de culori care se potrive\u0219te perfect cu \u00eenc\u0103rc\u0103torul.<\/li>\n<li> Baterie extern\u0103: At\u00e2t versiunea PicoGo AM52, c\u00e2t \u0219i cea PicoGo Air sunt disponibile \u00eentr-o culoare ro\u0219u-cire\u0219 intens \u0219i permit \u00eenc\u0103rcarea mobil\u0103 convenabil\u0103.<\/li>\n<li> C\u0103\u0219ti wireless: Design deschis cu cleme moderne pentru urechi, finisate \u00eentr-o schem\u0103 de culori asortat\u0103.<\/li>\n<\/ul>\n<p> Strategia de avangard\u0103 a pie\u021bei a produc\u0103torilor de accesorii.<\/p>\n<p> Lansarea de c\u0103tre Baseus a unui set complet de accesorii \u00eenainte de anun\u021bul produsului de c\u0103tre Apple este o mi\u0219care demn\u0103 de remarcat. De\u0219i Apple nu a confirmat \u00eenc\u0103 oficial adoptarea culorii Dark Cherry pentru genera\u021bia iPhone 18 Pro, aceast\u0103 ac\u021biune demonstreaz\u0103 \u00eencrederea m\u0103rcii de accesorii \u00een informa\u021biile scurse. <\/p>\n<p>S-ar putea s\u0103 v\u0103 plac\u0103 \u0219i<\/p>\n<p><img decoding=\"async\" style=\"cursor:pointer\" src=\"https:\/\/www.europesays.com\/ro\/wp-content\/uploads\/2026\/09\/1788602024550_img_ede84723.jpeg\" alt=\"Accesoriile Baseus Dark Cherry sunt lansate \u00eenainte de lansarea noului iPhone.\"\/><\/p>\n<p> Dac\u0103 iPhone 18 Pro \u0219i iPhone 18 Pro Max vor fi lansate cu op\u021biunea Dark Cherry, utilizatorii vor avea imediat la dispozi\u021bie un ecosistem de accesorii pl\u0103cute din punct de vedere estetic. Faptul c\u0103 vor avea la dispozi\u021bie totul, de la \u00eenc\u0103rc\u0103toare \u0219i baterii externe p\u00e2n\u0103 la c\u0103\u0219ti, va permite produc\u0103torilor de accesorii s\u0103 c\u00e2\u0219tige rapid cot\u0103 de pia\u021b\u0103 imediat ce dispozitivele Apple vor fi puse oficial \u00een v\u00e2nzare.<\/p>\n<p class=\"mb-0\"> Surs\u0103: https:\/\/baodanang.vn\/he-sinh-thai-phu-kien-baseus-don-dau-sac-do-dark-cherry-truc-ngay-iphone-18-pro-ra-mat-3351102.html<\/p>\n","protected":false},"excerpt":{"rendered":"De\u0219i Apple nu a prezentat oficial iPhone 18 Pro \u0219i iPhone 18 Pro Max , brandul Baseus a&hellip;\n","protected":false},"author":2,"featured_media":288985,"comment_status":"","ping_status":"","sticky":false,"template":"","format":"standard","meta":{"footnotes":"","_share_on_mastodon":"0"},"categories":[16],"tags":[79474,69765,79475,30909,17335,41,40,38,39,141,124],"class_list":["post-288984","post","type-post","status-publish","format-standard","has-post-thumbnail","category-tehnologie","tag-accesorii-pentru-iphone","tag-baseus-picogo","tag-cires-inchis","tag-iphone-18-pro","tag-iphone-18-pro-max","tag-ro","tag-romana","tag-romania","tag-romanian","tag-technology","tag-tehnologie"],"share_on_mastodon":{"url":"https:\/\/pubeurope.com\/@ro\/117218515944204702","error":""},"_links":{"self":[{"href":"https:\/\/www.europesays.com\/ro\/wp-json\/wp\/v2\/posts\/288984","targetHints":{"allow":["GET"]}}],"collection":[{"href":"https:\/\/www.europesays.com\/ro\/wp-json\/wp\/v2\/posts"}],"about":[{"href":"https:\/\/www.europesays.com\/ro\/wp-json\/wp\/v2\/types\/post"}],"author":[{"embeddable":true,"href":"https:\/\/www.europesays.com\/ro\/wp-json\/wp\/v2\/users\/2"}],"replies":[{"embeddable":true,"href":"https:\/\/www.europesays.com\/ro\/wp-json\/wp\/v2\/comments?post=288984"}],"version-history":[{"count":0,"href":"https:\/\/www.europesays.com\/ro\/wp-json\/wp\/v2\/posts\/288984\/revisions"}],"wp:featuredmedia":[{"embeddable":true,"href":"https:\/\/www.europesays.com\/ro\/wp-json\/wp\/v2\/media\/288985"}],"wp:attachment":[{"href":"https:\/\/www.europesays.com\/ro\/wp-json\/wp\/v2\/media?parent=288984"}],"wp:term":[{"taxonomy":"category","embeddable":true,"href":"https:\/\/www.europesays.com\/ro\/wp-json\/wp\/v2\/categories?post=288984"},{"taxonomy":"post_tag","embeddable":true,"href":"https:\/\/www.europesays.com\/ro\/wp-json\/wp\/v2\/tags?post=288984"}],"curies":[{"name":"wp","href":"https:\/\/api.w.org\/{rel}","templated":true}]}}