{"id":288994,"date":"2026-09-05T12:55:11","date_gmt":"2026-09-05T12:55:11","guid":{"rendered":"https:\/\/www.europesays.com\/ro\/288994\/"},"modified":"2026-09-05T12:55:11","modified_gmt":"2026-09-05T12:55:11","slug":"mai-ai-aplicatii-intel-pe-mac-ar-fi-indicat-sa-verifici-daca-exista-variante-apple-silicon","status":"publish","type":"post","link":"https:\/\/www.europesays.com\/ro\/288994\/","title":{"rendered":"Mai ai aplica\u021bii Intel pe Mac? Ar fi indicat s\u0103 verifici dac\u0103 exist\u0103 variante Apple silicon"},"content":{"rendered":"<p>Avertismentele Apple despre aplica\u021biile Intel m-au f\u0103cut mai prudent cu update-urile de macOS. MacBook-ul de serviciu este computerul pe care petrec peste opt ore zilnic \u0219i pe care editez inclusiv materialele video Mobilissimo, a\u0219a c\u0103 orice posibil\u0103 incompatibilitate software o tratez ceva mai serios. Iar <a href=\"https:\/\/developer.apple.com\/news\/?id=w5ngl9k2\" rel=\"nofollow noopener noreferrer\" target=\"_blank\">Apple a \u00eenceput s\u0103 avertizeze explicit<\/a> utilizatorii c\u0103 aplica\u021biile care depind de Rosetta trebuie actualizate pentru Apple silicon.<\/p>\n<p>Important de l\u0103murit de la \u00eenceput: macOS Tahoe ruleaz\u0103 \u00een continuare aplica\u021biile Intel prin Rosetta. Nu Tahoe era problema \u0219i nici nu aveam dou\u0103 programe care refuzau s\u0103 porneasc\u0103 dup\u0103 update. Reticen\u021ba mea venea mai degrab\u0103 din mesajele care apar \u00een macOS atunci c\u00e2nd porne\u0219ti software dependent de Rosetta \u0219i din faptul c\u0103 Apple a pus deja un termen acestei perioade de tranzi\u021bie.<\/p>\n<p>Avertismentele \u0219i-au f\u0103cut \u00eens\u0103 treaba. \u00cen loc s\u0103 le ignor \u0219i s\u0103 las verificarea pentru momentul \u00een care Rosetta chiar dispare, am \u00eenceput s\u0103 m\u0103 uit la aplica\u021biile Intel pe care \u00eenc\u0103 le folosesc. Dou\u0103 dintre ele sunt importante pentru mine: clien\u021bii software pentru sistemele de camere Dahua \u0219i Reolink.<\/p>\n<p>Rosetta \u00eenc\u0103 ne ajut\u0103. Dar acum \u0219tim \u0219i p\u00e2n\u0103 c\u00e2nd<\/p>\n<p>Apple a introdus Rosetta odat\u0103 cu trecerea Mac-urilor de la Intel la propriile procesoare, \u00een 2020. Pentru utilizator, mecanismul lucreaz\u0103 aproape invizibil: o aplica\u021bie construit\u0103 pentru arhitectura x86_64 poate continua s\u0103 ruleze pe un Mac cu Apple silicon.<\/p>\n<p style=\"text-align:center\"><img decoding=\"async\" alt=\"Rosetta \u00eenc\u0103 ne ajut\u0103\" src=\"https:\/\/www.europesays.com\/ro\/wp-content\/uploads\/2026\/09\/download - 2026-09-05T131201_302.jpeg\" style=\"height:395px; width:592px\"\/><\/p>\n<p>macOS Tahoe 26 p\u0103streaz\u0103 acest mecanism, iar Apple spune c\u0103 Rosetta va continua s\u0103 fie disponibil\u0103 ca solu\u021bie general\u0103 \u0219i \u00een macOS 27. Din macOS 28, suportul va r\u0103m\u00e2ne doar \u00eentr-o form\u0103 limitat\u0103 pentru anumite jocuri vechi \u0219i ne\u00eentre\u021binute.<\/p>\n<p>Pe Mobilissimo am urm\u0103rit deja <a href=\"https:\/\/www.mobilissimo.ro\/stiri-diverse\/tranzitia-se-incheie-macos-27-marcheaza-sfarsitul-pentru-intel-mac\" rel=\"nofollow noopener\" target=\"_blank\">finalul tranzi\u021biei Mac de la Intel<\/a>, iar \u00eentre timp vedem \u0219i dezvoltatori care fac ultimii pa\u0219i. Inclusiv <a href=\"https:\/\/www.mobilissimo.ro\/stiri-diverse\/steam-devine-aplicatie-nativa-pentru-apple-silicon-actualizarea-vine-in-contextul-retragerii-rosetta-2\" rel=\"nofollow noopener\" target=\"_blank\">Steam a primit versiune nativ\u0103 pentru Apple silicon<\/a>.<\/p>\n<p>Pentru mine, mesajul util al acestor avertismente a devenit altul: nu a\u0219tepta dispari\u021bia Rosetta ca s\u0103 descoperi ce aplica\u021bii depind \u00eenc\u0103 de ea.<\/p>\n<p>Poate aplica\u021bia care te \u00eengrijoreaz\u0103 a fost deja actualizat\u0103<\/p>\n<p>Aici am avut eu surpriza.<\/p>\n<p>Aveam \u00een minte dou\u0103 aplica\u021bii ca fiind parte din \u201esoftware-ul vechi de care \u00eenc\u0103 depind\u201d. Sunt programele cu care accesez dou\u0103 sisteme de camere de supraveghere, unul Dahua \u0219i cel\u0103lalt Reolink. Le folosesc suficient de des \u00eenc\u00e2t s\u0103 nu vreau s\u0103 m\u0103 trezesc \u00eentr-o zi c\u0103 trebuie s\u0103 caut o solu\u021bie \u00een grab\u0103.<\/p>\n<p>C\u00e2nd le-am verificat din nou, situa\u021bia nu mai era cea pe care o \u021bineam eu minte.<\/p>\n<p>Dahua SmartPSS Lite are versiune pentru Mac-urile cu Apple silicon<\/p>\n<p>\u00cen cazul Dahua, pe pagina oficial\u0103 <a href=\"https:\/\/dahuawiki.com\/SmartPSS_Lite\" rel=\"nofollow noopener noreferrer\" target=\"_blank\">SmartPSS Lite<\/a> exist\u0103 acum separat op\u021biunea \u201emacOS M Series Download\u201d. Trebuie ap\u0103sat\u0103 pictograma Apple pentru desc\u0103rcarea variantei destinate Mac-urilor cu procesoare din seria M.<\/p>\n<p style=\"text-align:center\"><img decoding=\"async\" alt=\"Dahua SmartPSS Lite\" src=\"https:\/\/www.europesays.com\/ro\/wp-content\/uploads\/2026\/09\/2026-09-05_12-33-24.jpg\" style=\"height:353px; width:592px\"\/><\/p>\n<p>Dahua precizeaz\u0103 \u0219i c\u0103 vechiul SmartPSS nu mai este suportat pentru Mac-urile M Series \u0219i recomand\u0103 trecerea la SmartPSS Lite.<\/p>\n<p>Cu alte cuvinte, eu \u00eenc\u0103 aveam \u00een minte o dependen\u021b\u0103 de software Intel pe care produc\u0103torul o rezolvase \u00eentre timp.<\/p>\n<p>Reolink a f\u0103cut \u00eentre timp aceea\u0219i trecere<\/p>\n<p>Al doilea caz este Reolink Client. \u0218i aici am descoperit c\u0103 lucrurile au evoluat: Reolink a anun\u021bat \u00een iulie 2026 c\u0103 versiunea pentru Mac suport\u0103 at\u00e2t Apple silicon din seria M, c\u00e2t \u0219i Mac-urile cu Intel.<\/p>\n<p style=\"text-align:center\"><img decoding=\"async\" alt=\"Reolink\" src=\"https:\/\/www.europesays.com\/ro\/wp-content\/uploads\/2026\/09\/2026-09-05_12-22-05.jpg\" style=\"height:281px; width:592px\"\/><\/p>\n<p>Versiunea actual\u0103 poate fi g\u0103sit\u0103 \u00een <a href=\"https:\/\/reolink.com\/us\/software-and-manual\/\" rel=\"nofollow noopener noreferrer\" target=\"_blank\">centrul oficial de software Reolink<\/a>.<\/p>\n<p>Exact acesta este motivul pentru care scriu materialul. Uneori problema pe care o avem \u00een minte nu mai este problema de ast\u0103zi. Am instalat aplica\u021bia acum doi sau trei ani, \u0219tiu c\u0103 era Intel \u0219i continui s\u0103 o consider \u201eaplica\u021bie Intel\u201d, de\u0219i dezvoltatorul a publicat \u00eentre timp alt\u0103 versiune.<\/p>\n<p>Cum verifici dac\u0103 o aplica\u021bie de pe Mac mai este Intel<\/p>\n<p>Verificarea dureaz\u0103 c\u00e2teva secunde. Din Finder selectezi aplica\u021bia, ape\u0219i Command-I sau alegi Get Info, apoi verifici c\u00e2mpul Kind.<\/p>\n<p>Po\u021bi \u00eent\u00e2lni:<\/p>\n<ul>\n<li>Application (Intel) \u2013 aplica\u021bia este construit\u0103 pentru Intel \u0219i folose\u0219te Rosetta pe un Mac cu Apple silicon;<\/li>\n<li>Application (Universal) \u2013 include suport pentru ambele arhitecturi;<\/li>\n<li>Application (Apple silicon) \u2013 ruleaz\u0103 nativ pe procesoarele Apple.<\/li>\n<\/ul>\n<p>Mai exist\u0103 o nuan\u021b\u0103 pentru cei care lucreaz\u0103 cu software audio, video sau alte aplica\u021bii complexe. O aplica\u021bie Universal poate folosi \u00eenc\u0103 plug-in-uri ori extensii Intel \u0219i poate fi pornit\u0103 prin Rosetta tocmai pentru compatibilitatea cu acestea. Apple recomand\u0103 verificarea separat\u0103 a plug-in-urilor, extensiilor \u0219i celorlalte componente adi\u021bionale.<\/p>\n<p>A\u0219adar, nu este suficient \u00eentotdeauna s\u0103 vezi c\u0103 aplica\u021bia principal\u0103 este Universal \u0219i s\u0103 consideri subiectul \u00eenchis.<\/p>\n<p>\u201eKeep Both\u201d sau \u201eReplace\u201d? Eu am ales s\u0103 suprascriu<\/p>\n<p>La instalarea versiunilor noi am avut posibilitatea s\u0103 p\u0103strez \u0219i aplica\u021bia existent\u0103, \u0219i cea nou\u0103 sau s\u0103 o \u00eenlocuiesc pe cea veche. \u00cen ambele cazuri am ales \u201eReplace\u201d.<\/p>\n<p>Motivul a fost simplu: voiam s\u0103 p\u0103strez configura\u021biile \u0219i s\u0103 evit autentificarea de la zero \u00een sistemele camerelor. \u00cen cazul meu a func\u021bionat. Nu a trebuit s\u0103 refac autentific\u0103rile, iar configura\u021biile au r\u0103mas utilizabile.<\/p>\n<p>Ambele aplica\u021bii func\u021bioneaz\u0103 bine \u0219i dup\u0103 actualizarea MacBook-ului la macOS Tahoe.<\/p>\n<p>Nu a\u0219 lua \u00eens\u0103 cazul meu drept garan\u021bie pentru orice aplica\u021bie. Dac\u0103 programul respectiv controleaz\u0103 ceva important pentru tine, asigur\u0103-te c\u0103 ai parolele, datele de autentificare \u0219i eventual configura\u021biile salvate \u00eenainte s\u0103 \u00eel \u00eenlocuie\u0219ti.<\/p>\n<p>Dac\u0103 ai aceea\u0219i re\u021binere fa\u021b\u0103 de aplica\u021biile Intel, eu a\u0219 verifica lucrurile \u00een ordinea aceasta:<\/p>\n<ol>\n<li>vezi ce aplica\u021bii importante mai sunt Intel;<\/li>\n<li>caut\u0103 versiunea actual\u0103 direct pe site-ul dezvoltatorului;<\/li>\n<li>verific\u0103 dac\u0103 exist\u0103 variant\u0103 Universal sau Apple silicon;<\/li>\n<li>actualizeaz\u0103 aplica\u021bia \u00eenainte s\u0103 devin\u0103 urgent;<\/li>\n<li>porne\u0219te-o \u0219i testeaz\u0103 func\u021biile de care depinzi;<\/li>\n<li>verific\u0103 separat plug-in-urile sau extensiile pe care le folose\u0219te.<\/li>\n<\/ol>\n<p>Nu este nevoie s\u0103 a\u0219tept\u0103m macOS 28 pentru aceast\u0103 cur\u0103\u021benie. Din contr\u0103, c\u00e2t timp Rosetta \u00eenc\u0103 exist\u0103 avem o perioad\u0103 foarte bun\u0103 \u00een care putem face tranzi\u021bia f\u0103r\u0103 presiune.<\/p>\n<p>Ce aplica\u021bie te mai \u021bine legat de Rosetta?<\/p>\n<p>\u00cen cazul meu au fost Dahua SmartPSS Lite \u0219i Reolink Client. Ambele au acum variante potrivite pentru Apple silicon, le-am actualizat, iar dou\u0103 lucruri pe care le aveam mental pe lista \u201ede verificat \u00eenaintea urm\u0103torului macOS\u201d au disp\u0103rut de acolo.<\/p>\n<p>Sunt convins \u00eens\u0103 c\u0103 exist\u0103 aplica\u021bii mult mai ni\u0219ate: soft pentru imprimante sau scanere vechi, utilitare de re\u021bea, aplica\u021bii profesionale, plug-in-uri audio \u0219i video, programe pentru echipamente speciale. Unele poate au fost deja actualizate, altele probabil nu vor mai fi niciodat\u0103.<\/p>\n<p>De aceea mi-ar pl\u0103cea s\u0103 folosim \u0219i comentariile acestui articol ca o mic\u0103 baz\u0103 de experien\u021be. Ce aplica\u021bie Intel mai folose\u0219ti pe Mac? Ai g\u0103sit \u00eentre timp o versiune Apple silicon? Dac\u0103 nu, cum ai rezolvat problema sau ce te \u00eempiedic\u0103 \u00eenc\u0103 s\u0103 renun\u021bi la ea?<\/p>\n<p>Las\u0103 numele aplica\u021biei \u0219i solu\u021bia g\u0103sit\u0103. E foarte posibil ca urm\u0103torul cititor care caut\u0103 exact acela\u0219i program s\u0103 ajung\u0103 aici \u0219i s\u0103 scape de o grij\u0103 pe care o poart\u0103 inutil, a\u0219a cum s-a \u00eent\u00e2mplat \u00een cazul meu cu dou\u0103 dintre aplica\u021bii.<\/p>\n","protected":false},"excerpt":{"rendered":"Avertismentele Apple despre aplica\u021biile Intel m-au f\u0103cut mai prudent cu update-urile de macOS. MacBook-ul de serviciu este computerul&hellip;\n","protected":false},"author":2,"featured_media":288995,"comment_status":"","ping_status":"","sticky":false,"template":"","format":"standard","meta":{"footnotes":"","_share_on_mastodon":"0"},"categories":[16],"tags":[79479,83,35933,79477,19006,79478,41,40,38,39,79476,141,124],"class_list":["post-288994","post","type-post","status-publish","format-standard","has-post-thumbnail","category-tehnologie","tag-aplicatii-intel","tag-apple","tag-apple-silicon","tag-dahua-smartpss-lite","tag-macos","tag-reolink-client","tag-ro","tag-romana","tag-romania","tag-romanian","tag-rosetta-2","tag-technology","tag-tehnologie"],"share_on_mastodon":{"url":"https:\/\/pubeurope.com\/@ro\/117218543530277015","error":""},"_links":{"self":[{"href":"https:\/\/www.europesays.com\/ro\/wp-json\/wp\/v2\/posts\/288994","targetHints":{"allow":["GET"]}}],"collection":[{"href":"https:\/\/www.europesays.com\/ro\/wp-json\/wp\/v2\/posts"}],"about":[{"href":"https:\/\/www.europesays.com\/ro\/wp-json\/wp\/v2\/types\/post"}],"author":[{"embeddable":true,"href":"https:\/\/www.europesays.com\/ro\/wp-json\/wp\/v2\/users\/2"}],"replies":[{"embeddable":true,"href":"https:\/\/www.europesays.com\/ro\/wp-json\/wp\/v2\/comments?post=288994"}],"version-history":[{"count":0,"href":"https:\/\/www.europesays.com\/ro\/wp-json\/wp\/v2\/posts\/288994\/revisions"}],"wp:featuredmedia":[{"embeddable":true,"href":"https:\/\/www.europesays.com\/ro\/wp-json\/wp\/v2\/media\/288995"}],"wp:attachment":[{"href":"https:\/\/www.europesays.com\/ro\/wp-json\/wp\/v2\/media?parent=288994"}],"wp:term":[{"taxonomy":"category","embeddable":true,"href":"https:\/\/www.europesays.com\/ro\/wp-json\/wp\/v2\/categories?post=288994"},{"taxonomy":"post_tag","embeddable":true,"href":"https:\/\/www.europesays.com\/ro\/wp-json\/wp\/v2\/tags?post=288994"}],"curies":[{"name":"wp","href":"https:\/\/api.w.org\/{rel}","templated":true}]}}