{"id":289030,"date":"2026-09-05T13:20:12","date_gmt":"2026-09-05T13:20:12","guid":{"rendered":"https:\/\/www.europesays.com\/ro\/289030\/"},"modified":"2026-09-05T13:20:12","modified_gmt":"2026-09-05T13:20:12","slug":"jose-mourinho-frustrat-la-primul-esec-arata-de-parca-ar-fi-murit","status":"publish","type":"post","link":"https:\/\/www.europesays.com\/ro\/289030\/","title":{"rendered":"Jose Mourinho, frustrat la primul e\u0219ec: \u201eAr\u0103ta de parc\u0103 ar fi murit\u201d"},"content":{"rendered":"<p>\n            Articol de <a rel=\"author nofollow noopener\" href=\"https:\/\/www.gsp.ro\/autor\/maria-olteanu-3927.html\" target=\"_blank\">Maria Olteanu<\/a>            &#8211; Publicat sambata, 05 septembrie 2026,  08:33            \/ Actualizat sambata, 05 septembrie 2026 09:49                    <\/p>\n<p>Jose Mourinho (63 de ani) a suferit\u00a0primul e\u0219ec vineri seara pe banca celor de la Real Madrid, <a target=\"_self\" class=\"editor-link\" href=\"https:\/\/www.gsp.ro\/international\/campionate\/live-betis-real-madrid-etapa-4-la-liga-976228.html\" rel=\"nofollow noopener\">0-1 \u00een deplasare cu Betis<\/a>.\u00a0La finalul confrunt\u0103rii, tehnicianul a tras primele concluzii, nemul\u021bumit de deznod\u0103m\u00e2nt, deoarece sus\u021bine c\u0103 echipa lui ar fi meritat s\u0103 c\u00e2\u0219tige acest meci. <\/p>\n<p class=\"do-not-hide\">Real Madrid a suferit prima \u00eenfr\u00e2ngere a sezonului \u00eempotriva lui Betis. Un gol marcat pe final de Parrott a adus victoria echipei lui Pellegrini. Tehnicianul chilian devine astfel primul care \u00eel \u00eenvinge pe Mourinho \u00een al doilea s\u0103u mandat la conducerea echipei madrilene.<\/p>\n<p>Concluziile lui Mourinho, dup\u0103 primul e\u0219ec cu Real Madrid: \u201eEchipa a fost mereu la \u00een\u0103l\u021bime\u201d<\/p>\n<p>\u201eNu le-am v\u0103zut \u00een detaliu (fazele controversate). Nu m-am uitat la ele \u00een vestiar. Nu pot comenta.<\/p>\n<p>Cred c\u0103 echipa a f\u0103cut un meci grozav. Uneori pierzi \u0219i nu \u0219tii cum s\u0103 explici. Am fost foarte dominan\u021bi. Funda\u0219ii centrali au fost imperiali. Mult joc ofensiv. Dac\u0103 s-ar fi terminat la egalitate, am fi plecat frustra\u021bi. Despre Esp\u00ed&#8230; a marcat un gol fantastic, este important pentru noi. Am c\u00e2\u0219tigat puncte datorit\u0103 muncii sale, s-a descurcat bine. Va progresa, pentru c\u0103 este umil \u0219i muncitor\u201d, a \u00eenceput Mourinho conferin\u021ba de pres\u0103. <\/p>\n<p>\u201eA fost dificil s\u0103-l schimb pe Arda, pentru c\u0103 juca foarte bine. Juc\u0103torii lui Betis sunt mai \u0219mecheri dec\u00e2t cei ai Madridului, care sunt cinsti\u021bi. La prima faz\u0103 a meciului, a fost un cartona\u0219 galben clar pentru un juc\u0103tor care l-a lovit pe Valverde, apoi altul, dar noi ne ridic\u0103m repede. <\/p>\n<p>Ei sunt mai iste\u021bi \u0219i, evident, cu sprijinul unor suporteri fantastici, reu\u0219esc astfel de lucruri. Nu \u0219tiu cum a terminat Arda prima repriz\u0103 cu un cartona\u0219 galben&#8230; A trebuit s\u0103-l scot pentru c\u0103 era \u00eentr-o situa\u021bie de risc\u201d, a explicat apoi tehnicianul, citat de <a target=\"_self\" class=\"editor-link\" href=\"https:\/\/www.marca.com\/futbol\/real-madrid\/2026\/09\/04\/mourinho-hemos-perdido-hemos-jugado-bien.html#google_vignette\" rel=\"nofollow noopener\">marca.com.<\/a><\/p>\n<blockquote>\n<p>Echipa a fost mereu la \u00een\u0103l\u021bime. Nu am v\u0103zut datele, dar am creat enorm de mult. Am ratat trei sau patru ocazii clare, iar portarul lor a avut trei sau patru parade impresionante. <\/p>\n<p>Nu am f\u0103cut schimb\u0103ri pentru c\u0103 nu eram mul\u021bumit, ci pentru a scoate de pe teren juc\u0103torii cu cartona\u0219e. Este mai bine s\u0103 joci cu Trent \u0219i Diomande dec\u00e2t cu Dumfries<\/p>\n<p>&#8211; Jose Mourinho, antrenor Real Madrid<\/p>\n<\/blockquote>\n<p>Nemul\u021bumit de arbitraj<\/p>\n<p>Pus s\u0103 comenteze maniera de arbitraj \u0219i primirea cartona\u0219ului galben, acesta a replicat:<\/p>\n<p>\u201eNu \u0219tiu de ce am primit cartona\u0219 galben. \u00cel accept. M-am ridicat pentru c\u0103 un juc\u0103tor de la Betis p\u0103rea c\u0103 a murit \u00een fa\u021ba b\u0103ncii noastre. Am v\u0103zut mult\u0103 lume frustrat\u0103 de faze, dar eu nu le-am v\u0103zut \u0219i nu pot comenta. A l\u0103sat jocul liber, \u0219i asta \u00eemi place. <\/p>\n<p>S\u0103 spun acum, dup\u0103 ce am pierdut, c\u0103 a fost din cauza unui cartona\u0219&#8230; nu o fac. Poate \u00eemi voi schimba p\u0103rerea m\u00e2ine, dar ast\u0103zi, cu senza\u021biile de pe banc\u0103, nu \u0219tiu de ce am pierdut, pentru c\u0103, la nivel colectiv, am jucat foarte bine. <\/p>\n<p>Nu am ce s\u0103 repro\u0219ez niciunui juc\u0103tor \u00een privin\u021ba atitudinii. Meritam s\u0103 c\u00e2\u0219tig\u0103m, dar meritul nu \u00ee\u021bi aduce puncte. Sunt foarte mul\u021bumit de juc\u0103torii mei. De to\u021bi. Individual, nu am ce s\u0103 le repro\u0219ez. La penalty&#8230; c\u00e2nd unul execut\u0103, mergem to\u021bi \u00eempreun\u0103\u201d, a \u00eencheiat Mourinho. <\/p>\n<p>Clasamentul din La Liga<\/p>\n","protected":false},"excerpt":{"rendered":"Articol de Maria Olteanu &#8211; Publicat sambata, 05 septembrie 2026, 08:33 \/ Actualizat sambata, 05 septembrie 2026 09:49&hellip;\n","protected":false},"author":2,"featured_media":289031,"comment_status":"","ping_status":"","sticky":false,"template":"","format":"standard","meta":{"footnotes":"","_share_on_mastodon":"0"},"categories":[5],"tags":[32,33,31,36,37,27,2163,1172,34,35,25,1083,41,40,38,39,563,26,28,29,30],"class_list":["post-289030","post","type-post","status-publish","format-standard","has-post-thumbnail","category-titluri","tag-breaking-news","tag-breakingnews","tag-cele-mai-populare-subiecte","tag-featured-news","tag-featurednews","tag-headlines","tag-jose-mourinho","tag-la-liga","tag-latest-news","tag-latestnews","tag-news","tag-real-madrid","tag-ro","tag-romana","tag-romania","tag-romanian","tag-spania","tag-stiri","tag-titluri","tag-top-stories","tag-topstories"],"share_on_mastodon":{"url":"https:\/\/pubeurope.com\/@ro\/117218641302124432","error":""},"_links":{"self":[{"href":"https:\/\/www.europesays.com\/ro\/wp-json\/wp\/v2\/posts\/289030","targetHints":{"allow":["GET"]}}],"collection":[{"href":"https:\/\/www.europesays.com\/ro\/wp-json\/wp\/v2\/posts"}],"about":[{"href":"https:\/\/www.europesays.com\/ro\/wp-json\/wp\/v2\/types\/post"}],"author":[{"embeddable":true,"href":"https:\/\/www.europesays.com\/ro\/wp-json\/wp\/v2\/users\/2"}],"replies":[{"embeddable":true,"href":"https:\/\/www.europesays.com\/ro\/wp-json\/wp\/v2\/comments?post=289030"}],"version-history":[{"count":0,"href":"https:\/\/www.europesays.com\/ro\/wp-json\/wp\/v2\/posts\/289030\/revisions"}],"wp:featuredmedia":[{"embeddable":true,"href":"https:\/\/www.europesays.com\/ro\/wp-json\/wp\/v2\/media\/289031"}],"wp:attachment":[{"href":"https:\/\/www.europesays.com\/ro\/wp-json\/wp\/v2\/media?parent=289030"}],"wp:term":[{"taxonomy":"category","embeddable":true,"href":"https:\/\/www.europesays.com\/ro\/wp-json\/wp\/v2\/categories?post=289030"},{"taxonomy":"post_tag","embeddable":true,"href":"https:\/\/www.europesays.com\/ro\/wp-json\/wp\/v2\/tags?post=289030"}],"curies":[{"name":"wp","href":"https:\/\/api.w.org\/{rel}","templated":true}]}}