{"id":289060,"date":"2026-09-05T13:57:12","date_gmt":"2026-09-05T13:57:12","guid":{"rendered":"https:\/\/www.europesays.com\/ro\/289060\/"},"modified":"2026-09-05T13:57:12","modified_gmt":"2026-09-05T13:57:12","slug":"cine-este-georgiana-munteanu-concurenta-careia-irina-rimes-i-a-cantat-o-piesa-a-luptat-cot-la-cot-cu-smiley-pentru-a-o-lua-in-echipa-ai-o-voce-atat-de-intriganta-vocea-romaniei","status":"publish","type":"post","link":"https:\/\/www.europesays.com\/ro\/289060\/","title":{"rendered":"Cine este Georgiana Munteanu, concurenta c\u0103reia Irina Rimes i-a c\u00e2ntat o pies\u0103. A luptat cot la cot cu Smiley pentru a o lua \u00een echip\u0103: \u201eAi o voce at\u00e2t de intrigant\u0103\u201d. Vocea Rom\u00e2niei, 4 septembrie 2026"},"content":{"rendered":"<p>                        <a href=\"https:\/\/www.protv.ro\/autorii\/7-andreea-buinoschi\" class=\"author -image\" rel=\"nofollow noopener\" target=\"_blank\"><\/p>\n<p>                                <img loading=\"lazy\" decoding=\"async\" data- src=\"https:\/\/www.europesays.com\/ro\/wp-content\/uploads\/2026\/09\/1788616632_733_72398a75-e3b8-483c-a13f-761fb186fc5f.jpeg\" width=\"48\" height=\"48\" alt=\"Andreea Buinoschi\" class=\"img-fluid lazyload\"\/><\/p>\n<p>                        <\/a><\/p>\n<p class=\"lead\">\n            Georgiana Munteanu a convins-o pe Irina Rimes s\u0103 apeleze la \u201earma\u201d care, spune Smiley, niciodat\u0103 nu d\u0103 gre\u0219: s\u0103 \u00eei c\u00e2nte o pies\u0103. Antrenoarea, care a decis s\u0103 nu lase nicio voce bun\u0103 s\u0103 \u00eei scape \u00een ultimul ei sezon de \u201eVocea Rom\u00e2niei\u201d, s-a luptat cot la cot cu Smiley pentru a o lua \u00een echip\u0103.\n        <\/p>\n<p>Smiley: \u201e\u0102sta este un moment de: \u201eB\u0103i, e\u0219ti nebun?\u201d. Ai o voce at\u00e2t de intrigant\u0103. Mi se pare \u0219i mai fantastic faptul c\u0103 ai c\u00e2ntat a\u0219a pentru prima dat\u0103\u201d<\/p>\n<p style=\"font-weight: 400;\">Irina Rimes: \u201ePe mine m-a inspirat foarte mult momentul t\u0103u. Vreau s\u0103 \u00ee\u021bi c\u00e2nt ceva\u201d<\/p>\n<p>Cine este Georgiana Munteanu<\/p>\n<p class=\"isSelectedEnd\">Georgiana Munteanu a \u00eenceput s\u0103 c\u00e2nte \u00een jurul v\u00e2rstei de 10 ani, mai mult prin cas\u0103, f\u0103r\u0103 s\u0103 se g\u00e2ndeasc\u0103 atunci la o carier\u0103 \u00een muzic\u0103. O prieten\u0103 a fost prima persoan\u0103 care i-a spus c\u0103 are voce, \u00eens\u0103 abia dup\u0103 ce s-a mutat \u00een Bucure\u0219ti, \u00een urm\u0103 cu aproximativ \u0219ase ani, a \u00eenceput s\u0103 ia lec\u021bii de canto.<\/p>\n<p class=\"isSelectedEnd\">Parcursul ei a fost p\u00e2n\u0103 atunci unul strict academic. A studiat \u0219tiin\u021be \u0219i inginerie \u0219i a ales Politehnica, consider\u00e2nd c\u0103 este drumul sigur pe care trebuia s\u0103 mearg\u0103. La 21 de ani s-a angajat \u00eentr-o corpora\u021bie \u0219i a lucrat \u00een IT, \u00eens\u0103, de\u0219i avea stabilitate profesional\u0103, Georgiana Munteanu nu se sim\u021bea deloc \u00eemplinit\u0103.georgianamunteanugeorgianamunteanu<\/p>\n<p class=\"isSelectedEnd\">Momentul de cotitur\u0103 a venit atunci c\u00e2nd \u0219i-a imaginat cum ar privi via\u021ba sa peste ani \u0219i s-a \u00eentrebat dac\u0103 ar fi m\u00e2ndr\u0103 de omul care devenise. R\u0103spunsul a fost negativ, iar aceast\u0103 realizare a determinat-o s\u0103 renun\u021be la inginerie \u0219i s\u0103 fac\u0103 o schimbare radical\u0103. \u00cen urm\u0103 cu aproximativ un an \u0219i jum\u0103tate, a \u00eenceput, spune ea, s\u0103 tr\u0103iasc\u0103 \u00een adev\u0103ratul sens al cuv\u00e2ntului: a \u00eenceput cursurile de canto, iar, ulterior, a devenit chiar profesoar\u0103 de canto \u00een acela\u0219i loc.<\/p>\n<p class=\"isSelectedEnd\">\u00cen perioada \u00een care lucra \u00een IT \u0219i locuia singur\u0103 \u00een Bucure\u0219ti, Georgiana Munteanu a trecut \u0219i printr-o perioad\u0103 dificil\u0103. Nu sim\u021bea c\u0103 are suficient sprijin \u00een jurul ei, iar muzica a devenit treptat refugiul care a ajutat-o s\u0103 ias\u0103 din acea stare. Spune c\u0103, mult timp, s-a sim\u021bit captiv\u0103 \u00eentr-o via\u021b\u0103 construit\u0103 \u00een jurul ideii de stabilitate \u0219i nu a avut curajul s\u0103 lase muzica s\u0103-i ghideze drumul.<\/p>\n<p class=\"isSelectedEnd\">P\u0103rin\u021bii ei, mama \u00eengrijitoare la gr\u0103dini\u021b\u0103 \u0219i tat\u0103l mecanic, nu au \u00eencurajat-o ini\u021bial s\u0103 urmeze o carier\u0103 artistic\u0103. Georgiana Munteanu crede c\u0103, dac\u0103 ar putea da timpul \u00eenapoi, s-ar \u00eencuraja singur\u0103 \u00eenc\u0103 de la 18 ani s\u0103 fac\u0103 ceea ce \u00eei place. De\u0219i au fost sceptici la \u00eenceput \u00een privin\u021ba schimb\u0103rii, p\u0103rin\u021bii au ajuns s\u0103 aib\u0103 \u00eencredere \u00een decizia ei.<\/p>\n<p class=\"isSelectedEnd\">Ast\u0103zi, Georgiana Munteanu se vede mult mai curajoas\u0103 \u0219i mai deschis\u0103 c\u0103tre experien\u021be noi. Nu a mai c\u00e2ntat pe o scen\u0103 p\u00e2n\u0103 acum, astfel c\u0103 participarea la \u201eVocea Rom\u00e2niei\u201d reprezint\u0103 o provocare uria\u0219\u0103, dar \u0219i o experien\u021b\u0103 pe care o consider\u0103 onorant\u0103. A urm\u0103rit emisiunea \u00eenc\u0103 din copil\u0103rie \u0219i a decis, \u00eentr-o zi obi\u0219nuit\u0103, s\u0103 se \u00eenscrie. Indiferent de rezultat, simte c\u0103 este deja mai aproape de via\u021ba pe care \u00ee\u0219i dore\u0219te s\u0103 o tr\u0103iasc\u0103.<\/p>\n<p class=\"pf0\">VEZI MOMENTUL INTEGRAL \u0218I DECIZIA CONCURENTULUI \u00ceN VIDEOCLIPUL DE MAI SUS <\/p>\n","protected":false},"excerpt":{"rendered":"Georgiana Munteanu a convins-o pe Irina Rimes s\u0103 apeleze la \u201earma\u201d care, spune Smiley, niciodat\u0103 nu d\u0103 gre\u0219:&hellip;\n","protected":false},"author":2,"featured_media":289061,"comment_status":"","ping_status":"","sticky":false,"template":"","format":"standard","meta":{"footnotes":"","_share_on_mastodon":"0"},"categories":[18],"tags":[171,170,79510,41,40,38,39,176,79441,79442,79443],"class_list":["post-289060","post","type-post","status-publish","format-standard","has-post-thumbnail","category-divertisment","tag-divertisment","tag-entertainment","tag-georgiana-munteanu","tag-ro","tag-romana","tag-romania","tag-romanian","tag-vocea-romaniei","tag-vocea-romaniei-2026","tag-vocea-romaniei-4-septembrie-2026","tag-vocea-romaniei-sezonul-14"],"share_on_mastodon":{"url":"https:\/\/pubeurope.com\/@ro\/117218787226764231","error":""},"_links":{"self":[{"href":"https:\/\/www.europesays.com\/ro\/wp-json\/wp\/v2\/posts\/289060","targetHints":{"allow":["GET"]}}],"collection":[{"href":"https:\/\/www.europesays.com\/ro\/wp-json\/wp\/v2\/posts"}],"about":[{"href":"https:\/\/www.europesays.com\/ro\/wp-json\/wp\/v2\/types\/post"}],"author":[{"embeddable":true,"href":"https:\/\/www.europesays.com\/ro\/wp-json\/wp\/v2\/users\/2"}],"replies":[{"embeddable":true,"href":"https:\/\/www.europesays.com\/ro\/wp-json\/wp\/v2\/comments?post=289060"}],"version-history":[{"count":0,"href":"https:\/\/www.europesays.com\/ro\/wp-json\/wp\/v2\/posts\/289060\/revisions"}],"wp:featuredmedia":[{"embeddable":true,"href":"https:\/\/www.europesays.com\/ro\/wp-json\/wp\/v2\/media\/289061"}],"wp:attachment":[{"href":"https:\/\/www.europesays.com\/ro\/wp-json\/wp\/v2\/media?parent=289060"}],"wp:term":[{"taxonomy":"category","embeddable":true,"href":"https:\/\/www.europesays.com\/ro\/wp-json\/wp\/v2\/categories?post=289060"},{"taxonomy":"post_tag","embeddable":true,"href":"https:\/\/www.europesays.com\/ro\/wp-json\/wp\/v2\/tags?post=289060"}],"curies":[{"name":"wp","href":"https:\/\/api.w.org\/{rel}","templated":true}]}}