{"id":289164,"date":"2026-09-05T16:13:12","date_gmt":"2026-09-05T16:13:12","guid":{"rendered":"https:\/\/www.europesays.com\/ro\/289164\/"},"modified":"2026-09-05T16:13:12","modified_gmt":"2026-09-05T16:13:12","slug":"ideea-comisiei-europene-de-crestere-a-taxelor-aspru-contestata-de-catre-florin-citu-cea-mai-proasta-si-cea-mai-nociva-decizie-posibila-acum","status":"publish","type":"post","link":"https:\/\/www.europesays.com\/ro\/289164\/","title":{"rendered":"Ideea Comisiei Europene de cre\u0219tere a taxelor, aspru contestat\u0103 de c\u0103tre Florin C\u00ee\u021bu: \u201eCea mai proast\u0103 \u0219i cea mai nociv\u0103 decizie posibil\u0103 acum\u201d"},"content":{"rendered":"<p>Sambata, 05 Septembrie 2026, ora 13:16<\/p>\n<p>3966 citiri<\/p>\n<p><a class=\"news__image\" data-href=\"https:\/\/s1.ziareromania.ro\/?mmid=7f46d56a88ed80b6e6\" data-size=\"1024x683\" title=\"Ideea Comisiei Europene de cre\u0219tere a taxelor, aspru contestat\u0103 de c\u0103tre Florin C\u00ee\u021bu: \u201eCea mai proast\u0103 \u0219i cea mai nociv\u0103 decizie posibil\u0103 acum\u201d\"><img decoding=\"async\" src=\"https:\/\/www.europesays.com\/ro\/wp-content\/uploads\/2026\/09\/Ideea-Comisiei-Europene-de-cre--tere-a-taxelor--aspru-contestat---de-c--tre-Florin-C----u-----Cea-ma.jpeg\" alt=\"Ideea Comisiei Europene de cre\u0219tere a taxelor, aspru contestat\u0103 de c\u0103tre Florin C\u00ee\u021bu: \u201eCea mai proast\u0103 \u0219i cea mai nociv\u0103 decizie posibil\u0103 acum\u201d\" title=\"Ideea Comisiei Europene de cre\u0219tere a taxelor, aspru contestat\u0103 de c\u0103tre Florin C\u00ee\u021bu: \u201eCea mai proast\u0103 \u0219i cea mai nociv\u0103 decizie posibil\u0103 acum\u201d\" class=\"img-responsive\"\/><\/a><\/p>\n<p>Florin C\u00ee\u021bu, fost premier al Rom\u00e2niei \u0219i fost ministru al Finan\u021belor FOTO Hepta<\/p>\n<p>Florin C\u00ee\u021bu a lansat un atac f\u0103r\u0103 precedent la adresa Comisiei Europene. Fostul prim-ministru critic\u0103 ini\u021biativa Ursulei von der Leyen prin care cere statelor membre s\u0103 creasc\u0103 taxele.<\/p>\n<p>Majorarea taxelor \u00een Europa va avea un impact \u201edevastator\u201d, este convins C\u00ee\u021bu.<\/p>\n<p>\u201ePresiunea oficialilor CE \u0219i ai Consiliului European ca statele membre s\u0103 creasc\u0103 taxele \u00eenainte de aprobarea bugetului UE pentru urm\u0103torii \u0219apte ani este cea mai proast\u0103 \u0219i cea mai nociv\u0103 decizie posibil\u0103 acum. E o idee proast\u0103, \u00een general, s\u0103 ceri \u021b\u0103rilor din UE s\u0103 mai creasc\u0103 taxele. \u00cen contextul geopolitic actual, e devastator\u201d, a notat fostul premier, \u00een social media.<\/p>\n<p>C\u00ee\u021bu, care este recunoscut drept un adept al politicilor liberale \u0219i libertariene, crede c\u0103 Uniunea European\u0103 ar trebui s\u0103 fac\u0103 invers, adic\u0103 s\u0103 scad\u0103 taxele.<\/p>\n<p>\u201eDin contr\u0103, statele membre UE ar trebui s\u0103-\u0219i creasc\u0103 gradul de competitivitate interna\u021bional\u0103. UE are nevoie de taxe mai mici \u0219i de dereglementare. Exact opusul propunerilor care se vehiculeaz\u0103 acum la Bruxelles\u201d, a mai punctat fostul prim-ministru.<\/p>\n<p>Administra\u021bia Comisiei Europene a solicitat identificarea de noi resurse proprii la nivelul Uniunii Europene pentru a evita fie reduceri masive de buget, fie o cre\u0219tere a contribu\u021biilor na\u021bionale din partea statelor membre.<\/p>\n<p>\u00cenzestrarea militar\u0103 \u0219i decarbonizarea se num\u0103r\u0103 printre proiectele mai recente, prioritizate de administra\u021bia von der Leyen, \u00een ultimii ani, care au implicat cheltuieli masive.<\/p>\n<p>\u021ai-a pl\u0103cut articolul?<\/p>\n<p> Vrem s\u0103 producem mai multe, \u00eens\u0103 avem nevoie de sus\u021binerea ta. Orice dona\u021bie conteaz\u0103 pentru jurnalismul independent <\/p>\n","protected":false},"excerpt":{"rendered":"Sambata, 05 Septembrie 2026, ora 13:16 3966 citiri Florin C\u00ee\u021bu, fost premier al Rom\u00e2niei \u0219i fost ministru al&hellip;\n","protected":false},"author":2,"featured_media":289165,"comment_status":"","ping_status":"","sticky":false,"template":"","format":"standard","meta":{"footnotes":"","_share_on_mastodon":"0"},"categories":[12],"tags":[32,33,31,1046,36,37,23375,27,74,34,35,25,41,40,38,39,26,2234,28,29,30,88,71,72,73],"class_list":["post-289164","post","type-post","status-publish","format-standard","has-post-thumbnail","category-international","tag-breaking-news","tag-breakingnews","tag-cele-mai-populare-subiecte","tag-comisia-europeana","tag-featured-news","tag-featurednews","tag-florin-citu","tag-headlines","tag-international","tag-latest-news","tag-latestnews","tag-news","tag-ro","tag-romana","tag-romania","tag-romanian","tag-stiri","tag-taxe","tag-titluri","tag-top-stories","tag-topstories","tag-uniunea-europeana","tag-world","tag-world-news","tag-worldnews"],"share_on_mastodon":{"url":"https:\/\/pubeurope.com\/@ro\/117219321978625140","error":""},"_links":{"self":[{"href":"https:\/\/www.europesays.com\/ro\/wp-json\/wp\/v2\/posts\/289164","targetHints":{"allow":["GET"]}}],"collection":[{"href":"https:\/\/www.europesays.com\/ro\/wp-json\/wp\/v2\/posts"}],"about":[{"href":"https:\/\/www.europesays.com\/ro\/wp-json\/wp\/v2\/types\/post"}],"author":[{"embeddable":true,"href":"https:\/\/www.europesays.com\/ro\/wp-json\/wp\/v2\/users\/2"}],"replies":[{"embeddable":true,"href":"https:\/\/www.europesays.com\/ro\/wp-json\/wp\/v2\/comments?post=289164"}],"version-history":[{"count":0,"href":"https:\/\/www.europesays.com\/ro\/wp-json\/wp\/v2\/posts\/289164\/revisions"}],"wp:featuredmedia":[{"embeddable":true,"href":"https:\/\/www.europesays.com\/ro\/wp-json\/wp\/v2\/media\/289165"}],"wp:attachment":[{"href":"https:\/\/www.europesays.com\/ro\/wp-json\/wp\/v2\/media?parent=289164"}],"wp:term":[{"taxonomy":"category","embeddable":true,"href":"https:\/\/www.europesays.com\/ro\/wp-json\/wp\/v2\/categories?post=289164"},{"taxonomy":"post_tag","embeddable":true,"href":"https:\/\/www.europesays.com\/ro\/wp-json\/wp\/v2\/tags?post=289164"}],"curies":[{"name":"wp","href":"https:\/\/api.w.org\/{rel}","templated":true}]}}