{"id":289186,"date":"2026-09-05T16:29:07","date_gmt":"2026-09-05T16:29:07","guid":{"rendered":"https:\/\/www.europesays.com\/ro\/289186\/"},"modified":"2026-09-05T16:29:07","modified_gmt":"2026-09-05T16:29:07","slug":"real-madrid-sau-barcelona-spaniolii-anunta-o-surpriza-de-proportii-erling-haaland","status":"publish","type":"post","link":"https:\/\/www.europesays.com\/ro\/289186\/","title":{"rendered":"Real Madrid sau Barcelona? Spaniolii anun\u021b\u0103 o surpriz\u0103 de propor\u021bii: Erling Haaland"},"content":{"rendered":"\n<ul class=\"bullets\">\n<li>\n<p>SuperLiga: Dinamo &#8211; FCSB, s\u00e2mb\u0103t\u0103, 20:30, DGS 1<\/p>\n<\/li>\n<li>\n<p>SuperLiga: O\u021belul &#8211; Rapid, duminic\u0103, 20:30, DGS 1<\/p>\n<\/li>\n<\/ul>\n<p>Dup\u0103 ce jurnalistul Carlos Carpio a transmis recent c\u0103 transferul de la Manchester City ar putea avea loc \u00een 2027, presa din Spania aprofundat subiectul.<\/p>\n<p>Presa din capitala Spaniei: \u201dBarcelona e preg\u0103tit\u0103 s\u0103 foloseasc\u0103 clauza lui Haaland pentru a-l smulge din drumul spre Real Madrid\u201d<\/p>\n<p>Dup\u0103 ce spaniolii \u00eel d\u0103deau ca transferat pe Erling Haaland la Real Madrid \u00een vara lui 2027, presa din capitala Spaniei anun\u021b\u0103 acum o surpriz\u0103 de propor\u021bii.<\/p>\n<p>Barcelona ar putea activa clauza lui Erling Haaland de la Manchester City \u0219i s\u0103-l transfere pe starul norvegian \u00een vara lui 2027, dup\u0103 ce au primit interzis \u00een aceast\u0103 perioad\u0103 la Julian Alvarez (26 de ani), atacantul celor de la Atletico Madrid.<\/p>\n<p>\u201dBarcelona e preg\u0103tit\u0103 s\u0103 foloseasc\u0103 clauza lui Haaland pentru a-l smulge din drumul spre Real Madrid\u201d, au titrat cei de la <a href=\"https:\/\/www.bernabeudigital.com\/mercado\/barca-dispuesto-clausula-haaland-arrebatarselo-real-madrid-346384\" target=\"_blank\" rel=\"noopener nofollow\" data-skip-linkfix=\"1\">Bernabeu Digital<\/a>.<\/p>\n<p>Erling Haaland are 202 meciuri, 165 de goluri \u0219i 30 de pase decisive la Manchester City.<\/p>\n<p>Cu un contract valabil p\u00e2n\u0103 \u00een vara lui 2034 la Manchester City, Erling Haaland are o clauz\u0103 de reziliere \u00een valoare de 170 de milioane de euro<\/p>\n<ul>\n<li>220.000.000 de euro este cota de pia\u021b\u0103 a lui Erling Haaland, potrivit Transfermarkt.<\/li>\n<\/ul>\n<p>Totu\u0219i, r\u0103m\u00e2ne de v\u0103zut dac\u0103 Erling Haaland va schimba, \u00een cele din urm\u0103, echipa \u00een vara lui 2027.<\/p>\n<p>Erling Haaland s-a tuns scurt. Jude Bellingham: \u201dNu se poate\u201d<\/p>\n<p>Erling Haaland <a href=\"https:\/\/www.digisport.ro\/fotbal\/schimbare-de-look-pentru-erling-haaland-jude-bellingham-a-reactionat-nu-se-poate-4446385\" target=\"_blank\" rel=\"noopener nofollow\" data-skip-linkfix=\"1\">a renun\u021bat la p\u0103rul lung<\/a> \u0219i prins \u00een coad\u0103 \u0219i a revenit la p\u0103rul scurt, ca \u00een perioada RB Salzburg \u0219i Borussia Dortmund.<\/p>\n<p>Fanilor nu le-a venit s\u0103 cread\u0103 c\u00e2nd au v\u0103zut schimbarea de look la care a decis s\u0103 recurg\u0103 Erling Haaland.<\/p>\n<p>Galerie Foto<\/p>\n<p>\u201dDe ce? \/ Nu cred a\u0219a ceva? \/ Ce \u021bi-ai f\u0103cut? \/ Ar\u0103\u021bi ca un copil \/ Nu eram preg\u0103tit pentru a\u0219a ceva\u201d, au reac\u021bionat fanii \u00een sec\u021biunea de comentarii a post\u0103rii lui Erling Haaland cu noul s\u0103u look.<\/p>\n<p>\u0218i Jude Bellingham, fostul s\u0103u coleg de la Borussia Dortmund, a reac\u021bionat: \u201dNu se poate\u201d, a scris englezul.<\/p>\n<p>  Etichete:  <a href=\"https:\/\/www.digisport.ro\/eticheta\/manchester-city\" rel=\"nofollow noopener\" target=\"_blank\">manchester city<\/a> , <a href=\"https:\/\/www.digisport.ro\/eticheta\/real-madrid\" rel=\"nofollow noopener\" target=\"_blank\">real madrid<\/a> , <a href=\"https:\/\/www.digisport.ro\/eticheta\/barcelona\" rel=\"nofollow noopener\" target=\"_blank\">barcelona<\/a> , <a href=\"https:\/\/www.digisport.ro\/eticheta\/transfer\" rel=\"nofollow noopener\" target=\"_blank\">transfer<\/a> , <a href=\"https:\/\/www.digisport.ro\/eticheta\/erling-haaland\" rel=\"nofollow noopener\" target=\"_blank\">erling haaland<\/a>   <\/p>\n<p>Urm\u0103re\u0219te \u0219tirile digisport.ro \u0219i pe <a href=\"https:\/\/news.google.com\/publications\/CAAiENr1L9HFNMG5hpp5zTfVtpsqFAgKIhDa9S_RxTTBuYaaec031bab?ceid=RO:ro&amp;oc=3\" target=\"_blank\" rel=\"external nofollow noopener\">Google News<\/a><\/p>\n<p>   Noua Aplica\u0163ie Digi Sport poate fi desc\u0103rcat\u0103 din   <\/p>\n","protected":false},"excerpt":{"rendered":"SuperLiga: Dinamo &#8211; FCSB, s\u00e2mb\u0103t\u0103, 20:30, DGS 1 SuperLiga: O\u021belul &#8211; Rapid, duminic\u0103, 20:30, DGS 1 Dup\u0103 ce&hellip;\n","protected":false},"author":2,"featured_media":289187,"comment_status":"","ping_status":"","sticky":false,"template":"","format":"standard","meta":{"footnotes":"","_share_on_mastodon":"0"},"categories":[5],"tags":[1134,32,33,31,5195,36,37,27,34,35,1641,25,1083,41,40,38,39,26,28,29,30,379],"class_list":["post-289186","post","type-post","status-publish","format-standard","has-post-thumbnail","category-titluri","tag-barcelona","tag-breaking-news","tag-breakingnews","tag-cele-mai-populare-subiecte","tag-erling-haaland","tag-featured-news","tag-featurednews","tag-headlines","tag-latest-news","tag-latestnews","tag-manchester-city","tag-news","tag-real-madrid","tag-ro","tag-romana","tag-romania","tag-romanian","tag-stiri","tag-titluri","tag-top-stories","tag-topstories","tag-transfer"],"share_on_mastodon":{"url":"https:\/\/pubeurope.com\/@ro\/117219384583500559","error":""},"_links":{"self":[{"href":"https:\/\/www.europesays.com\/ro\/wp-json\/wp\/v2\/posts\/289186","targetHints":{"allow":["GET"]}}],"collection":[{"href":"https:\/\/www.europesays.com\/ro\/wp-json\/wp\/v2\/posts"}],"about":[{"href":"https:\/\/www.europesays.com\/ro\/wp-json\/wp\/v2\/types\/post"}],"author":[{"embeddable":true,"href":"https:\/\/www.europesays.com\/ro\/wp-json\/wp\/v2\/users\/2"}],"replies":[{"embeddable":true,"href":"https:\/\/www.europesays.com\/ro\/wp-json\/wp\/v2\/comments?post=289186"}],"version-history":[{"count":0,"href":"https:\/\/www.europesays.com\/ro\/wp-json\/wp\/v2\/posts\/289186\/revisions"}],"wp:featuredmedia":[{"embeddable":true,"href":"https:\/\/www.europesays.com\/ro\/wp-json\/wp\/v2\/media\/289187"}],"wp:attachment":[{"href":"https:\/\/www.europesays.com\/ro\/wp-json\/wp\/v2\/media?parent=289186"}],"wp:term":[{"taxonomy":"category","embeddable":true,"href":"https:\/\/www.europesays.com\/ro\/wp-json\/wp\/v2\/categories?post=289186"},{"taxonomy":"post_tag","embeddable":true,"href":"https:\/\/www.europesays.com\/ro\/wp-json\/wp\/v2\/tags?post=289186"}],"curies":[{"name":"wp","href":"https:\/\/api.w.org\/{rel}","templated":true}]}}