{"id":289192,"date":"2026-09-05T16:35:10","date_gmt":"2026-09-05T16:35:10","guid":{"rendered":"https:\/\/www.europesays.com\/ro\/289192\/"},"modified":"2026-09-05T16:35:10","modified_gmt":"2026-09-05T16:35:10","slug":"in-ce-oras-a-aparut-primul-magazin-universal-din-romania-primul-spatiu-comercial-tip-mall-infiintat-in-1928-newsweek-romania","status":"publish","type":"post","link":"https:\/\/www.europesays.com\/ro\/289192\/","title":{"rendered":"\u00cen ce ora\u0219 a ap\u0103rut primul magazin universal din Rom\u00e2nia? Primul spa\u021biu comercial tip mall, \u00eenfiin\u021bat \u00een 1928 \u2022 Newsweek Rom\u00e2nia"},"content":{"rendered":"<p>\n                    Primul magazin universal din Rom\u00e2nia a ap\u0103rut acum 112 ani, de\u0219i exist\u0103 opinii conform c\u0103rora titlul ar fi meritat de un alt spa\u021biu comercial, mult mai mare, apropiat mall-urilor de ast\u0103zi. Cu toate acestea, magazinul deschis \u00een 1914 r\u0103m\u00e2ne cel mai \u201ev\u00e2rstnic\u201d din domeniu.\n                <\/p>\n<p>\u00cen Sibiu a fost deschis, \u00een 1914, primul magazin universal din Rom\u00e2nia. Cl\u0103direa acestuia a fost ridicat\u0103 de arh. Franz Buertmes av\u00e2nd destina\u0163ia de spa\u0163iu comercial pe dou\u0103 parcele medievale de pe principala strad\u0103 a ora\u015fului, ast\u0103zi numit\u0103 Nicolae B\u0103lcescu.\u00a0<\/p>\n<p>Pe de alt\u0103 parte, primul mare magazin universal, asem\u0103n\u0103tor mall-urlilor de azi, \u0219i-a deschis por\u021bile \u00een 1928, \u00een Bucure\u0219ti, func\u021bion\u00e2nd \u0219i ast\u0103zi, cu un nume schimbat de regimul comunist.<\/p>\n<p>Sibiu, ora\u0219ul \u00een care s-a deschis primul magazin universal din Rom\u00e2nia<\/p>\n<p>\u00cen vechea cl\u0103dire de pe actuala strad\u0103 Nicolae B\u0103lcescu din Sibiu a func\u0163ionat p\u00e2n\u0103 \u00een 1890, Tipografia Closius unde s-au publicat majoritatea c\u0103r\u0163ilor rom\u00e2ne\u015fti ap\u0103rute \u00een sec. XIX \u00een Sibiu.<\/p>\n<p>Tot \u00een vechea cl\u0103dire a func\u0163ionat \u0219i filiala Sibiu a B\u0103ncii Austro-Ungare, p\u00e2n\u0103 \u00een 1909.<\/p>\n<p>Cite\u0219te \u0219i:<a href=\"https:\/\/newsweek.ro\/istorie\/orasul-unde-se-afla-cel-mai-vechi-restaurant-din-romania-mihai-viteazul-a-mancat-acolo-inainte-de-o-batalie\" target=\"_blank\" rel=\"noopener nofollow\"> Ora\u0219ul unde se afl\u0103 cel mai vechi restaurant din Rom\u00e2nia. Mihai Viteazul a m\u00e2ncat acolo \u00eenainte de o b\u0103t\u0103lie<\/a><\/p>\n<p>Cl\u0103direa mai nou\u0103, care rezist\u0103 \u0219i azi, de\u0219i a fost supus\u0103 multor interven\u021bii arhitecturale, a fost prima cl\u0103dire de pe actualul teritoriu al Rom\u00e2niei construit\u0103 cu destina\u0163ia de spa\u0163iu comercial (magazin).<\/p>\n<p>Aici, \u00een 1914, Michael Breckner (1862-1938), \u0219i-a inaugurat Magazinul Universal, primul magazin universal din Rom\u00e2nia, potrivit <a href=\"https:\/\/patrimoniu.sibiu.ro\/cladiri2\/balcescu\/206\" target=\"_blank\" rel=\"noopener nofollow\">patrimoniu.sibiu.ro.<\/a><\/p>\n<p>Magazinul s-a \u00eenchis \u00een octombrie 1930 \u00een spa\u0163iul r\u0103mas la etaj mut\u00e2ndu-se Expozi\u0163ia Industrial\u0103, venit\u0103 din str. Arhivelor, iar la parter Magazinul de \u00eenc\u0103l\u0163\u0103minte Filt, care era cel mai vechi magazin de \u00eenc\u0103l\u0163\u0103minte din Ardeal.\u00a0<\/p>\n<p>\u00cen noiembrie 1940, magazinul a fost cump\u0103rat de Walter Ipsen care \u00eei p\u0103streaz\u0103 \u015fi vechea denumire.<\/p>\n<p><img decoding=\"async\" class=\"w-full h-full object-cover\" src=\"https:\/\/www.europesays.com\/ro\/wp-content\/uploads\/2026\/09\/aHR0cHM6Ly9uZXdzd2Vlay5yby9zdG9yYWdlL211bHRpbWVkaWEvMjAyNi8wOS9xb2JKQTBaNnoxQlRMM0NHSFExTnA5Zjcxd0hQ.webp\" alt=\"Magazin universal Sibiu\"\/>&#13;<br \/>\nPrimul magazin universal, deschis la Sibiu &#8211; Foto: zilesinopti.ro (rol ilustrativ)&#13;<\/p>\n<p>Dup\u0103 Al Doilea R\u0103zboi Mondial, la parter a continuat s\u0103 existe un magazin de \u00eenc\u0103l\u0163\u0103minte &#8211; Gaston &#8211; care a rezistat, sub diferite denumiri, p\u00e2n\u0103 \u00een 1954.\u00a0<\/p>\n<p>Atunci, \u00een regimul comunist, a fost modificat \u00een magazin pentru copii, cu numele \u201eUniversal\u201d apoi, din 1979, \u201eBucuria Copiilor\u201d.\u00a0<\/p>\n<p>Dup\u0103 Revolu\u0163ie, Banca Comercial\u0103 din Rom\u00e2nia a cump\u0103rat cl\u0103direa, a restaurat-o \u015fi i-a redat vechiul rost.<\/p>\n<p>\u00cen 2012 s-a reamenajat drept magazin, iar din 2020 totul s-a transformat \u00eentr-un spa\u021biu de alimenta\u021bie public\u0103.<\/p>\n<p>Doar 14 ani mai t\u00e2rziu dec\u00e2t cel din Sibiu, \u0219i-a deschis por\u021bile \u00een Bucure\u0219ti \u0219i ceea ce este considerat primul mare magazin universal din \u021bar\u0103, unul asem\u0103n\u0103tor mall-urilor de ast\u0103zi.<\/p>\n<p>Galeriile Lafayette din Bucure\u0219ti, primul mare magazin universal de ti\u0103p mall<\/p>\n<p>Pe Calea Victoriei, l\u00e2ng\u0103 cl\u0103direa Bucharest Financial Plaza, exist\u0103 o construc\u021bie \u00een stilul ArtDeco. Ridicat\u0103 \u00een 1928, cl\u0103direa a fost proiectat\u0103 de Herman Clejan (1886-1955),\u00a0<\/p>\n<p>Aici s-au \u00eenfiin\u021bat Galeriile Lafayette, primul mall din Bucure\u0219ti, un magazin universal cu raioane diverse, pe 5 etaje \u0219i parter, \u00een care cump\u0103r\u0103torii puteau s\u0103 achizi\u021bioneze ce doreau dintr-o singur\u0103 vizit\u0103.\u00a0<\/p>\n<p>A fost primul mare magazin universal din Rom\u00e2nia, dup\u0103 modelul magazinelor cu spa\u0163ii mari de expunere din Paris \u0219i asem\u0103n\u0103tor mall-urilor deschise dup\u0103 1990.\u00a0<\/p>\n<p>Cite\u0219te \u0219i: <a href=\"https:\/\/newsweek.ro\/istorie\/cand-a-aparut-primul-telefon-fix-in-romania-prima-linie-telefonica-instalata-intr-o-casa-particulara-in-1890\" target=\"_blank\" rel=\"noopener nofollow\">C\u00e2nd a ap\u0103rut primul telefon fix \u00een Rom\u00e2nia? Prima linie telefonic\u0103, instalat\u0103 \u00eentr-o cas\u0103 particular\u0103 \u00een 1890<\/a><\/p>\n<p>Era un magazin modern, luxos, dotat cu lift interior, av\u00e2nd coloane \u015fi pe jos marmur\u0103 ro\u0219ie, fiind ca un mall la scar\u0103 ceva mai mic\u0103.<\/p>\n<p>O reclam\u0103 din 1937 men\u021biona c\u0103 \u201eGaleriile Lafayette sunt aprovizionate din timp de centrala din Paris cu m\u0103rfuri de ultim\u0103 mod\u0103\u201d, potrivit <a href=\"https:\/\/www.agerpres.ro\/documentare\/2019\/04\/05\/atunci-si-acum-magazinul-victoria-din-bucuresti--277575\" target=\"_blank\" rel=\"noopener nofollow\">Agerpres<\/a>.<\/p>\n<p><img decoding=\"async\" class=\"w-full h-full object-cover\" src=\"https:\/\/www.europesays.com\/ro\/wp-content\/uploads\/2026\/09\/aHR0cHM6Ly9uZXdzd2Vlay5yby9zdG9yYWdlL211bHRpbWVkaWEvMjAyNi8wOS9BZE0zQ29ydEN6THBXU2x4Qno5UklWTUk0Q2pi.webp\" alt=\"Galeriile Lafayette\"\/>&#13;<br \/>\nGaleriile Lafayette, primul magazin asem\u0103n\u0103tor mall-urilor de azi, transformat \u00een comunism \u00een Magazinul Victoria &#8211; Foto: arhiva&#13;<\/p>\n<p>\u00cen magazin lucrau \u00een jur de 750 de persoane, ajutate de alte 500 de persoane care aveau grija de imobil etc.<\/p>\n<p>L\u00e2ng\u0103 Galeriile Lafayette a fost construit un hotel, demolat dup\u0103 cutremurul din 1977.<\/p>\n<p>\u00cen perioada comunist\u0103, magazonul \u0219i-a p\u0103strat destina\u021bia comercial\u0103, fiind rebotezat \u201eVictoria\u201d.<\/p>\n<p>Cite\u0219te \u0219i:<a href=\"https:\/\/newsweek.ro\/istorie\/cea-mai-veche-afacere-de-familie-din-romania-dureaza-de-114-ani-infiintata-acum-300-de-ani-in-imperiul-otoman\" target=\"_blank\" rel=\"noopener nofollow\"> Cea mai veche afacere de familie din Rom\u00e2nia dureaz\u0103 de 114 ani. \u00cenfiin\u021bat\u0103 acum 300 de ani \u00een Imperiul Otoman<\/a><\/p>\n<p>Mul\u021bi rom\u00e2ni \u00ee\u0219i mai amintesc, probabil, celebrul slogan din anii 80, \u201eMagazinul Victoria, 50 de magazine \u00een unul singur\u201d.<\/p>\n<p>Pe terenul viran r\u0103mas l\u00e2ng\u0103 magazin pe locul fostului hotel demolat dup\u0103 cutremur, a fost construit\u0103, dup\u0103 1990, fosta cl\u0103dire BCR., actuala Bucharest Financial Plaza.<\/p>\n","protected":false},"excerpt":{"rendered":"Primul magazin universal din Rom\u00e2nia a ap\u0103rut acum 112 ani, de\u0219i exist\u0103 opinii conform c\u0103rora titlul ar fi&hellip;\n","protected":false},"author":2,"featured_media":289193,"comment_status":"","ping_status":"","sticky":false,"template":"","format":"standard","meta":{"footnotes":"","_share_on_mastodon":"0"},"categories":[10],"tags":[32,33,31,23863,23469,36,37,79537,27,34,35,16484,79535,79538,25,79536,41,40,38,39,386,26,28,29,30],"class_list":["post-289192","post","type-post","status-publish","format-standard","has-post-thumbnail","category-romania","tag-breaking-news","tag-breakingnews","tag-cele-mai-populare-subiecte","tag-digi24h","tag-eveniment","tag-featured-news","tag-featurednews","tag-galeriile-lafayette","tag-headlines","tag-latest-news","tag-latestnews","tag-magazin","tag-magazin-universal","tag-magazonul-victoria","tag-news","tag-primul-magazin-universal","tag-ro","tag-romana","tag-romania","tag-romanian","tag-sibiu","tag-stiri","tag-titluri","tag-top-stories","tag-topstories"],"share_on_mastodon":{"url":"https:\/\/pubeurope.com\/@ro\/117219408955362788","error":""},"_links":{"self":[{"href":"https:\/\/www.europesays.com\/ro\/wp-json\/wp\/v2\/posts\/289192","targetHints":{"allow":["GET"]}}],"collection":[{"href":"https:\/\/www.europesays.com\/ro\/wp-json\/wp\/v2\/posts"}],"about":[{"href":"https:\/\/www.europesays.com\/ro\/wp-json\/wp\/v2\/types\/post"}],"author":[{"embeddable":true,"href":"https:\/\/www.europesays.com\/ro\/wp-json\/wp\/v2\/users\/2"}],"replies":[{"embeddable":true,"href":"https:\/\/www.europesays.com\/ro\/wp-json\/wp\/v2\/comments?post=289192"}],"version-history":[{"count":0,"href":"https:\/\/www.europesays.com\/ro\/wp-json\/wp\/v2\/posts\/289192\/revisions"}],"wp:featuredmedia":[{"embeddable":true,"href":"https:\/\/www.europesays.com\/ro\/wp-json\/wp\/v2\/media\/289193"}],"wp:attachment":[{"href":"https:\/\/www.europesays.com\/ro\/wp-json\/wp\/v2\/media?parent=289192"}],"wp:term":[{"taxonomy":"category","embeddable":true,"href":"https:\/\/www.europesays.com\/ro\/wp-json\/wp\/v2\/categories?post=289192"},{"taxonomy":"post_tag","embeddable":true,"href":"https:\/\/www.europesays.com\/ro\/wp-json\/wp\/v2\/tags?post=289192"}],"curies":[{"name":"wp","href":"https:\/\/api.w.org\/{rel}","templated":true}]}}