{"id":289280,"date":"2026-09-05T18:22:11","date_gmt":"2026-09-05T18:22:11","guid":{"rendered":"https:\/\/www.europesays.com\/ro\/289280\/"},"modified":"2026-09-05T18:22:11","modified_gmt":"2026-09-05T18:22:11","slug":"andrei-ratiu-gol-pentru-rayo-la-primul-meci-dupa-ce-a-ratat-transferul-la-fulham-cum-a-celebrat","status":"publish","type":"post","link":"https:\/\/www.europesays.com\/ro\/289280\/","title":{"rendered":"Andrei Ra\u021biu, GOL pentru Rayo la primul meci dup\u0103 ce a ratat transferul la Fulham! Cum a celebrat"},"content":{"rendered":"\n<ul class=\"bullets\">\n<li>\n<p>SuperLiga: Petrolul &#8211; Corvinul, duminic\u0103, 15:00, DGS 1<\/p>\n<\/li>\n<li>\n<p>SuperLiga: O\u021belul &#8211; Rapid, duminic\u0103, 20:30, DGS 1<\/p>\n<\/li>\n<\/ul>\n<p>Titular \u00een duelul cu Racing Santader, funda\u0219ul lateral \u201da spart ghea\u021ba\u201d \u00een noul sezon \u0219i a marcat primul s\u0103u gol al stagiunii.\u00a0<\/p>\n<p>Andrei Ra\u021biu, GOL \u00een Rayo Vallecano &#8211; Racing Santander\u00a0<\/p>\n<p>\u00cen minutul 17, Andrei Ra\u021biu a primit excelent \u00een careu de Camello, iar interna\u021bionalul rom\u00e2n a \u0219utat puternic \u0219i a egalat situa\u021bia de pe tabel\u0103 cu un \u0219ut de senza\u021bie.<\/p>\n<ul>\n<li>De men\u021bionat c\u0103 Sergio Canales a deschis scorul pentru Racing Santander, \u00eenc\u0103 din minutul 4.<\/li>\n<\/ul>\n<p>A fost cel de-al treilea meci al sezonului jucat de Andrei Ra\u021biu pentru Rayo.\u00a0<\/p>\n<p>  VIDEO cu golul marcat de Andrei Ra\u021biu \u00een Rayo &#8211; Racing SantaderVIDEO cu golul marcat de Andrei Ra\u021biu \u00een Rayo &#8211; Racing Santader Raul Martin Presa, pre\u0219edintele lui Rayo Vallecano, a refuzat chiar 30 de milioane de euro pentru Ra\u021biu din partea lui Fulham!<\/p>\n<p>Andrei Ra\u021biu\u00a0(28 de ani) \u0219i-a dorit cu orice pre\u021b s\u0103 plece de la\u00a0Rayo Vallecano, dar pre\u0219edintele\u00a0Raul Martin Presa\u00a0s-a opus marelui transfer.<\/p>\n<p>Cea mai interesat\u0103 forma\u021bie de serviciile sale era Fulham, iar \u201dSonic\u201d b\u0103tuse palma cu gruparea preg\u0103tit\u0103 \u00een prezent de Alvaro Arbeloa, nimeni altul dec\u00e2t fostul principal de la Real Madrid.<\/p>\n<p>Ini\u021bial se zvonea c\u0103 Fulham voia s\u0103 achite clauza de reziliere a lui Ra\u021biu, de 25 de milioane de euro, dar \u00een mai multe tran\u0219e, lucru cu care pre\u0219edintele lui Rayo Vallecano nu a fost de acord.<\/p>\n<p>Acum, surse din Spania apropiate de clubul din Vallecas au venit cu noi informa\u021bii care \u00eel pun \u00eentr-o lumin\u0103 \u0219i mai proast\u0103 pe Raul Martin Presa,\u00a0<a href=\"https:\/\/www.digisport.ro\/fotbal\/la-liga\/de-ajuns-spaniolii-nu-au-mai-suportat-dupa-ce-andrei-ratiu-a-ratat-marele-transfer-nimeni-nu-vrea-4462513\" target=\"_blank\" rel=\"noopener nofollow\" data-skip-linkfix=\"1\">criticat deja de o mare parte dintre jurnali\u0219ti<\/a>\u00a0pentru faptul c\u0103 nu l-a l\u0103sat pe Ra\u021biu s\u0103-\u0219i \u00eendeplineasc\u0103 visul.<\/p>\n<p>Conform\u00a0<a href=\"https:\/\/x.com\/CarlosGangaG\/status\/2095088008676393189\" target=\"_blank\" rel=\"noopener nofollow\" data-skip-linkfix=\"1\">jurnalistului Carlos Ganga Galiana<\/a>, Rayo a refuzat chiar 30 de milioane de euro pentru funda\u0219ul dreapta titular! Fulham nu dispunea de 25 de milioane de euro pentru a pl\u0103ti pe loc, dar se oferise s\u0103 pl\u0103teasc\u0103 chiar cu 5 milioane de euro \u00een mai multe tran\u0219e pentru a \u00eencerca s\u0103 o conving\u0103 pe Rayo s\u0103-i dea drumul lui Ra\u021biu.<\/p>\n<p>Nici m\u0103car a\u0219a pre\u0219edintele Raul Martin Presa nu s-a ar\u0103tat dispus s\u0103 accepte,\u00a0<a href=\"https:\/\/www.digisport.ro\/fotbal\/la-liga\/s-a-terminat-au-renuntat-definitiv-la-andrei-ratiu-romanul-e-negru-de-suparare-4462247\" target=\"_blank\" rel=\"noopener nofollow\" data-skip-linkfix=\"1\">ceea ce l-a deranjat foarte tare pe Ra\u021biu<\/a>. \u201dSonic\u201d a refuzat s\u0103 mai joace contra Barcelonei (<a href=\"https:\/\/www.digisport.ro\/fotbal\/la-liga\/barcelona-rayo-5-2-raphinha-si-lamine-yamal-au-reusit-cate-o-dubla-ratiu-rezerva-neutilizata-4460009\" target=\"_blank\" rel=\"noopener nofollow\" data-skip-linkfix=\"1\">2-5, etapa a treia din La Liga<\/a>), astfel c\u0103 a urm\u0103rit meciul de pe banca de rezerve, vizibil afectat.<\/p>\n<p>  Etichete:  <a href=\"https:\/\/www.digisport.ro\/eticheta\/spania\" rel=\"nofollow noopener\" target=\"_blank\">spania<\/a> , <a href=\"https:\/\/www.digisport.ro\/eticheta\/la-liga\" rel=\"nofollow noopener\" target=\"_blank\">la liga<\/a> , <a href=\"https:\/\/www.digisport.ro\/eticheta\/rayo-vallecano\" rel=\"nofollow noopener\" target=\"_blank\">rayo vallecano<\/a> , <a href=\"https:\/\/www.digisport.ro\/eticheta\/rayo\" rel=\"nofollow noopener\" target=\"_blank\">rayo<\/a> , <a href=\"https:\/\/www.digisport.ro\/eticheta\/andrei-ratiu\" rel=\"nofollow noopener\" target=\"_blank\">andrei ratiu<\/a> , <a href=\"https:\/\/www.digisport.ro\/eticheta\/gol-andrei-ratiu\" rel=\"nofollow noopener\" target=\"_blank\">gol andrei ratiu<\/a>   <\/p>\n<p>Urm\u0103re\u0219te \u0219tirile digisport.ro \u0219i pe <a href=\"https:\/\/news.google.com\/publications\/CAAiENr1L9HFNMG5hpp5zTfVtpsqFAgKIhDa9S_RxTTBuYaaec031bab?ceid=RO:ro&amp;oc=3\" target=\"_blank\" rel=\"external nofollow noopener\">Google News<\/a><\/p>\n<p>   Noua Aplica\u0163ie Digi Sport poate fi desc\u0103rcat\u0103 din   <\/p>\n","protected":false},"excerpt":{"rendered":"SuperLiga: Petrolul &#8211; Corvinul, duminic\u0103, 15:00, DGS 1 SuperLiga: O\u021belul &#8211; Rapid, duminic\u0103, 20:30, DGS 1 Titular \u00een&hellip;\n","protected":false},"author":2,"featured_media":289281,"comment_status":"","ping_status":"","sticky":false,"template":"","format":"standard","meta":{"footnotes":"","_share_on_mastodon":"0"},"categories":[20],"tags":[337,79563,1172,2036,1173,41,40,38,39,563,185,184],"class_list":["post-289280","post","type-post","status-publish","format-standard","has-post-thumbnail","category-sport","tag-andrei-ratiu","tag-gol-andrei-ratiu","tag-la-liga","tag-rayo","tag-rayo-vallecano","tag-ro","tag-romana","tag-romania","tag-romanian","tag-spania","tag-sport","tag-sports"],"share_on_mastodon":{"url":"https:\/\/pubeurope.com\/@ro\/117219829186124580","error":""},"_links":{"self":[{"href":"https:\/\/www.europesays.com\/ro\/wp-json\/wp\/v2\/posts\/289280","targetHints":{"allow":["GET"]}}],"collection":[{"href":"https:\/\/www.europesays.com\/ro\/wp-json\/wp\/v2\/posts"}],"about":[{"href":"https:\/\/www.europesays.com\/ro\/wp-json\/wp\/v2\/types\/post"}],"author":[{"embeddable":true,"href":"https:\/\/www.europesays.com\/ro\/wp-json\/wp\/v2\/users\/2"}],"replies":[{"embeddable":true,"href":"https:\/\/www.europesays.com\/ro\/wp-json\/wp\/v2\/comments?post=289280"}],"version-history":[{"count":0,"href":"https:\/\/www.europesays.com\/ro\/wp-json\/wp\/v2\/posts\/289280\/revisions"}],"wp:featuredmedia":[{"embeddable":true,"href":"https:\/\/www.europesays.com\/ro\/wp-json\/wp\/v2\/media\/289281"}],"wp:attachment":[{"href":"https:\/\/www.europesays.com\/ro\/wp-json\/wp\/v2\/media?parent=289280"}],"wp:term":[{"taxonomy":"category","embeddable":true,"href":"https:\/\/www.europesays.com\/ro\/wp-json\/wp\/v2\/categories?post=289280"},{"taxonomy":"post_tag","embeddable":true,"href":"https:\/\/www.europesays.com\/ro\/wp-json\/wp\/v2\/tags?post=289280"}],"curies":[{"name":"wp","href":"https:\/\/api.w.org\/{rel}","templated":true}]}}