{"id":289286,"date":"2026-09-05T18:30:14","date_gmt":"2026-09-05T18:30:14","guid":{"rendered":"https:\/\/www.europesays.com\/ro\/289286\/"},"modified":"2026-09-05T18:30:14","modified_gmt":"2026-09-05T18:30:14","slug":"irina-rimes-a-anuntat-de-ce-pleaca-de-la-vocea-romaniei-daca-vreau-sa-devin-mama-trebuie-sa-ies-un-pic-din-lumina-reflectoarelor","status":"publish","type":"post","link":"https:\/\/www.europesays.com\/ro\/289286\/","title":{"rendered":"Irina Rimes a anun\u021bat de ce pleac\u0103 de la \u201eVocea Rom\u00e2niei\u201d: \u201eDac\u0103 vreau s\u0103 devin mam\u0103, trebuie s\u0103 ies un pic din lumina reflectoarelor\u201d"},"content":{"rendered":"<p>Irina Rimes a f\u0103cut un anun\u021b nea\u0219teptat chiar \u00een debutul celui de-al 14-lea sezon \u201eVocea Rom\u00e2niei\u201d. Artista a dezv\u0103luit c\u0103 acesta este ultimul s\u0103u an \u00een emisiune \u0219i a explicat c\u0103 \u00ee\u0219i dore\u0219te s\u0103 ia o pauz\u0103 \u00een carier\u0103 pentru a se concentra asupra vie\u021bii personale \u0219i a planului de a deveni mam\u0103.<\/p>\n<p> <img decoding=\"async\" src=\"https:\/\/www.europesays.com\/ro\/wp-content\/uploads\/2026\/09\/1788633014_806_index.jpeg\" alt=\"Irina Rimes, pe scena de la Vocea Rom\u00e2niei\" width=\"500\" height=\"750\" loading=\"eager\" fetchpriority=\"high\" class=\"svelte-1kfbksm\"\/> <\/p>\n<p>Irina Rimes, pe scena de la Vocea Rom\u00e2niei Foto: visualidea \/ RazvanLUPICA<\/p>\n<p>publicitate&#8221;); background-position: center center; background-repeat: no-repeat;&#8221;&gt;<\/p>\n<p>Irina Rimesc a m\u0103rturist c\u0103 dore\u0219te s\u0103 \u00ee\u0219i \u00eentemeieze o familie \u0219i a decis s\u0103 \u00ee\u0219i pun\u0103 s\u0103n\u0103tatea pe primul loc.<\/p>\n<p>\u201eAnul acesta este ultimul meu an la \u00abVocea Rom\u00e2niei\u00bb. Vreau s\u0103 iau o pauz\u0103 \u00een carier\u0103 \u0219i s\u0103 \u00eemi \u00eentemeiez o familie. Dac\u0103 vreau s\u0103 devin mam\u0103, la un moment dat, trebuie s\u0103 ies un pic din lumina reflectoarelor \u0219i s\u0103 m\u0103 concentrez pe corpul meu \u0219i s\u0103 m\u0103 preg\u0103tesc, pentru c\u0103 s\u0103n\u0103tatea este foarte important\u0103\u201d, a spus<a href=\"https:\/\/www.protv.ro\/emisiuni\/vocea-romaniei\/articol\/131517-irina-rimes-si-a-anuntat-plecarea-de-la-vocea-romaniei-acesta-este-ultimul-meu-an-motivul-pentru-care-jurata-a-luat-decizia-vocea-romaniei-4-septembrie-2026\" rel=\"nofollow noopener\" target=\"_blank\"> Irina Rimes.<\/a><\/p>\n<p>Artista a recunoscut c\u0103 faptul c\u0103 \u0219tie c\u0103 este ultimul s\u0103u sezon \u00eei schimb\u0103 perspectiva asupra experien\u021bei de la \u201eVocea Rom\u00e2niei\u201d.<\/p>\n<p>\u201eCred c\u0103 faptul c\u0103 este ultimul meu sezon \u00eel face magic. \u00cencep s\u0103 apreciez altfel fiecare clip\u0103 petrecut\u0103 \u00een studioul \u0103sta, cu oamenii din jurul meu. Parc\u0103 o fac cu un soi de pl\u0103cere pe care nu am mai tr\u0103it-o p\u00e2n\u0103 acum, la intensitatea asta\u201d, a mai spus antrenoarea.<\/p>\n<p>Chiar dac\u0103 a decis s\u0103 pun\u0103 pe pauz\u0103 activitatea din emisiune, Irina Rimes spune c\u0103 \u00ee\u0219i dore\u0219te s\u0103 \u00eencheie experien\u021ba \u00eentr-un mod c\u00e2t mai frumos.\u00a0<\/p>\n<p>\u201eVreau s\u0103 plec frumos, a\u0219a c\u0103 miza mea, anul \u0103sta, este s\u0103 fac tot posibilul s\u0103 fiu cel mai bun antrenor\u201d, a declarat Irina Rimes.<\/p>\n<p> Reguli noi la \u201eVocea Rom\u00e2niei\u201d <\/p>\n<p><a href=\"https:\/\/adevarul.ro\/showbiz\/tv\/vocea-romaniei-revine-la-pro-tv-noul-sezon-2553970.html\" rel=\"nofollow noopener\" target=\"_blank\">Cel de-al 14-lea sezon al show-ului\u00a0<\/a>vine cu mai multe surprize pentru concuren\u021bi \u0219i antrenori. Pavel Barto\u0219 va anun\u021ba \u00eenc\u0103 de la \u00eenceput c\u0103 dou\u0103 dintre cele mai temute arme ale antrenorilor, butoanele SUPERBLOK \u0219i MUTE, r\u0103m\u00e2n \u00een competi\u021bie.<\/p>\n<p>publicitate&#8221;); background-position: center center; background-repeat: no-repeat;&#8221;&gt;<\/p>\n<p>Butonul MUTE le permite antrenorilor s\u0103 \u00ee\u0219i reduc\u0103 la t\u0103cere adversarii, \u00een timp ce SUPERBLOK poate schimba radical lupta pentru un concurent.<\/p>\n<p>\u00cen acest sezon apare \u00eens\u0103 \u0219i o noutate: butonul \u201ea doua \u0219ans\u0103\u201d. Fiecare antrenor \u00eel va putea folosi o singur\u0103 dat\u0103 pe parcursul audi\u021biilor pe nev\u0103zute, ceea ce poate oferi unui concurent o nou\u0103 oportunitate de a r\u0103m\u00e2ne \u00een competi\u021bie.<\/p>\n<p>\u201e\u00cencepem audi\u021biile pe nev\u0103zute cu ve\u0219ti excelente-am p\u0103strat temutul buton SUPERBLOK, dar \u0219i butonul MUTE-care las\u0103 f\u0103r\u0103 glas adversarii, reduc\u00e2ndu-i la t\u0103cere. Avem totodat\u0103 o noutate absolut\u0103: butonul \u00aba doua \u0219ans\u0103\u00bb, iar fiecare antrenor \u00eel poate folosi o singur\u0103 dat\u0103!\u201d, anun\u021b\u0103 Pavel Barto\u0219.<\/p>\n<p> Ioana State urc\u0103 pe scena \u201eVocea Rom\u00e2niei\u201d <\/p>\n<p>Printre concuren\u021bii care vor participa la audi\u021biile pe nev\u0103zute din noul sezon se num\u0103r\u0103 \u0219i Ioana State, cunoscut\u0103 publicului pentru spectacolele sale de stand-up comedy.<\/p>\n<p>Ea va \u00eencerca s\u0103 \u00eei surprind\u0103 pe antrenori \u0219i s\u0103 ob\u021bin\u0103 un loc \u00eentr-una dintre echipe, \u00eentr-un sezon \u00een care fiecare concurent va trebui s\u0103 \u00eei conving\u0103 pe arti\u0219ti \u00eenc\u0103 din primele secunde ale interpret\u0103rii.<\/p>\n<p>\u201eVocea Rom\u00e2niei\u201d revine vineri, 4 septembrie, de la ora 20.30, la PRO TV \u0219i pe VOYO. Cel de-al 14-lea sezon aduce voci noi, reguli noi \u0219i numeroase surprize.<\/p>\n<p> \\n  const _iprc = performance.now();\\n\\u003C\/script>\\n\\n\\u003Cscript class=\\&#8221;optanon-category-C0004\\&#8221; type=\\&#8221;text\/plain\\&#8221;>\\nconsole.log(\\&#8221;*** cookieconsent done:\\&#8221;, Math.round(performance.now() &#8211; _iprc) \/ 1000);\\n  gtag(&#8216;event&#8217;, &#8216;cookieconsent&#8217;, {\\n    name: &#8216;load&#8217;,\\n    value: Math.round(performance.now() &#8211; _iprc) \/ 1000\\n  });\\n\\u003C\/script>\\n\\u003C!&#8211; END PERFORMANCE COOKIE PRO &#8211;>\\n\\n{{#unless context.ads_disabled}}\\n\\n\\u003Cscript class=\\&#8221;optanon-category-C0004\\&#8221; type=\\&#8221;text\/plain\\&#8221; src=\\&#8221;\/\/a.teads.tv\/page\/99553\/tag\\&#8221; async=\\&#8221;true\\&#8221;>\\u003C\/script>\\n{{\/unless}}\\n\\n\\u003Cdiv data-ad=\\&#8221;adevarul.ro_728x90_sticky_display_bottom_adevarul_bottom_center_leaderboard\\&#8221; data-devices=\\&#8221;m:0,t:1,d:1\\&#8221;   class=\\&#8221;demand-supply\\&#8221;>\\u003C\/div>\\n\\n{{#if context.content}}\\n\\n{{#unless context.ads_disabled}}\\n\\u003Cscript class=\\&#8221;optanon-category-C0004\\&#8221; type=\\&#8221;text\/plain\\&#8221; src=\\&#8221;https:\/\/cnt.trvdp.com\/js\/1544\/6545.js\\&#8221;>\\u003C\/script>\\n{{\/unless}}\\n\\n\\n{{\/if}}\\n\\n\\n&#8221;,&#8221;html_mobile&#8221;:&#8221;\\n\\n\\n\\u003C!&#8211; CHECK PERFORMANCE COOKIE PRO &#8211;>\\n\\u003Cscript>\\n  const _iprc = performance.now();\\n\\u003C\/script>\\n\\n\\u003Cscript class=\\&#8221;optanon-category-C0004\\&#8221; type=\\&#8221;text\/plain\\&#8221;>\\nconsole.log(\\&#8221;*** cookieconsent done:\\&#8221;, Math.round(performance.now() &#8211; _iprc) \/ 1000);\\n  gtag(&#8216;event&#8217;, &#8216;cookieconsent&#8217;, {\\n    name: &#8216;load&#8217;,\\n    value: Math.round(performance.now() &#8211; _iprc) \/ 1000\\n  });\\n\\u003C\/script>\\n\\u003C!&#8211; END PERFORMANCE COOKIE PRO &#8211;>\\n\\n{{#unless context.ads_disabled}}\\n\\n\\n\\u003Cscript\\n  class=\\&#8221;optanon-category-C0004\\&#8221;\\n  type=\\&#8221;text\/plain\\&#8221;\\n  src=\\&#8221;\/\/a.teads.tv\/page\/99553\/tag\\&#8221;\\n  async=\\&#8221;true\\&#8221;\\n>\\u003C\/script>\\n\\n{{\/unless}} \\n\\n\\u003Cdiv\\n  data-ad=\\&#8221;adevarul.ro_sticky_mobile_bottom\\&#8221;\\n  data-devices=\\&#8221;m:1,t:0,d:0\\&#8221;\\n  class=\\&#8221;demand-supply\\&#8221;\\n>\\u003C\/div>\\n\\n{{#if context.content}} \\n\\n\\n{{#unless context.ads_disabled}}\\n\\u003Cscript class=\\&#8221;optanon-category-C0004\\&#8221; type=\\&#8221;text\/plain\\&#8221; src=\\&#8221;https:\/\/cnt.trvdp.com\/js\/1544\/6545.js\\&#8221;>\\u003C\/script>\\n{{\/unless}}\\n\\n{{\/if}}\\n\\n&#8221;},&#8221;updated_at&#8221;:&#8221;2025-11-01T11:31:21.462Z&#8221;},&#8221;AdPosition_head&#8221;:{&#8222;data&#8221;:{&#8222;custom_fields&#8221;:{},&#8221;for_desktop&#8221;:true,&#8221;for_mobile&#8221;:true,&#8221;html_desktop&#8221;:&#8221;\\u003Cmeta name=\\&#8221;profitshareid\\&#8221; content=\\&#8221;934cd37887433d585a2a227ef0576fcc\\&#8221; \/>\\n\\n\\n\\n{{#unless context.ads_disabled}}\\n\\n\\n{{#if context.content}}\\n\\u003Cscript type=\\&#8221;text\/plain\\&#8221; class=\\&#8221;optanon-category-C0004\\&#8221; src=\\&#8221;https:\/\/jsc.mgid.com\/site\/960965.js\\&#8221; async>\\u003C\/script>\\n\\n\\n\\u003Cscript type=\\&#8221;text\/plain\\&#8221; class=\\&#8221;optanon-category-C0004\\&#8221;>\\n  (function () {\\n    if (document.location.pathname.indexOf(&#8222;https:\/\/adevarul.ro\/ghid-de-cumparaturi&#8221;) === 0) {\\n      return;\\n    }\\n\\n    const s = document.createElement(\\&#8221;script\\&#8221;);\\n    s.src = \\&#8221;https:\/\/srv.divee.ai\/storage\/v1\/object\/public\/sdk\/divee.sdk.latest.js\\&#8221;;\\n    s.setAttribute(\\&#8221;data-project-id\\&#8221;, \\&#8221;4428864e-2da6-4fef-a83c-c16c2dfe86d9\\&#8221;);\\n    s.async = true;\\n    document.head.appendChild(s);\\n  })();\\n\\u003C\/script>\\n\\n\\n\\n\\n\\n{{\/if}}\\n\\n\\u003Cscript>\\n  window.teads_analytics = window.teads_analytics || {};\\n  window.teads_analytics.analytics_tag_id = \\&#8221;PUB_26459\\&#8221;;\\n  window.teads_analytics.share = window.teads_analytics.share || function() {\\n    ;(window.teads_analytics.shared_data = window.teads_analytics.shared_data || []).push(arguments)\\n  };\\n\\u003C\/script>\\n\\u003Cscript type=\\&#8221;text\/plain\\&#8221; class=\\&#8221;optanon-category-C0004\\&#8221; src=\\&#8221;https:\/\/a.teads.tv\/analytics\/tag.js\\&#8221;>\\u003C\/script>\\n\\n\\n{{#unless context.features.nolivesupply}}\\n\\u003Cscript async data-cfasync=\\&#8221;false\\&#8221; type=\\&#8221;text\/plain\\&#8221; class=\\&#8221;optanon-category-C0004\\&#8221; src=\\&#8221;https:\/\/live.demand.supply\/up.js\\&#8221;>\\u003C\/script>\\n{{\/unless}}\\n\\n\\u003Cscript type=\\&#8221;text\/plain\\&#8221; class=\\&#8221;optanon-category-C0004\\&#8221; src=\\&#8221;https:\/\/pagead2.googlesyndication.com\/pagead\/js\/adsbygoogle.js?client=ca-pub-3345426167175409\\&#8221; crossorigin=\\&#8221;anonymous\\&#8221;>\\u003C\/script>\\n\\n \\u003Cscript type=\\&#8221;text\/plain\\&#8221; class=\\&#8221;optanon-category-C0004\\&#8221; src=\\&#8221;https:\/\/terrific.live\/terrific-sdk.js\\&#8221; storeid=\\&#8221;iN6X0VPTDIicsVPKX6p0\\&#8221;>\\u003C\/script>\\n\\n{{\/unless}}\\n\\n\\u003Cstyle>\\n.google-adposition > div {\\n  flex-grow: 1;\\n}\\n\\n.google-adposition:has(iframe) {\\n    background-image: none !important;\\n}\\n\\n.menu-fixed .menu .headContainer .google-auto-placed {\\n    display: none;\\n}\\n\\narticle header .title .google-auto-placed {\\n    display: none;\\n}\\n\\n#onetrust-banner-sdk #onetrust-accept-btn-handler {\\n        margin-bottom: 10px;\\n    }\\n\\n    #onetrust-banner-sdk #onetrust-reject-all-handler {\\n        visibility: hidden;\\n    }\\n\\n\\u003C\/style>\\n\\n \\u003C!&#8211; Facebook Pixel Code &#8211;>\\u003Cscript type=\\&#8221;text\/plain\\&#8221; class=\\&#8221;optanon-category-C0002\\&#8221;>!function(f,b,e,v,n,t,s){if(f.fbq)return;n=f.fbq=function(){n.callMethod?n.callMethod.apply(n,arguments):n.queue.push(arguments)};if(!f._fbq)f._fbq=n;n.push=n;n.loaded=!0;n.version=&#8217;2.0&#8242;;n.queue=[];t=b.createElement(e);t.async=!0;t.src=v;s=b.getElementsByTagName(e)[0];s.parentNode.insertBefore(t,s)}(window,document,&#8217;script&#8217;,&#8217;https:\/\/connect.facebook.net\/en_US\/fbevents.js&#8217;); fbq(&#8216;init&#8217;, &#8216;1346397800155390&#8217;); fbq(&#8216;track&#8217;, &#8216;PageView&#8217;);\\u003C\/script>\\u003Cnoscript> \\u003Cimg height=\\&#8221;1\\&#8221; width=\\&#8221;1\\&#8221; src=\\&#8221;https:\/\/www.facebook.com\/tr?id=1346397800155390&#038;ev=PageView&#038;noscript=1\\&#8221;\/>\\u003C\/noscript>\\u003C!&#8211; End Facebook Pixel Code &#8211;>\\n\\n\\u003C!&#8211; alternativeAds &#8211;>\\n&#8221;,&#8221;html_mobile&#8221;:&#8221;\\u003Cmeta name=\\&#8221;profitshareid\\&#8221; content=\\&#8221;934cd37887433d585a2a227ef0576fcc\\&#8221; \/>\\n\\n\\n{{#unless context.ads_disabled}}\\n\\n{{#if context.content}}\\n\\u003Cscript type=\\&#8221;text\/plain\\&#8221; class=\\&#8221;optanon-category-C0004\\&#8221; src=\\&#8221;https:\/\/jsc.mgid.com\/site\/960965.js\\&#8221; async>\\u003C\/script>\\n\\n\\u003Cscript type=\\&#8221;text\/plain\\&#8221; class=\\&#8221;optanon-category-C0004\\&#8221;>\\n  (function () {\\n    if (document.location.pathname.indexOf(&#8222;https:\/\/adevarul.ro\/ghid-de-cumparaturi&#8221;) === 0) {\\n      return;\\n    }\\n\\n    const s = document.createElement(\\&#8221;script\\&#8221;);\\n    s.src = \\&#8221;https:\/\/srv.divee.ai\/storage\/v1\/object\/public\/sdk\/divee.sdk.latest.js\\&#8221;;\\n    s.setAttribute(\\&#8221;data-project-id\\&#8221;, \\&#8221;4428864e-2da6-4fef-a83c-c16c2dfe86d9\\&#8221;);\\n    s.async = true;\\n    document.head.appendChild(s);\\n  })();\\n\\u003C\/script>\\n\\n{{\/if}}\\n\\n\\u003Cscript>\\n  window.teads_analytics = window.teads_analytics || {};\\n  window.teads_analytics.analytics_tag_id = \\&#8221;PUB_26459\\&#8221;;\\n  window.teads_analytics.share = window.teads_analytics.share || function() {\\n    ;(window.teads_analytics.shared_data = window.teads_analytics.shared_data || []).push(arguments)\\n  };\\n\\u003C\/script>\\n\\u003Cscript type=\\&#8221;text\/plain\\&#8221; class=\\&#8221;optanon-category-C0004\\&#8221; src=\\&#8221;https:\/\/a.teads.tv\/analytics\/tag.js\\&#8221;>\\u003C\/script>\\n\\n{{#unless context.features.nolivesupply}}\\n\\u003Cscript async data-cfasync=\\&#8221;false\\&#8221; type=\\&#8221;text\/plain\\&#8221; class=\\&#8221;optanon-category-C0004\\&#8221; src=\\&#8221;https:\/\/live.demand.supply\/up.js\\&#8221;>\\u003C\/script>\\n{{\/unless}}\\n\\n\\u003Cscript type=\\&#8221;text\/plain\\&#8221; class=\\&#8221;optanon-category-C0004\\&#8221; src=\\&#8221;https:\/\/terrific.live\/terrific-sdk.js\\&#8221; storeid=\\&#8221;iN6X0VPTDIicsVPKX6p0\\&#8221;>\\u003C\/script>\\n\\n{{\/unless}}\\n\\u003Cstyle>\\n\\n.google-adposition:has(iframe) {\\n    background-image: none !important;\\n}\\n\\n.menu-fixed .menu .headContainer .google-auto-placed {\\n    display: none;\\n}\\n\\narticle header .title .google-auto-placed {\\n    display: none;\\n}\\n\\n#onetrust-banner-sdk #onetrust-accept-btn-handler {\\n        margin-bottom: 10px;\\n    }\\n\\n    #onetrust-banner-sdk #onetrust-reject-all-handler {\\n        visibility: hidden;\\n    }\\n\\u003C\/style>\\n&#8221;},&#8221;updated_at&#8221;:&#8221;2026-07-22T15:44:05.196Z&#8221;}},&#8221;last_changed&#8221;:&#8221;2026-09-05T16:04:20.938Z&#8221;,&#8221;page&#8221;:{&#8222;created_at&#8221;:&#8221;2026-09-01T11:41:23.049Z&#8221;,&#8221;created_by&#8221;:1,&#8221;custom_fields&#8221;:{},&#8221;domain&#8221;:&#8221;adevarul.ro&#8221;,&#8221;id&#8221;:99,&#8221;last_published_at&#8221;:&#8221;2026-09-01T11:41:24.572Z&#8221;,&#8221;name&#8221;:&#8221;Content layout (article)&#8221;,&#8221;published&#8221;:1,&#8221;s3_hash&#8221;:&#8221;a5e0764cf3bce051367545eab1538b4619e8ecb9&#8243;,&#8221;slug&#8221;:null,&#8221;title&#8221;:&#8221;Content layout&#8221;,&#8221;type&#8221;:&#8221;layout&#8221;,&#8221;updated_at&#8221;:&#8221;2022-07-21T08:27:20.732Z&#8221;,&#8221;version_id&#8221;:272},&#8221;path&#8221;:&#8221;\/showbiz\/vedete\/irina-rimes-paraseste-vocea-romaniei-anunt-2554133.html&#8221;,&#8221;pathArray&#8221;:[&#8222;&#8221;,&#8221;showbiz&#8221;,&#8221;vedete&#8221;,&#8221;irina-rimes-paraseste-vocea-romaniei-anunt-2554133.html&#8221;],&#8221;type&#8221;:&#8221;content&#8221;,&#8221;url&#8221;:&#8221;https:\/\/adevarul.ro\/showbiz\/vedete\/irina-rimes-paraseste-vocea-romaniei-anunt-2554133.html&#8221;,&#8221;features&#8221;:{},&#8221;query&#8221;:{},&#8221;domain_config&#8221;:{&#8222;MISC&#8221;:{&#8222;logo&#8221;:{&#8222;width&#8221;:320,&#8221;height&#8221;:50}},&#8221;SYSTEM_TAGS&#8221;:[&#8222;noads&#8221;,&#8221;nocomments&#8221;,&#8221;sex&#8221;,&#8221;advert&#8221;,&#8221;advertorial&#8221;,&#8221;video&#8221;,&#8221;galerie&#8221;,&#8221;live&#8221;,&#8221;foto&#8221;,&#8221;exclusiv&#8221;,&#8221;analiza&#8221;,&#8221;interviu&#8221;,&#8221;reportaj&#8221;,&#8221;breaking news&#8221;],&#8221;default&#8221;:{&#8222;lang&#8221;:&#8221;ro&#8221;,&#8221;domain&#8221;:&#8221;adevarul.ro&#8221;,&#8221;alternateDomain&#8221;:&#8221;adevarul-ro.adh.reperio.news&#8221;,&#8221;friendlyName&#8221;:&#8221;Adev\u0103rul&#8221;,&#8221;logoURL&#8221;:&#8221;https:\/\/adevarul.ro\/favicon-144-precomposed.png&#8221;}},&#8221;client&#8221;:{&#8222;is_mobile&#8221;:false}}<\/p>\n","protected":false},"excerpt":{"rendered":"Irina Rimes a f\u0103cut un anun\u021b nea\u0219teptat chiar \u00een debutul celui de-al 14-lea sezon \u201eVocea Rom\u00e2niei\u201d. Artista a&hellip;\n","protected":false},"author":2,"featured_media":289287,"comment_status":"","ping_status":"","sticky":false,"template":"","format":"standard","meta":{"footnotes":"","_share_on_mastodon":"0"},"categories":[18],"tags":[79565,171,170,79564,35701,17739,3701,41,40,38,39,2009,11416,8156,176],"class_list":["post-289286","post","type-post","status-publish","format-standard","has-post-thumbnail","category-divertisment","tag-butonul-mute","tag-divertisment","tag-entertainment","tag-incepe-vocea-romaniei","tag-ioana-state","tag-irina-rimes","tag-protv","tag-ro","tag-romana","tag-romania","tag-romanian","tag-smiley","tag-theo-rose","tag-tudor-chirila","tag-vocea-romaniei"],"share_on_mastodon":{"url":"https:\/\/pubeurope.com\/@ro\/117219860727480580","error":""},"_links":{"self":[{"href":"https:\/\/www.europesays.com\/ro\/wp-json\/wp\/v2\/posts\/289286","targetHints":{"allow":["GET"]}}],"collection":[{"href":"https:\/\/www.europesays.com\/ro\/wp-json\/wp\/v2\/posts"}],"about":[{"href":"https:\/\/www.europesays.com\/ro\/wp-json\/wp\/v2\/types\/post"}],"author":[{"embeddable":true,"href":"https:\/\/www.europesays.com\/ro\/wp-json\/wp\/v2\/users\/2"}],"replies":[{"embeddable":true,"href":"https:\/\/www.europesays.com\/ro\/wp-json\/wp\/v2\/comments?post=289286"}],"version-history":[{"count":0,"href":"https:\/\/www.europesays.com\/ro\/wp-json\/wp\/v2\/posts\/289286\/revisions"}],"wp:featuredmedia":[{"embeddable":true,"href":"https:\/\/www.europesays.com\/ro\/wp-json\/wp\/v2\/media\/289287"}],"wp:attachment":[{"href":"https:\/\/www.europesays.com\/ro\/wp-json\/wp\/v2\/media?parent=289286"}],"wp:term":[{"taxonomy":"category","embeddable":true,"href":"https:\/\/www.europesays.com\/ro\/wp-json\/wp\/v2\/categories?post=289286"},{"taxonomy":"post_tag","embeddable":true,"href":"https:\/\/www.europesays.com\/ro\/wp-json\/wp\/v2\/tags?post=289286"}],"curies":[{"name":"wp","href":"https:\/\/api.w.org\/{rel}","templated":true}]}}