{"id":289364,"date":"2026-09-05T20:28:13","date_gmt":"2026-09-05T20:28:13","guid":{"rendered":"https:\/\/www.europesays.com\/ro\/289364\/"},"modified":"2026-09-05T20:28:13","modified_gmt":"2026-09-05T20:28:13","slug":"rayo-i-a-blocat-transferul-de-vis-si-acum-a-facut-urmatoarea-mutare","status":"publish","type":"post","link":"https:\/\/www.europesays.com\/ro\/289364\/","title":{"rendered":"Rayo i-a blocat transferul de vis \u015fi acum a f\u0103cut urm\u0103toarea mutare!"},"content":{"rendered":"<p>\t    <img loading=\"lazy\" decoding=\"async\" class=\"mg-x-auto\" width=\"30\" height=\"30\" src=\"https:\/\/www.europesays.com\/ro\/wp-content\/uploads\/2026\/09\/1788640091_106_google-g.png\" alt=\"\"\/><\/p>\n<p id=\"p-0\">Rayo Vallecano i-a blocat transferul lui Andrei Ra\u021biu \u00een Premier League, iar acum gruparea din Spania a f\u0103cut urm\u0103toarea mutare pentru interna\u021bionalul rom\u00e2n.<\/p>\n<p id=\"p-1\">Spaniolii l-au titularizat pe funda\u0219ul dreapta \u00een partida pe care echipa lui o disput\u0103 ast\u0103zi, 5 septembrie 2026, \u00een fa\u021ba celor de la Racing Santander, \u00een etapa a patra a noului sezon de La Liga.<\/p>\n<p>Andrei Ra\u021biu, titular pentru Rayo<\/p>\n<p id=\"p-2\">Ast\u0103zi, 5 septembrie 2026, Rayo Vallecano \u0219i Racing Santander se \u00eent\u00e2lnesc \u00eentr-o partid\u0103 care a \u00eenceput la ora 19:30, \u00een etapa a patra a noului sezon de La Liga.<\/p>\n<p>                <a href=\"https:\/\/www.prosport.ro\/poze\/rayo-i-a-blocat-transferul-de-vis-si-acum-a-facut-urmatoarea-mutare-20518333\" rel=\"nofollow noopener\" target=\"_blank\">&#13;<br \/>\n                                            <img decoding=\"async\" loading=\"lazy\" fetchpriority=\"low\" src=\"https:\/\/www.europesays.com\/ro\/wp-content\/uploads\/2026\/09\/https:\/\/www.prosport.ro\/wp-content\/uploads\/2026\/09\/andrei-ratiu-blocaj-transfer-record-premier-leagu.jpeg\" width=\"458\" height=\"305\"\/>&#13;<br \/>\n                                    <\/a><\/p>\n<p>                <a href=\"https:\/\/www.prosport.ro\/poze\/rayo-i-a-blocat-transferul-de-vis-si-acum-a-facut-urmatoarea-mutare-20518333\" rel=\"nofollow noopener\" target=\"_blank\">&#13;<br \/>\n                                            <img decoding=\"async\" loading=\"lazy\" fetchpriority=\"low\" src=\"https:\/\/www.europesays.com\/ro\/wp-content\/uploads\/2026\/09\/https:\/\/www.prosport.ro\/wp-content\/uploads\/2026\/09\/transferul-lui-andrei-ratiu-in-premier-league-a-p.jpeg\" width=\"227\" height=\"151\"\/>&#13;<br \/>\n                                    <\/a><\/p>\n<p id=\"p-3\"><a style=\"color: #0000ff;\" href=\"https:\/\/www.prosport.ro\/fotbal-extern\/andrei-ratiu-furios-transfer-ratat-premier-league-verdict-antrenor-rayo-20517059\" rel=\"nofollow noopener\" target=\"_blank\">Andrei Ra\u021biu, cel care a ratat transferul carierei<\/a>, \u00een Premier League, la Fulham, este titular pentru Rayo Vallecano \u00een partida de pe \u201eCampo de Futbol de Vallecas\u201d.<\/p>\n<p id=\"p-4\">Rom\u00e2nul <a style=\"color: #0000ff;\" href=\"https:\/\/www.prosport.ro\/fotbal-extern\/stranieri\/transferul-lui-andrei-ratiu-in-premier-league-a-picat-fotbalistul-lui-bayern-vine-in-locul-lui-20515319\" rel=\"nofollow noopener\" target=\"_blank\">evolueaz\u0103 \u00een partea dreapt\u0103 a defensivei<\/a>, \u00eentr-o formul\u0103 care \u00eei mai include pe Cardenas, Lejeune, Ciss \u0219i Pedrosa. La mijloc au fost ale\u0219i Lopez, Valentin \u0219i Diaz, \u00een timp ce atacul este format din Garcia, Camello \u0219i De Frutos.<\/p>\n<p>Start slab de sezon pentru Rayo Vallecano<\/p>\n<p id=\"p-5\">Rayo Vallecano are parte de un start de sezon mult sub nivelul a\u0219tept\u0103rilor, reu\u0219ind s\u0103 acumuleze un singur punct \u00een primele trei partide disputate. Astfel, echipa lui Andrei Ra\u021biu ocup\u0103 doar pozi\u021bia a 18-a a clasamentului din La Liga.<\/p>\n<p id=\"p-6\">De partea cealalt\u0103, Racing Santander a acumulat patru puncte \u00een primele trei etape \u0219i ocup\u0103 pozi\u021bia a zecea a ierarhiei. Oaspe\u021bii vin dup\u0103 o victorie, un rezultat de egalitate \u0219i o \u00eenfr\u00e2ngere.<\/p>\n","protected":false},"excerpt":{"rendered":"Rayo Vallecano i-a blocat transferul lui Andrei Ra\u021biu \u00een Premier League, iar acum gruparea din Spania a f\u0103cut&hellip;\n","protected":false},"author":2,"featured_media":289365,"comment_status":"","ping_status":"","sticky":false,"template":"","format":"standard","meta":{"footnotes":"","_share_on_mastodon":"0"},"categories":[20],"tags":[337,30323,41,40,38,39,185,184,8684,379],"class_list":["post-289364","post","type-post","status-publish","format-standard","has-post-thumbnail","category-sport","tag-andrei-ratiu","tag-racing-santander","tag-ro","tag-romana","tag-romania","tag-romanian","tag-sport","tag-sports","tag-titular","tag-transfer"],"share_on_mastodon":{"url":"https:\/\/pubeurope.com\/@ro\/117220324724316499","error":""},"_links":{"self":[{"href":"https:\/\/www.europesays.com\/ro\/wp-json\/wp\/v2\/posts\/289364","targetHints":{"allow":["GET"]}}],"collection":[{"href":"https:\/\/www.europesays.com\/ro\/wp-json\/wp\/v2\/posts"}],"about":[{"href":"https:\/\/www.europesays.com\/ro\/wp-json\/wp\/v2\/types\/post"}],"author":[{"embeddable":true,"href":"https:\/\/www.europesays.com\/ro\/wp-json\/wp\/v2\/users\/2"}],"replies":[{"embeddable":true,"href":"https:\/\/www.europesays.com\/ro\/wp-json\/wp\/v2\/comments?post=289364"}],"version-history":[{"count":0,"href":"https:\/\/www.europesays.com\/ro\/wp-json\/wp\/v2\/posts\/289364\/revisions"}],"wp:featuredmedia":[{"embeddable":true,"href":"https:\/\/www.europesays.com\/ro\/wp-json\/wp\/v2\/media\/289365"}],"wp:attachment":[{"href":"https:\/\/www.europesays.com\/ro\/wp-json\/wp\/v2\/media?parent=289364"}],"wp:term":[{"taxonomy":"category","embeddable":true,"href":"https:\/\/www.europesays.com\/ro\/wp-json\/wp\/v2\/categories?post=289364"},{"taxonomy":"post_tag","embeddable":true,"href":"https:\/\/www.europesays.com\/ro\/wp-json\/wp\/v2\/tags?post=289364"}],"curies":[{"name":"wp","href":"https:\/\/api.w.org\/{rel}","templated":true}]}}