{"id":289464,"date":"2026-09-05T23:25:26","date_gmt":"2026-09-05T23:25:26","guid":{"rendered":"https:\/\/www.europesays.com\/ro\/289464\/"},"modified":"2026-09-05T23:25:26","modified_gmt":"2026-09-05T23:25:26","slug":"cu-iphone-18-pro-cred-ca-apple-a-inteles-marele-dezavantaj-al-telefoanelor-sale-fata-de-ale-samsung","status":"publish","type":"post","link":"https:\/\/www.europesays.com\/ro\/289464\/","title":{"rendered":"Cu iPhone 18 Pro cred c\u0103 Apple a \u00een\u021beles marele dezavantaj al telefoanelor sale, fa\u021b\u0103 de ale Samsung"},"content":{"rendered":"<p>            <br style=\"clear: both; display: block; float: none;\"\/><br \/>\n<img title=\"iPhone 18 Pro diafragm\u0103\" fetchpriority=\"high\" decoding=\"async\" width=\"2560\" height=\"1440\" src=\"https:\/\/www.europesays.com\/ro\/wp-content\/uploads\/2026\/09\/iPhone-18-Pro-diafragma.webp\" alt=\"iPhone 18 Pro diafragm\u0103\" class=\"wp-image-656470\"  \/><\/p>\n<p class=\"wp-block-paragraph\">iPhone 18 Pro se preg\u0103te\u0219te pentru una dintre cele mai interesante modific\u0103ri ale camerei din noua genera\u021bie, Apple urm\u00e2nd s\u0103 introduc\u0103 o diafragm\u0103 mecanic\u0103 pe modelul Pro Max, iar aceea\u0219i tehnologie ar putea ajunge \u0219i pe versiunea Pro mai mic\u0103. Noutatea este g\u00e2ndit\u0103 pentru ajust\u0103ri mai precise ale luminii \u0219i pentru un control mai bun asupra profunzimii imaginii, dou\u0103 elemente care pot schimba direct modul \u00een care sunt realizate anumite fotografii.<\/p>\n<p><br style=\"clear: both; display: block; float: none;\"\/><a href=\"https:\/\/google.com\/preferences\/source?q=idevice.ro\" aria-label=\"Adaug\u0103 iDevice.ro ca surs\u0103 preferat\u0103 \u00een Google\" class=\"external\" rel=\"nofollow noopener\" target=\"_blank\"><img loading=\"lazy\" decoding=\"async\" src=\"data:image\/svg+xml,%3Csvg%20xmlns=\" http:=\"\" alt=\"Adaug\u0103 iDevice.ro ca surs\u0103 preferat\u0103 \u00een Google\" width=\"200\" height=\"73\" data-lazy-src=\"https:\/\/www.europesays.com\/ro\/wp-content\/uploads\/2026\/09\/1788650710_679_google_preferred_source_badge_light_en.png\"\/><\/a><\/p>\n<p class=\"wp-block-paragraph\">Noua func\u021bie este descris\u0103 \u0219i ca diafragm\u0103 variabil\u0103, ceea ce \u00eenseamn\u0103 c\u0103 sistemul camerei nu ar mai lucra permanent cu aceea\u0219i deschidere \u00een orice situa\u021bie. Pentru utilizator, iPhone 18 Pro ar putea astfel controla mai fin cantitatea de lumin\u0103 captat\u0103 \u0219i separarea dintre subiect \u0219i fundal, f\u0103r\u0103 ca schimbarea s\u0103 fie doar una software.<\/p>\n<p class=\"wp-block-paragraph\">Impactul practic poate fi important mai ales \u00een scenele unde lumina se schimb\u0103 rapid sau unde profunzimea imaginii conteaz\u0103 pentru rezultatul final. iPhone 18 Pro ar primi astfel un instrument suplimentar pentru fotografie, \u00eens\u0103 informa\u021biile actuale indic\u0103 \u00een mod clar aceast\u0103 func\u021bie pentru modelul Pro Max, \u00een timp ce prezen\u021ba ei pe versiunea Pro mai mic\u0103 r\u0103m\u00e2ne posibil\u0103.<\/p>\n<p><br style=\"clear: both; display: block; float: none;\"\/><\/p>\n<p>Schimb\u0103ri \u0219i pentru r\u0103cire \u0219i autonomie<\/p>\n<p class=\"wp-block-paragraph\">Camera nu este singura zon\u0103 \u00een care noua genera\u021bie ar urma s\u0103 avanseze, deoarece iPhone 18 Pro \u0219i modelul Pro Max sunt a\u0219teptate cu autonomie mai bun\u0103 \u0219i camere de vapori \u00eembun\u0103t\u0103\u021bite pentru reducerea supra\u00eenc\u0103lzirii. Aceast\u0103 evolu\u021bie ar continua direc\u021bia \u00eenceput\u0103 anul trecut, c\u00e2nd Apple a introdus pentru prima dat\u0103 o camer\u0103 de vapori pe genera\u021bia precedent\u0103.<\/p>\n<p>\t\t\t<a href=\"https:\/\/www.idevice.ro\/wp-content\/uploads\/2026\/09\/sertare-SIM-iPhone-18-Pro.webp\" data-caption-title=\"sertarele SIM ale iPhone 18 pro \u00een culorile silver, cherry red li sky blue.\" data-caption-desc=\"sertare SIM iPhone 18 Pro\" data-attachment-id=\"656140\" data-type=\"image\" class=\"fg-thumb\" rel=\"nofollow noopener\" target=\"_blank\"><img loading=\"lazy\" src=\"https:\/\/www.europesays.com\/ro\/wp-content\/uploads\/2026\/09\/1941073481.webp\" alt=\"sertare SIM iPhone 18 Pro\" title=\"sertarele SIM ale iPhone 18 pro \u00een culorile silver, cherry red li sky blue.\" width=\"640\" height=\"360\" class=\"skip-lazy fg-image\" data-no-lazy=\"1\" decoding=\"async\"\/><\/a><\/p>\n<p>sertarele SIM ale iPhone 18 pro \u00een culorile silver, cherry red li sky blue.<\/p>\n<p>sertare SIM iPhone 18 Pro<\/p>\n<p><a href=\"https:\/\/www.idevice.ro\/wp-content\/uploads\/2026\/09\/h7cmhionue298jdp3h.jpg\" data-attachment-id=\"656137\" data-type=\"image\" class=\"fg-thumb\" rel=\"nofollow noopener\" target=\"_blank\"><img loading=\"lazy\" src=\"https:\/\/www.europesays.com\/ro\/wp-content\/uploads\/2026\/09\/1788650711_271_1569417273.jpg\" alt=\"t\u0103vi\u021be SIM iPhone 18 Pro Sonny Dickson\" width=\"640\" height=\"360\" class=\"skip-lazy fg-image\" data-no-lazy=\"1\" decoding=\"async\"\/><\/a><a href=\"https:\/\/www.idevice.ro\/wp-content\/uploads\/2026\/08\/iPhone-18-Pro-Max-carcase-china-10.webp\" data-caption-desc=\"iPhone 18 Pro Max carcase china 10\" data-attachment-id=\"654097\" data-type=\"image\" class=\"fg-thumb\" rel=\"nofollow noopener\" target=\"_blank\"><img loading=\"lazy\" src=\"https:\/\/www.europesays.com\/ro\/wp-content\/uploads\/2026\/09\/1788650712_76_3052049503.webp\" alt=\"iPhone 18 Pro Max carcase china 10\" width=\"640\" height=\"360\" class=\"skip-lazy fg-image\" data-no-lazy=\"1\" decoding=\"async\"\/><\/a><\/p>\n<p>iPhone 18 Pro Max carcase china 10<\/p>\n<p><a href=\"https:\/\/www.idevice.ro\/wp-content\/uploads\/2026\/08\/iPhone-18-Pro-Max-carcase-china-9.webp\" data-caption-desc=\"iPhone 18 Pro Max carcase china 9\" data-attachment-id=\"654096\" data-type=\"image\" class=\"fg-thumb\" rel=\"nofollow noopener\" target=\"_blank\"><img loading=\"lazy\" src=\"https:\/\/www.europesays.com\/ro\/wp-content\/uploads\/2026\/09\/1788650713_853_2635860552.webp\" alt=\"iPhone 18 Pro Max carcase china 9\" width=\"640\" height=\"360\" class=\"skip-lazy fg-image\" data-no-lazy=\"1\" decoding=\"async\"\/><\/a><\/p>\n<p>iPhone 18 Pro Max carcase china 9<\/p>\n<p><a href=\"https:\/\/www.idevice.ro\/wp-content\/uploads\/2026\/08\/iPhone-18-Pro-Max-carcase-china-8.webp\" data-caption-desc=\"iPhone 18 Pro Max carcase china 8\" data-attachment-id=\"654095\" data-type=\"image\" class=\"fg-thumb\" rel=\"nofollow noopener\" target=\"_blank\"><img loading=\"lazy\" src=\"https:\/\/www.europesays.com\/ro\/wp-content\/uploads\/2026\/09\/1788650714_775_1095477060.webp\" alt=\"iPhone 18 Pro Max carcase china 8\" width=\"640\" height=\"360\" class=\"skip-lazy fg-image\" data-no-lazy=\"1\" decoding=\"async\"\/><\/a><\/p>\n<p>iPhone 18 Pro Max carcase china 8<\/p>\n<p><a href=\"https:\/\/www.idevice.ro\/wp-content\/uploads\/2026\/08\/iPhone-18-Pro-Max-carcase-china-7.webp\" data-caption-desc=\"iPhone 18 Pro Max carcase china 7\" data-attachment-id=\"654094\" data-type=\"image\" class=\"fg-thumb\" rel=\"nofollow noopener\" target=\"_blank\"><img loading=\"lazy\" src=\"https:\/\/www.europesays.com\/ro\/wp-content\/uploads\/2026\/09\/1788650714_389_3625320528.webp\" alt=\"iPhone 18 Pro Max carcase china 7\" width=\"640\" height=\"360\" class=\"skip-lazy fg-image\" data-no-lazy=\"1\" decoding=\"async\"\/><\/a><\/p>\n<p>iPhone 18 Pro Max carcase china 7<\/p>\n<p><a href=\"https:\/\/www.idevice.ro\/wp-content\/uploads\/2026\/08\/iPhone-18-Pro-Max-carcase-china-6.webp\" data-caption-desc=\"iPhone 18 Pro Max carcase china 6\" data-attachment-id=\"654093\" data-type=\"image\" class=\"fg-thumb\" rel=\"nofollow noopener\" target=\"_blank\"><img loading=\"lazy\" src=\"https:\/\/www.europesays.com\/ro\/wp-content\/uploads\/2026\/09\/1788650715_274_3298887689.webp\" alt=\"iPhone 18 Pro Max carcase china 6\" width=\"640\" height=\"360\" class=\"skip-lazy fg-image\" data-no-lazy=\"1\" decoding=\"async\"\/><\/a><\/p>\n<p>iPhone 18 Pro Max carcase china 6<\/p>\n<p><a href=\"https:\/\/www.idevice.ro\/wp-content\/uploads\/2026\/08\/iPhone-18-Pro-Max-carcase-china-5.webp\" data-caption-desc=\"iPhone 18 Pro Max carcase china 5\" data-attachment-id=\"654092\" data-type=\"image\" class=\"fg-thumb\" rel=\"nofollow noopener\" target=\"_blank\"><img loading=\"lazy\" src=\"https:\/\/www.europesays.com\/ro\/wp-content\/uploads\/2026\/09\/1788650716_390_3150470153.webp\" alt=\"iPhone 18 Pro Max carcase china 5\" width=\"640\" height=\"360\" class=\"skip-lazy fg-image\" data-no-lazy=\"1\" decoding=\"async\"\/><\/a><\/p>\n<p>iPhone 18 Pro Max carcase china 5<\/p>\n<p><a href=\"https:\/\/www.idevice.ro\/wp-content\/uploads\/2026\/08\/iPhone-18-Pro-Max-carcase-china-4.webp\" data-caption-desc=\"iPhone 18 Pro Max carcase china 4\" data-attachment-id=\"654091\" data-type=\"image\" class=\"fg-thumb\" rel=\"nofollow noopener\" target=\"_blank\"><img loading=\"lazy\" src=\"https:\/\/www.europesays.com\/ro\/wp-content\/uploads\/2026\/09\/1788650717_956_1738535173.webp\" alt=\"iPhone 18 Pro Max carcase china 4\" width=\"640\" height=\"360\" class=\"skip-lazy fg-image\" data-no-lazy=\"1\" decoding=\"async\"\/><\/a><\/p>\n<p>iPhone 18 Pro Max carcase china 4<\/p>\n<p><a href=\"https:\/\/www.idevice.ro\/wp-content\/uploads\/2026\/08\/iPhone-18-Pro-Max-carcase-china-3.webp\" data-caption-desc=\"iPhone 18 Pro Max carcase china 3\" data-attachment-id=\"654090\" data-type=\"image\" class=\"fg-thumb\" rel=\"nofollow noopener\" target=\"_blank\"><img loading=\"lazy\" src=\"https:\/\/www.europesays.com\/ro\/wp-content\/uploads\/2026\/09\/1788650717_139_1159394313.webp\" alt=\"iPhone 18 Pro Max carcase china 3\" width=\"640\" height=\"360\" class=\"skip-lazy fg-image\" data-no-lazy=\"1\" decoding=\"async\"\/><\/a><\/p>\n<p>iPhone 18 Pro Max carcase china 3<\/p>\n<p><a href=\"https:\/\/www.idevice.ro\/wp-content\/uploads\/2026\/08\/iPhone-18-Pro-Max-carcase-china-2.webp\" data-caption-desc=\"iPhone 18 Pro Max carcase china 2\" data-attachment-id=\"654089\" data-type=\"image\" class=\"fg-thumb\" rel=\"nofollow noopener\" target=\"_blank\"><img loading=\"lazy\" src=\"https:\/\/www.europesays.com\/ro\/wp-content\/uploads\/2026\/09\/1788650718_341_2776438323.webp\" alt=\"iPhone 18 Pro Max carcase china 2\" width=\"640\" height=\"360\" class=\"skip-lazy fg-image\" data-no-lazy=\"1\" decoding=\"async\"\/><\/a><\/p>\n<p>iPhone 18 Pro Max carcase china 2<\/p>\n<p><a href=\"https:\/\/www.idevice.ro\/wp-content\/uploads\/2026\/08\/iPhone-18-Pro-Max-carcase-china.webp\" data-caption-desc=\"iPhone 18 Pro Max carcase china\" data-attachment-id=\"654087\" data-type=\"image\" class=\"fg-thumb\" rel=\"nofollow noopener\" target=\"_blank\"><img loading=\"lazy\" src=\"https:\/\/www.europesays.com\/ro\/wp-content\/uploads\/2026\/09\/1788650719_958_36472422.webp\" alt=\"iPhone 18 Pro Max carcase china\" width=\"640\" height=\"360\" class=\"skip-lazy fg-image\" data-no-lazy=\"1\" decoding=\"async\"\/><\/a><\/p>\n<p>iPhone 18 Pro Max carcase china<\/p>\n<p><a href=\"https:\/\/www.idevice.ro\/wp-content\/uploads\/2026\/08\/iPhone-18-Pro-Max-carcase-china-1.webp\" data-caption-desc=\"iPhone 18 Pro Max carcase china 1\" data-attachment-id=\"654088\" data-type=\"image\" class=\"fg-thumb\" rel=\"nofollow noopener\" target=\"_blank\"><img loading=\"lazy\" src=\"https:\/\/www.europesays.com\/ro\/wp-content\/uploads\/2026\/09\/1788650720_327_3658760755.webp\" alt=\"iPhone 18 Pro Max carcase china 1\" width=\"640\" height=\"360\" class=\"skip-lazy fg-image\" data-no-lazy=\"1\" decoding=\"async\"\/><\/a><\/p>\n<p>iPhone 18 Pro Max carcase china 1<\/p>\n<p><a href=\"https:\/\/www.idevice.ro\/wp-content\/uploads\/2026\/08\/iPhone-18-Pro-Max-carcase-china-14.webp\" data-caption-desc=\"iPhone 18 Pro Max carcase china 14\" data-attachment-id=\"654086\" data-type=\"image\" class=\"fg-thumb\" rel=\"nofollow noopener\" target=\"_blank\"><img loading=\"lazy\" src=\"https:\/\/www.europesays.com\/ro\/wp-content\/uploads\/2026\/09\/1788650721_291_4138376065.webp\" alt=\"iPhone 18 Pro Max carcase china 14\" width=\"640\" height=\"360\" class=\"skip-lazy fg-image\" data-no-lazy=\"1\" decoding=\"async\"\/><\/a><\/p>\n<p>iPhone 18 Pro Max carcase china 14<\/p>\n<p><a href=\"https:\/\/www.idevice.ro\/wp-content\/uploads\/2026\/08\/iPhone-18-Pro-Max-carcase-china-13.webp\" data-caption-desc=\"iPhone 18 Pro Max carcase china 13\" data-attachment-id=\"654085\" data-type=\"image\" class=\"fg-thumb\" rel=\"nofollow noopener\" target=\"_blank\"><img loading=\"lazy\" src=\"https:\/\/www.europesays.com\/ro\/wp-content\/uploads\/2026\/09\/1788650721_124_1952679664.webp\" alt=\"iPhone 18 Pro Max carcase china 13\" width=\"640\" height=\"360\" class=\"skip-lazy fg-image\" data-no-lazy=\"1\" decoding=\"async\"\/><\/a><\/p>\n<p>iPhone 18 Pro Max carcase china 13<\/p>\n<p><a href=\"https:\/\/www.idevice.ro\/wp-content\/uploads\/2026\/08\/iPhone-18-Pro-Max-carcase-china-12.webp\" data-caption-desc=\"iPhone 18 Pro Max carcase china 12\" data-attachment-id=\"654084\" data-type=\"image\" class=\"fg-thumb\" rel=\"nofollow noopener\" target=\"_blank\"><img loading=\"lazy\" src=\"https:\/\/www.europesays.com\/ro\/wp-content\/uploads\/2026\/09\/1788650722_264_2286960868.webp\" alt=\"iPhone 18 Pro Max carcase china 12\" width=\"640\" height=\"360\" class=\"skip-lazy fg-image\" data-no-lazy=\"1\" decoding=\"async\"\/><\/a><\/p>\n<p>iPhone 18 Pro Max carcase china 12<\/p>\n<p><a href=\"https:\/\/www.idevice.ro\/wp-content\/uploads\/2026\/08\/iPhone-18-Pro-Max-carcase-china-11.webp\" target=\"foobox\" data-caption-desc=\"iPhone 18 Pro Max carcase china 11\" data-attachment-id=\"654083\" data-type=\"image\" class=\"fg-thumb\" rel=\"nofollow noopener\"><img loading=\"lazy\" src=\"https:\/\/www.europesays.com\/ro\/wp-content\/uploads\/2026\/09\/1788650723_937_1286883655.webp\" alt=\"iPhone 18 Pro Max carcase china 11\" width=\"640\" height=\"360\" class=\"skip-lazy fg-image\" data-no-lazy=\"1\" decoding=\"async\"\/><\/a><\/p>\n<p>iPhone 18 Pro Max carcase china 11<\/p>\n<p><a href=\"https:\/\/www.idevice.ro\/wp-content\/uploads\/2026\/08\/carcasa-iPhone-18-Pro-merge-iPhone-17-pro.webp\" data-caption-title=\"Carcasa pentru iPhone 18 Pro care poate fi folosit\u0103 cu iPhone 17 Pro.\" data-caption-desc=\"carcasa iPhone 18 Pro merge iPhone 17 pro\" data-attachment-id=\"653862\" data-type=\"image\" class=\"fg-thumb\" rel=\"nofollow noopener\" target=\"_blank\"><img loading=\"lazy\" src=\"https:\/\/www.europesays.com\/ro\/wp-content\/uploads\/2026\/09\/1788650724_232_2522583944.webp\" alt=\"carcasa iPhone 18 Pro merge iPhone 17 pro\" title=\"Carcasa pentru iPhone 18 Pro care poate fi folosit\u0103 cu iPhone 17 Pro.\" width=\"640\" height=\"360\" class=\"skip-lazy fg-image\" data-no-lazy=\"1\" decoding=\"async\"\/><\/a><\/p>\n<p>Carcasa pentru iPhone 18 Pro care poate fi folosit\u0103 cu iPhone 17 Pro.<\/p>\n<p>carcasa iPhone 18 Pro merge iPhone 17 pro<\/p>\n<p><a href=\"https:\/\/www.idevice.ro\/wp-content\/uploads\/2026\/08\/baterie-iPhone-18-Pro-Max-China.webp\" data-caption-desc=\"baterie iPhone 18 Pro Max China\" data-attachment-id=\"652980\" data-type=\"image\" class=\"fg-thumb\" rel=\"nofollow noopener\" target=\"_blank\"><img loading=\"lazy\" src=\"https:\/\/www.europesays.com\/ro\/wp-content\/uploads\/2026\/09\/1788650725_307_1473574116.webp\" alt=\"baterie iPhone 18 Pro Max China\" width=\"640\" height=\"360\" class=\"skip-lazy fg-image\" data-no-lazy=\"1\" decoding=\"async\"\/><\/a><\/p>\n<p>baterie iPhone 18 Pro Max China<\/p>\n<p><a href=\"https:\/\/www.idevice.ro\/wp-content\/uploads\/2026\/08\/baterie-iPhone-18-Pro-Max-certificare-China.webp\" data-caption-desc=\"baterie iPhone 18 Pro Max certificare China\" data-attachment-id=\"652979\" data-type=\"image\" class=\"fg-thumb\" rel=\"nofollow noopener\" target=\"_blank\"><img loading=\"lazy\" src=\"https:\/\/www.europesays.com\/ro\/wp-content\/uploads\/2026\/09\/1788650726_352_283539894.webp\" alt=\"baterie iPhone 18 Pro Max certificare China\" width=\"640\" height=\"360\" class=\"skip-lazy fg-image\" data-no-lazy=\"1\" decoding=\"async\"\/><\/a><\/p>\n<p>baterie iPhone 18 Pro Max certificare China<\/p>\n<p>\n\t\t\tPrev<br \/>\n\t\t\t1of20<br \/>\n\t\t\tNext\n\t\t<\/p>\n<p class=\"wp-block-paragraph\">Noua versiune a sistemului de r\u0103cire ar fi practic o a doua genera\u021bie a tehnologiei folosite deja de Apple, ceea ce sugereaz\u0103 c\u0103 modific\u0103rile nu se limiteaz\u0103 la simpla p\u0103strare a solu\u021biei existente. O r\u0103cire mai eficient\u0103 poate conta \u00een perioadele de utilizare intens\u0103, mai ales atunci c\u00e2nd telefonul trebuie s\u0103 gestioneze simultan sarcini solicitante \u0219i temperaturi ridicate.<\/p>\n<p class=\"wp-block-paragraph\">Autonomia \u00eembun\u0103t\u0103\u021bit\u0103 este de asemenea inclus\u0103 printre schimb\u0103rile a\u0219teptate pentru ambele modele, f\u0103r\u0103 detalii suplimentare despre capacitatea bateriei sau diferen\u021bele exacte fa\u021b\u0103 de genera\u021bia actual\u0103. iPhone 18 Pro ar trebui, prin urmare, s\u0103 combine optimiz\u0103rile energetice cu noul sistem termic, \u00eens\u0103 cifre concrete privind durata de utilizare nu sunt indicate \u00een acest moment.<\/p>\n<p>Noile modele Pro pot avea modemul C2 dezvoltat de Apple<\/p>\n<p class=\"wp-block-paragraph\">O alt\u0103 modificare important\u0103 prive\u0219te conectivitatea, deoarece noile modele Pro sunt a\u0219teptate s\u0103 foloseasc\u0103 modemuri C2 dezvoltate intern de Apple. Pentru iPhone 18 Pro, aceast\u0103 schimbare ar \u00eensemna continuarea strategiei companiei de a utiliza tot mai multe componente proprii, \u00een locul modemurilor furnizate de Qualcomm.<\/p>\n<p class=\"wp-block-paragraph\">Schimbarea este important\u0103 deoarece existau \u0219i a\u0219tept\u0103ri potrivit c\u0103rora Apple ar putea p\u0103stra modemurile Qualcomm \u00eenc\u0103 un an pe modelele sale de top. Dac\u0103 planurile actuale se confirm\u0103, iPhone 18 Pro ar face pasul c\u0103tre solu\u021bia C2, una dintre cele mai importante schimb\u0103ri interne preg\u0103tite pentru aceast\u0103 genera\u021bie.<\/p>\n<p class=\"wp-block-paragraph\">Apple este a\u0219teptat\u0103 s\u0103 prezinte noile telefoane pe 9 septembrie, moment \u00een care diferen\u021bele dintre cele dou\u0103 versiuni Pro ar trebui s\u0103 devin\u0103 clare. iPhone 18 Pro se contureaz\u0103 astfel ca o genera\u021bie concentrat\u0103 pe camer\u0103, autonomie, r\u0103cire \u0219i conectivitate, iar diafragma mecanic\u0103 r\u0103m\u00e2ne elementul care poate produce cea mai vizibil\u0103 schimbare pentru utilizatorii interesa\u021bi de fotografie.<\/p>\n<p><br style=\"clear: both; display: block; float: none;\"\/>\t\t\t<\/p>\n","protected":false},"excerpt":{"rendered":"iPhone 18 Pro se preg\u0103te\u0219te pentru una dintre cele mai interesante modific\u0103ri ale camerei din noua genera\u021bie, Apple&hellip;\n","protected":false},"author":2,"featured_media":289465,"comment_status":"","ping_status":"","sticky":false,"template":"","format":"standard","meta":{"footnotes":"","_share_on_mastodon":"0"},"categories":[16],"tags":[83,30909,17335,41,40,38,39,163,141,124],"class_list":["post-289464","post","type-post","status-publish","format-standard","has-post-thumbnail","category-tehnologie","tag-apple","tag-iphone-18-pro","tag-iphone-18-pro-max","tag-ro","tag-romana","tag-romania","tag-romanian","tag-samsung","tag-technology","tag-tehnologie"],"share_on_mastodon":{"url":"https:\/\/pubeurope.com\/@ro\/117221021152182953","error":""},"_links":{"self":[{"href":"https:\/\/www.europesays.com\/ro\/wp-json\/wp\/v2\/posts\/289464","targetHints":{"allow":["GET"]}}],"collection":[{"href":"https:\/\/www.europesays.com\/ro\/wp-json\/wp\/v2\/posts"}],"about":[{"href":"https:\/\/www.europesays.com\/ro\/wp-json\/wp\/v2\/types\/post"}],"author":[{"embeddable":true,"href":"https:\/\/www.europesays.com\/ro\/wp-json\/wp\/v2\/users\/2"}],"replies":[{"embeddable":true,"href":"https:\/\/www.europesays.com\/ro\/wp-json\/wp\/v2\/comments?post=289464"}],"version-history":[{"count":0,"href":"https:\/\/www.europesays.com\/ro\/wp-json\/wp\/v2\/posts\/289464\/revisions"}],"wp:featuredmedia":[{"embeddable":true,"href":"https:\/\/www.europesays.com\/ro\/wp-json\/wp\/v2\/media\/289465"}],"wp:attachment":[{"href":"https:\/\/www.europesays.com\/ro\/wp-json\/wp\/v2\/media?parent=289464"}],"wp:term":[{"taxonomy":"category","embeddable":true,"href":"https:\/\/www.europesays.com\/ro\/wp-json\/wp\/v2\/categories?post=289464"},{"taxonomy":"post_tag","embeddable":true,"href":"https:\/\/www.europesays.com\/ro\/wp-json\/wp\/v2\/tags?post=289464"}],"curies":[{"name":"wp","href":"https:\/\/api.w.org\/{rel}","templated":true}]}}