{"id":289560,"date":"2026-09-06T03:46:19","date_gmt":"2026-09-06T03:46:19","guid":{"rendered":"https:\/\/www.europesays.com\/ro\/289560\/"},"modified":"2026-09-06T03:46:19","modified_gmt":"2026-09-06T03:46:19","slug":"guvernul-grec-anunta-mariri-de-salarii-pensii-crescute-si-scutiri-de-impozite","status":"publish","type":"post","link":"https:\/\/www.europesays.com\/ro\/289560\/","title":{"rendered":"Guvernul grec anun\u021b\u0103 m\u0103riri de salarii, pensii crescute \u0219i scutiri de impozite"},"content":{"rendered":"<p>                        <img loading=\"lazy\" decoding=\"async\" width=\"30\" height=\"30\" src=\"https:\/\/www.europesays.com\/ro\/wp-content\/uploads\/2026\/09\/1788666379_550_google-g.png\" alt=\"Google Split\"\/>    <\/p>\n<p id=\"p-0\">Guvernul unei \u021b\u0103ri europene a lansat un pachet masiv de m\u0103suri de sprijin, \u00een valoare de miliarde de euro. Planul aduce major\u0103ri ale salariului minim, bonusuri anuale pentru pensionari \u0219i bugetari, dar \u0219i reduceri de taxe sau impozit zero pentru anumite categorii de cet\u0103\u021beni, transmite <a href=\"https:\/\/www.mediafax.ro\/externe\/masuri-masive-pentru-populatie-intr-o-tara-europeana-mariri-de-salarii-pensii-crescute-si-scutiri-de-impozite-23802484\" target=\"_blank\" rel=\"noopener nofollow\">MEDIAFAX<\/a>.<\/p>\n<p id=\"p-1\">Premierul grec Kyriakos Mitsotakis a anun\u021bat s\u00e2mb\u0103t\u0103 reduceri de impozit pe venit \u0219i major\u0103ri salariale pentru angaja\u021bi, pensionari \u0219i persoane fizice autorizate, ca parte a unei reforme fiscale de miliarde de euro derulate \u00eenaintea alegerilor de anul viitor, potrivit Investing.<\/p>\n<p>&#8211; articolul continu\u0103 mai jos &#8211;<\/p>\n<p>Aproximativ 1% din PIB<\/p>\n<p id=\"p-2\">M\u0103surile, care vor costa 2,2 miliarde de euro pentru anul 2027, adic\u0103 aproximativ unu la sut\u0103 din PIB, includ un bonus anual de 400 de euro pentru pensionari \u0219i 500 de euro pentru bugetari. De asemenea, planul prevede impozit zero pe venit pentru fermierii cu venituri mici \u0219i familiile cu trei copii, al\u0103turi de o reducere a pl\u0103\u021bii \u00een avans a impozitului pentru micro\u00eentreprinderi \u0219i lucr\u0103tori independen\u021bi.<\/p>\n<p id=\"p-3\">Guvernul de centru-dreapta, reconfirmat la vot \u00een 2023 cu 40,5% din op\u021biuni dup\u0103 ce a promis cre\u0219teri de venituri, r\u0103m\u00e2ne pe primul loc \u00een sondaje. Cu toate acestea, sprijinul electoral a sc\u0103zut sub 30% din cauza crizei prelungite a costului vie\u021bii \u0219i a unor acuza\u021bii de corup\u021bie.<\/p>\n<p>O revenire spectaculoas\u0103 a economiei elene<\/p>\n<p id=\"p-4\">Dup\u0103 criza financiar\u0103 din 2009 care a st\u00e2rnit temeri privind ie\u0219irea Greciei din zona euro, \u021bara are acum una dintre cele mai bune performan\u021be din Europa. Economia greac\u0103 cre\u0219te cu un ritm anual de 2%, dep\u0103\u0219ind media zonei euro, \u0219i estimeaz\u0103 pentru acest an un excedent primar de 4% din PIB, aproape dublu fa\u021b\u0103 de prognoza ini\u021bial\u0103, ceea ce ofer\u0103 spa\u021biul fiscal necesar pentru finan\u021barea noilor m\u0103suri.<\/p>\n<p id=\"p-5\">Mitsotakis a anun\u021bat totodat\u0103 o nou\u0103 majorare a salariului minim lunar la 950 de euro, urm\u00e2nd ca acesta s\u0103 ajung\u0103 la 1.000 de euro \u00een anul 2028. \u00cen plus, pachetul include \u0219i o reducere cu 0,5% a contribu\u021biilor pentru pensii.<\/p>\n","protected":false},"excerpt":{"rendered":"Guvernul unei \u021b\u0103ri europene a lansat un pachet masiv de m\u0103suri de sprijin, \u00een valoare de miliarde de&hellip;\n","protected":false},"author":2,"featured_media":289561,"comment_status":"","ping_status":"","sticky":false,"template":"","format":"standard","meta":{"footnotes":"","_share_on_mastodon":"0"},"categories":[12],"tags":[32,33,31,36,37,79629,27,2233,74,34,35,79630,25,1378,41,40,38,39,26,28,29,30,71,72,73],"class_list":["post-289560","post","type-post","status-publish","format-standard","has-post-thumbnail","category-international","tag-breaking-news","tag-breakingnews","tag-cele-mai-populare-subiecte","tag-featured-news","tag-featurednews","tag-guvern-grec","tag-headlines","tag-impozite","tag-international","tag-latest-news","tag-latestnews","tag-mariri-salrii","tag-news","tag-pensii","tag-ro","tag-romana","tag-romania","tag-romanian","tag-stiri","tag-titluri","tag-top-stories","tag-topstories","tag-world","tag-world-news","tag-worldnews"],"share_on_mastodon":{"url":"https:\/\/pubeurope.com\/@ro\/117222046942760392","error":""},"_links":{"self":[{"href":"https:\/\/www.europesays.com\/ro\/wp-json\/wp\/v2\/posts\/289560","targetHints":{"allow":["GET"]}}],"collection":[{"href":"https:\/\/www.europesays.com\/ro\/wp-json\/wp\/v2\/posts"}],"about":[{"href":"https:\/\/www.europesays.com\/ro\/wp-json\/wp\/v2\/types\/post"}],"author":[{"embeddable":true,"href":"https:\/\/www.europesays.com\/ro\/wp-json\/wp\/v2\/users\/2"}],"replies":[{"embeddable":true,"href":"https:\/\/www.europesays.com\/ro\/wp-json\/wp\/v2\/comments?post=289560"}],"version-history":[{"count":0,"href":"https:\/\/www.europesays.com\/ro\/wp-json\/wp\/v2\/posts\/289560\/revisions"}],"wp:featuredmedia":[{"embeddable":true,"href":"https:\/\/www.europesays.com\/ro\/wp-json\/wp\/v2\/media\/289561"}],"wp:attachment":[{"href":"https:\/\/www.europesays.com\/ro\/wp-json\/wp\/v2\/media?parent=289560"}],"wp:term":[{"taxonomy":"category","embeddable":true,"href":"https:\/\/www.europesays.com\/ro\/wp-json\/wp\/v2\/categories?post=289560"},{"taxonomy":"post_tag","embeddable":true,"href":"https:\/\/www.europesays.com\/ro\/wp-json\/wp\/v2\/tags?post=289560"}],"curies":[{"name":"wp","href":"https:\/\/api.w.org\/{rel}","templated":true}]}}