{"id":289598,"date":"2026-09-06T05:50:29","date_gmt":"2026-09-06T05:50:29","guid":{"rendered":"https:\/\/www.europesays.com\/ro\/289598\/"},"modified":"2026-09-06T05:50:29","modified_gmt":"2026-09-06T05:50:29","slug":"nu-stiu-daca-iphone-18-pro-merita-pretul-anuntat-de-cele-mai-recente-zvonuri-inaintea-lansarii","status":"publish","type":"post","link":"https:\/\/www.europesays.com\/ro\/289598\/","title":{"rendered":"Nu \u0219tiu dac\u0103 iPhone 18 Pro merit\u0103 pre\u021bul anun\u021bat de cele mai recente zvonuri \u00eenaintea lans\u0103rii"},"content":{"rendered":"<p>            <br style=\"clear: both; display: block; float: none;\"\/><br \/>\n<img title=\"iPhone 18 pro merita\" fetchpriority=\"high\" decoding=\"async\" width=\"2560\" height=\"1440\" src=\"https:\/\/www.europesays.com\/ro\/wp-content\/uploads\/2026\/09\/iPhone-18-pro-merita.webp\" alt=\"iPhone 18 pro merita\" class=\"wp-image-656503\"  \/><\/p>\n<p class=\"wp-block-paragraph\">iPhone 18 Pro ar putea veni cu un pre\u021b care nu \u0219tiu dac\u0103 merit\u0103 pl\u0103tit de cineva, deoarece estim\u0103rile actuale indic\u0103 un pre\u021b de pornire de 1.399 de euro pentru versiunea de baz\u0103. Dac\u0103 aceast\u0103 prognoz\u0103 se confirm\u0103, noul model ar costa cu 100 de euro mai mult dec\u00e2t iPhone 17 Pro, iar diferen\u021ba ar deveni \u0219i mai mare pentru versiunea Pro Max.<\/p>\n<p><br style=\"clear: both; display: block; float: none;\"\/><a href=\"https:\/\/google.com\/preferences\/source?q=idevice.ro\" aria-label=\"Adaug\u0103 iDevice.ro ca surs\u0103 preferat\u0103 \u00een Google\" class=\"external\" rel=\"nofollow noopener\" target=\"_blank\"><img loading=\"lazy\" decoding=\"async\" src=\"data:image\/svg+xml,%3Csvg%20xmlns=\" http:=\"\" alt=\"Adaug\u0103 iDevice.ro ca surs\u0103 preferat\u0103 \u00een Google\" width=\"200\" height=\"73\" data-lazy-src=\"https:\/\/www.europesays.com\/ro\/wp-content\/uploads\/2026\/09\/1788673812_373_google_preferred_source_badge_light_en.png\"\/><\/a><\/p>\n<p class=\"wp-block-paragraph\">Pentru iPhone 18 Pro Max este estimat un pre\u021b de pornire de 1.649 de euro, comparativ cu 1.449 de euro pentru genera\u021bia actual\u0103. Asta ar \u00eensemna o majorare de 200 de euro, adic\u0103 aproximativ 13,8%, \u00een timp ce modelul Pro ar \u00eenregistra o cre\u0219tere de aproximativ 7,7%.<\/p>\n<p class=\"wp-block-paragraph\">iPhone 18 Pro Max la 1.650 de euro, cu 256 GB RAM, ca s\u0103 ne \u00een\u021belegem, este o abera\u021bie economic\u0103 f\u0103r\u0103 explica\u021bie logic\u0103, iar c\u00e2nd spune de \u201dlogic\u0103\u201d, m\u0103 refer la pre\u021buri normal pentru telefoane, nu la dorin\u021ba penibil\u0103 de a face profit p\u00e2n\u0103 nu-\u021bi mai \u00eencap banii sub pat, ca lui Pablo Escobar. Chiar \u0219i cu reduceri peste c\u00e2teva luni, iPhone 18 Pro Max este nesim\u021bit de scump, dar Apple e fl\u0103m\u00e2nd\u0103 r\u0103u dup\u0103 profit, a\u0219a c\u0103 va mulge fiecare cent\/eurocent de la toat\u0103 lumea.<\/p>\n<p><br style=\"clear: both; display: block; float: none;\"\/><\/p>\n<p>Pre\u021buri nesim\u021bite \u00een goana dup\u0103 profit<\/p>\n<p class=\"wp-block-paragraph\">Estim\u0103rile privind evolu\u021bia pre\u021bului arat\u0103 c\u0103 iPhone 18 Pro ar putea pierde aproximativ dou\u0103 procente din valoare chiar \u00een prima lun\u0103 dup\u0103 lansare, adic\u0103 bani de vreo c\u00e2teva cafele. \u00cen bani, diferen\u021ba ar fi de aproximativ 28 de euro, ceea ce nu face telefonul mai u\u0219or de recomandat cuiva.<\/p>\n<p class=\"wp-block-paragraph\">Schimbarea mai important\u0103 ar putea ap\u0103rea dup\u0103 aproximativ cinci luni, c\u00e2nd iPhone 18 Pro ar putea ajunge la pre\u021buri de 1.200 de euro. Fa\u021b\u0103 de pre\u021bul de lansare zbonit, cump\u0103r\u0103torii ar economisi aproximativ 199 de euro, adic\u0103 \u00een jur de 14% din suma ini\u021bial\u0103, ceea ce face ca a\u0219teptarea s\u0103 merite, pentru mul\u021bi.<\/p>\n<p class=\"wp-block-paragraph\">Dup\u0103 aproximativ \u0219ase luni, pre\u021bul ar putea urca temporar u\u0219or, \u00eenainte ca tendin\u021ba descendent\u0103 s\u0103 continue \u00een lunile urm\u0103toare. Cel mai redus nivel provizoriu pentru iPhone 18 Pro este estimat dup\u0103 aproximativ unsprezece luni, c\u00e2nd telefonul ar putea ajunge la circa 1.143 de euro, dar \u00een punctul al\u0103 va fi deja \u00eenlocuit de the next big thing.<\/p>\n<p>\t\t\t<a href=\"https:\/\/www.idevice.ro\/wp-content\/uploads\/2026\/09\/h7cmhionue298jdp3h.jpg\" data-attachment-id=\"656137\" data-type=\"image\" class=\"fg-thumb\" rel=\"nofollow noopener\" target=\"_blank\"><img loading=\"lazy\" src=\"https:\/\/www.europesays.com\/ro\/wp-content\/uploads\/2026\/09\/1788673813_854_1569417273.jpg\" alt=\"t\u0103vi\u021be SIM iPhone 18 Pro Sonny Dickson\" width=\"640\" height=\"360\" class=\"skip-lazy fg-image\" data-no-lazy=\"1\" decoding=\"async\"\/><\/a><a href=\"https:\/\/www.idevice.ro\/wp-content\/uploads\/2026\/09\/sertare-SIM-iPhone-18-Pro.webp\" data-caption-title=\"sertarele SIM ale iPhone 18 pro \u00een culorile silver, cherry red li sky blue.\" data-caption-desc=\"sertare SIM iPhone 18 Pro\" data-attachment-id=\"656140\" data-type=\"image\" class=\"fg-thumb\" rel=\"nofollow noopener\" target=\"_blank\"><img loading=\"lazy\" src=\"https:\/\/www.europesays.com\/ro\/wp-content\/uploads\/2026\/09\/1788673814_984_1941073481.webp\" alt=\"sertare SIM iPhone 18 Pro\" title=\"sertarele SIM ale iPhone 18 pro \u00een culorile silver, cherry red li sky blue.\" width=\"640\" height=\"360\" class=\"skip-lazy fg-image\" data-no-lazy=\"1\" decoding=\"async\"\/><\/a><\/p>\n<p>sertarele SIM ale iPhone 18 pro \u00een culorile silver, cherry red li sky blue.<\/p>\n<p>sertare SIM iPhone 18 Pro<\/p>\n<p><a href=\"https:\/\/www.idevice.ro\/wp-content\/uploads\/2026\/08\/iPhone-18-Pro-Max-carcase-china-10.webp\" data-caption-desc=\"iPhone 18 Pro Max carcase china 10\" data-attachment-id=\"654097\" data-type=\"image\" class=\"fg-thumb\" rel=\"nofollow noopener\" target=\"_blank\"><img loading=\"lazy\" src=\"https:\/\/www.europesays.com\/ro\/wp-content\/uploads\/2026\/09\/1788673815_333_3052049503.webp\" alt=\"iPhone 18 Pro Max carcase china 10\" width=\"640\" height=\"360\" class=\"skip-lazy fg-image\" data-no-lazy=\"1\" decoding=\"async\"\/><\/a><\/p>\n<p>iPhone 18 Pro Max carcase china 10<\/p>\n<p><a href=\"https:\/\/www.idevice.ro\/wp-content\/uploads\/2026\/08\/iPhone-18-Pro-Max-carcase-china-9.webp\" data-caption-desc=\"iPhone 18 Pro Max carcase china 9\" data-attachment-id=\"654096\" data-type=\"image\" class=\"fg-thumb\" rel=\"nofollow noopener\" target=\"_blank\"><img loading=\"lazy\" src=\"https:\/\/www.europesays.com\/ro\/wp-content\/uploads\/2026\/09\/1788673816_958_2635860552.webp\" alt=\"iPhone 18 Pro Max carcase china 9\" width=\"640\" height=\"360\" class=\"skip-lazy fg-image\" data-no-lazy=\"1\" decoding=\"async\"\/><\/a><\/p>\n<p>iPhone 18 Pro Max carcase china 9<\/p>\n<p><a href=\"https:\/\/www.idevice.ro\/wp-content\/uploads\/2026\/08\/iPhone-18-Pro-Max-carcase-china-8.webp\" data-caption-desc=\"iPhone 18 Pro Max carcase china 8\" data-attachment-id=\"654095\" data-type=\"image\" class=\"fg-thumb\" rel=\"nofollow noopener\" target=\"_blank\"><img loading=\"lazy\" src=\"https:\/\/www.europesays.com\/ro\/wp-content\/uploads\/2026\/09\/1788673817_803_1095477060.webp\" alt=\"iPhone 18 Pro Max carcase china 8\" width=\"640\" height=\"360\" class=\"skip-lazy fg-image\" data-no-lazy=\"1\" decoding=\"async\"\/><\/a><\/p>\n<p>iPhone 18 Pro Max carcase china 8<\/p>\n<p><a href=\"https:\/\/www.idevice.ro\/wp-content\/uploads\/2026\/08\/iPhone-18-Pro-Max-carcase-china-7.webp\" data-caption-desc=\"iPhone 18 Pro Max carcase china 7\" data-attachment-id=\"654094\" data-type=\"image\" class=\"fg-thumb\" rel=\"nofollow noopener\" target=\"_blank\"><img loading=\"lazy\" src=\"https:\/\/www.europesays.com\/ro\/wp-content\/uploads\/2026\/09\/1788673817_873_3625320528.webp\" alt=\"iPhone 18 Pro Max carcase china 7\" width=\"640\" height=\"360\" class=\"skip-lazy fg-image\" data-no-lazy=\"1\" decoding=\"async\"\/><\/a><\/p>\n<p>iPhone 18 Pro Max carcase china 7<\/p>\n<p><a href=\"https:\/\/www.idevice.ro\/wp-content\/uploads\/2026\/08\/iPhone-18-Pro-Max-carcase-china-6.webp\" data-caption-desc=\"iPhone 18 Pro Max carcase china 6\" data-attachment-id=\"654093\" data-type=\"image\" class=\"fg-thumb\" rel=\"nofollow noopener\" target=\"_blank\"><img loading=\"lazy\" src=\"https:\/\/www.europesays.com\/ro\/wp-content\/uploads\/2026\/09\/1788673818_597_3298887689.webp\" alt=\"iPhone 18 Pro Max carcase china 6\" width=\"640\" height=\"360\" class=\"skip-lazy fg-image\" data-no-lazy=\"1\" decoding=\"async\"\/><\/a><\/p>\n<p>iPhone 18 Pro Max carcase china 6<\/p>\n<p><a href=\"https:\/\/www.idevice.ro\/wp-content\/uploads\/2026\/08\/iPhone-18-Pro-Max-carcase-china-4.webp\" data-caption-desc=\"iPhone 18 Pro Max carcase china 4\" data-attachment-id=\"654091\" data-type=\"image\" class=\"fg-thumb\" rel=\"nofollow noopener\" target=\"_blank\"><img loading=\"lazy\" src=\"https:\/\/www.europesays.com\/ro\/wp-content\/uploads\/2026\/09\/1788673819_183_1738535173.webp\" alt=\"iPhone 18 Pro Max carcase china 4\" width=\"640\" height=\"360\" class=\"skip-lazy fg-image\" data-no-lazy=\"1\" decoding=\"async\"\/><\/a><\/p>\n<p>iPhone 18 Pro Max carcase china 4<\/p>\n<p><a href=\"https:\/\/www.idevice.ro\/wp-content\/uploads\/2026\/08\/iPhone-18-Pro-Max-carcase-china-5.webp\" data-caption-desc=\"iPhone 18 Pro Max carcase china 5\" data-attachment-id=\"654092\" data-type=\"image\" class=\"fg-thumb\" rel=\"nofollow noopener\" target=\"_blank\"><img loading=\"lazy\" src=\"https:\/\/www.europesays.com\/ro\/wp-content\/uploads\/2026\/09\/1788673820_58_3150470153.webp\" alt=\"iPhone 18 Pro Max carcase china 5\" width=\"640\" height=\"360\" class=\"skip-lazy fg-image\" data-no-lazy=\"1\" decoding=\"async\"\/><\/a><\/p>\n<p>iPhone 18 Pro Max carcase china 5<\/p>\n<p><a href=\"https:\/\/www.idevice.ro\/wp-content\/uploads\/2026\/08\/iPhone-18-Pro-Max-carcase-china-3.webp\" data-caption-desc=\"iPhone 18 Pro Max carcase china 3\" data-attachment-id=\"654090\" data-type=\"image\" class=\"fg-thumb\" rel=\"nofollow noopener\" target=\"_blank\"><img loading=\"lazy\" src=\"https:\/\/www.europesays.com\/ro\/wp-content\/uploads\/2026\/09\/1788673821_641_1159394313.webp\" alt=\"iPhone 18 Pro Max carcase china 3\" width=\"640\" height=\"360\" class=\"skip-lazy fg-image\" data-no-lazy=\"1\" decoding=\"async\"\/><\/a><\/p>\n<p>iPhone 18 Pro Max carcase china 3<\/p>\n<p><a href=\"https:\/\/www.idevice.ro\/wp-content\/uploads\/2026\/08\/iPhone-18-Pro-Max-carcase-china-2.webp\" data-caption-desc=\"iPhone 18 Pro Max carcase china 2\" data-attachment-id=\"654089\" data-type=\"image\" class=\"fg-thumb\" rel=\"nofollow noopener\" target=\"_blank\"><img loading=\"lazy\" src=\"https:\/\/www.europesays.com\/ro\/wp-content\/uploads\/2026\/09\/1788673821_80_2776438323.webp\" alt=\"iPhone 18 Pro Max carcase china 2\" width=\"640\" height=\"360\" class=\"skip-lazy fg-image\" data-no-lazy=\"1\" decoding=\"async\"\/><\/a><\/p>\n<p>iPhone 18 Pro Max carcase china 2<\/p>\n<p><a href=\"https:\/\/www.idevice.ro\/wp-content\/uploads\/2026\/08\/iPhone-18-Pro-Max-carcase-china-1.webp\" data-caption-desc=\"iPhone 18 Pro Max carcase china 1\" data-attachment-id=\"654088\" data-type=\"image\" class=\"fg-thumb\" rel=\"nofollow noopener\" target=\"_blank\"><img loading=\"lazy\" src=\"https:\/\/www.europesays.com\/ro\/wp-content\/uploads\/2026\/09\/1788673822_937_3658760755.webp\" alt=\"iPhone 18 Pro Max carcase china 1\" width=\"640\" height=\"360\" class=\"skip-lazy fg-image\" data-no-lazy=\"1\" decoding=\"async\"\/><\/a><\/p>\n<p>iPhone 18 Pro Max carcase china 1<\/p>\n<p><a href=\"https:\/\/www.idevice.ro\/wp-content\/uploads\/2026\/08\/iPhone-18-Pro-Max-carcase-china.webp\" data-caption-desc=\"iPhone 18 Pro Max carcase china\" data-attachment-id=\"654087\" data-type=\"image\" class=\"fg-thumb\" rel=\"nofollow noopener\" target=\"_blank\"><img loading=\"lazy\" src=\"https:\/\/www.europesays.com\/ro\/wp-content\/uploads\/2026\/09\/1788673823_972_36472422.webp\" alt=\"iPhone 18 Pro Max carcase china\" width=\"640\" height=\"360\" class=\"skip-lazy fg-image\" data-no-lazy=\"1\" decoding=\"async\"\/><\/a><\/p>\n<p>iPhone 18 Pro Max carcase china<\/p>\n<p><a href=\"https:\/\/www.idevice.ro\/wp-content\/uploads\/2026\/08\/iPhone-18-Pro-Max-carcase-china-14.webp\" data-caption-desc=\"iPhone 18 Pro Max carcase china 14\" data-attachment-id=\"654086\" data-type=\"image\" class=\"fg-thumb\" rel=\"nofollow noopener\" target=\"_blank\"><img loading=\"lazy\" src=\"https:\/\/www.europesays.com\/ro\/wp-content\/uploads\/2026\/09\/1788673824_301_4138376065.webp\" alt=\"iPhone 18 Pro Max carcase china 14\" width=\"640\" height=\"360\" class=\"skip-lazy fg-image\" data-no-lazy=\"1\" decoding=\"async\"\/><\/a><\/p>\n<p>iPhone 18 Pro Max carcase china 14<\/p>\n<p><a href=\"https:\/\/www.idevice.ro\/wp-content\/uploads\/2026\/08\/iPhone-18-Pro-Max-carcase-china-13.webp\" data-caption-desc=\"iPhone 18 Pro Max carcase china 13\" data-attachment-id=\"654085\" data-type=\"image\" class=\"fg-thumb\" rel=\"nofollow noopener\" target=\"_blank\"><img loading=\"lazy\" src=\"https:\/\/www.europesays.com\/ro\/wp-content\/uploads\/2026\/09\/1788673825_353_1952679664.webp\" alt=\"iPhone 18 Pro Max carcase china 13\" width=\"640\" height=\"360\" class=\"skip-lazy fg-image\" data-no-lazy=\"1\" decoding=\"async\"\/><\/a><\/p>\n<p>iPhone 18 Pro Max carcase china 13<\/p>\n<p><a href=\"https:\/\/www.idevice.ro\/wp-content\/uploads\/2026\/08\/iPhone-18-Pro-Max-carcase-china-12.webp\" data-caption-desc=\"iPhone 18 Pro Max carcase china 12\" data-attachment-id=\"654084\" data-type=\"image\" class=\"fg-thumb\" rel=\"nofollow noopener\" target=\"_blank\"><img loading=\"lazy\" src=\"https:\/\/www.europesays.com\/ro\/wp-content\/uploads\/2026\/09\/1788673826_472_2286960868.webp\" alt=\"iPhone 18 Pro Max carcase china 12\" width=\"640\" height=\"360\" class=\"skip-lazy fg-image\" data-no-lazy=\"1\" decoding=\"async\"\/><\/a><\/p>\n<p>iPhone 18 Pro Max carcase china 12<\/p>\n<p><a href=\"https:\/\/www.idevice.ro\/wp-content\/uploads\/2026\/08\/iPhone-18-Pro-Max-carcase-china-11.webp\" target=\"foobox\" data-caption-desc=\"iPhone 18 Pro Max carcase china 11\" data-attachment-id=\"654083\" data-type=\"image\" class=\"fg-thumb\" rel=\"nofollow noopener\"><img loading=\"lazy\" src=\"https:\/\/www.europesays.com\/ro\/wp-content\/uploads\/2026\/09\/1788673827_112_1286883655.webp\" alt=\"iPhone 18 Pro Max carcase china 11\" width=\"640\" height=\"360\" class=\"skip-lazy fg-image\" data-no-lazy=\"1\" decoding=\"async\"\/><\/a><\/p>\n<p>iPhone 18 Pro Max carcase china 11<\/p>\n<p><a href=\"https:\/\/www.idevice.ro\/wp-content\/uploads\/2026\/08\/carcasa-iPhone-18-Pro-merge-iPhone-17-pro.webp\" data-caption-title=\"Carcasa pentru iPhone 18 Pro care poate fi folosit\u0103 cu iPhone 17 Pro.\" data-caption-desc=\"carcasa iPhone 18 Pro merge iPhone 17 pro\" data-attachment-id=\"653862\" data-type=\"image\" class=\"fg-thumb\" rel=\"nofollow noopener\" target=\"_blank\"><img loading=\"lazy\" src=\"https:\/\/www.europesays.com\/ro\/wp-content\/uploads\/2026\/09\/1788673827_943_2522583944.webp\" alt=\"carcasa iPhone 18 Pro merge iPhone 17 pro\" title=\"Carcasa pentru iPhone 18 Pro care poate fi folosit\u0103 cu iPhone 17 Pro.\" width=\"640\" height=\"360\" class=\"skip-lazy fg-image\" data-no-lazy=\"1\" decoding=\"async\"\/><\/a><\/p>\n<p>Carcasa pentru iPhone 18 Pro care poate fi folosit\u0103 cu iPhone 17 Pro.<\/p>\n<p>carcasa iPhone 18 Pro merge iPhone 17 pro<\/p>\n<p><a href=\"https:\/\/www.idevice.ro\/wp-content\/uploads\/2026\/08\/baterie-iPhone-18-Pro-Max-China.webp\" data-caption-desc=\"baterie iPhone 18 Pro Max China\" data-attachment-id=\"652980\" data-type=\"image\" class=\"fg-thumb\" rel=\"nofollow noopener\" target=\"_blank\"><img loading=\"lazy\" src=\"https:\/\/www.europesays.com\/ro\/wp-content\/uploads\/2026\/09\/1788673828_169_1473574116.webp\" alt=\"baterie iPhone 18 Pro Max China\" width=\"640\" height=\"360\" class=\"skip-lazy fg-image\" data-no-lazy=\"1\" decoding=\"async\"\/><\/a><\/p>\n<p>baterie iPhone 18 Pro Max China<\/p>\n<p><a href=\"https:\/\/www.idevice.ro\/wp-content\/uploads\/2026\/08\/baterie-iPhone-18-Pro-Max-certificare-China.webp\" data-caption-desc=\"baterie iPhone 18 Pro Max certificare China\" data-attachment-id=\"652979\" data-type=\"image\" class=\"fg-thumb\" rel=\"nofollow noopener\" target=\"_blank\"><img loading=\"lazy\" src=\"https:\/\/www.europesays.com\/ro\/wp-content\/uploads\/2026\/09\/1788673829_469_283539894.webp\" alt=\"baterie iPhone 18 Pro Max certificare China\" width=\"640\" height=\"360\" class=\"skip-lazy fg-image\" data-no-lazy=\"1\" decoding=\"async\"\/><\/a><\/p>\n<p>baterie iPhone 18 Pro Max certificare China<\/p>\n<p><a href=\"https:\/\/www.idevice.ro\/wp-content\/uploads\/2026\/07\/capacitate-baterii-iphone-18-pro-iphone-18-pro-max.webp\" data-caption-desc=\"capacitate baterii iphone 18 pro iphone 18 pro max\" data-attachment-id=\"649115\" data-type=\"image\" class=\"fg-thumb\" rel=\"nofollow noopener\" target=\"_blank\"><img loading=\"lazy\" src=\"https:\/\/www.europesays.com\/ro\/wp-content\/uploads\/2026\/09\/1666019516.webp\" alt=\"capacitate baterii iphone 18 pro iphone 18 pro max\" width=\"640\" height=\"360\" class=\"skip-lazy fg-image\" data-no-lazy=\"1\" decoding=\"async\"\/><\/a><\/p>\n<p>capacitate baterii iphone 18 pro iphone 18 pro max<\/p>\n<p>\n\t\t\tPrev<br \/>\n\t\t\t1of21<br \/>\n\t\t\tNext\n\t\t<\/p>\n<p class=\"wp-block-paragraph\">La acel nivel, diferen\u021ba fa\u021b\u0103 de pre\u021bul ini\u021bial ar fi de aproximativ 256 de euro, ceea ce \u00eenseamn\u0103 o reducere de circa 18%. Pentru cei care nu vor neap\u0103rat telefonul imediat dup\u0103 lansare, diferen\u021ba ar putea fi suficient de mare pentru a justifica o perioad\u0103 de a\u0219teptare.<\/p>\n<p>iPhone 18 Pro Max ar putea avea o sc\u0103dere \u0219i mai mare \u00een valoare absolut\u0103<\/p>\n<p class=\"wp-block-paragraph\">\u00cen cazul iPhone 18 Pro Max, evolu\u021bia estimat\u0103 este asem\u0103n\u0103toare, dar economiile pot deveni mai consistente deoarece pre\u021bul de pornire este mai ridicat. Dup\u0103 dou\u0103 luni, reducerea estimat\u0103 pentru iPhone 18 Pro Max ar putea ajunge deja la aproximativ nou\u0103 procente, adic\u0103 undeva pe la 150 de euro, bani de o cin\u0103 bun\u0103 \u00een ora\u0219.<\/p>\n<p class=\"wp-block-paragraph\">Dup\u0103 cinci luni, economia estimat\u0103 ajunge la aproximativ 237 de euro, echivalentul unei reduceri de circa 14% fa\u021b\u0103 de pre\u021bul ini\u021bial. Dup\u0103 nou\u0103 luni, modelul ar putea cobor\u00ee p\u00e2n\u0103 la aproximativ 1.328 de euro, adic\u0103 aproximativ 321 de euro sub valoarea de lansare.<\/p>\n<p class=\"wp-block-paragraph\">Aceast\u0103 evolu\u021bie ar \u00eensemna o reducere de aproximativ 19%, mai mare procentual dec\u00e2t sc\u0103derea estimat\u0103 pentru iPhone 18 Pro. Diferen\u021ba arat\u0103 de ce momentul cump\u0103r\u0103rii poate conta aproape la fel de mult precum alegerea dintre cele dou\u0103 modele Pro.<\/p>\n<p>C\u00e2nd ar putea fi cel mai bun moment pentru cump\u0103rare<\/p>\n<p class=\"wp-block-paragraph\">Pentru cine nu are nevoie de iPhone 18 Pro imediat dup\u0103 debut, perioada de aproximativ cinci luni de la lansare apare drept un compromis interesant, iar iPhone 18 Pro ar putea fi atunci mult mai bine pozi\u021bionat ca pre\u021b. Telefonul ar fi \u00eenc\u0103 relativ nou pe pia\u021b\u0103, dar pre\u021bul estimat ar fi deja semnificativ mai mic dec\u00e2t la \u00eenceput.<\/p>\n<p class=\"wp-block-paragraph\">\u00cen aceste condi\u021bii, \u00eenceputul anului 2027 ar putea deveni o perioad\u0103 mai atractiv\u0103 pentru achizi\u021bie, dac\u0103 evolu\u021bia pre\u021burilor urmeaz\u0103 scenariul proiectat. A\u0219teptarea p\u00e2n\u0103 \u00een vara dinaintea urm\u0103toarei genera\u021bii nu este \u00eens\u0103 considerat\u0103 la fel de eficient\u0103, deoarece pre\u021burile tind s\u0103 stagneze \u00een aceast\u0103 etap\u0103.<\/p>\n<p class=\"wp-block-paragraph\">Cei care nu \u021bin neap\u0103rat la cea mai nou\u0103 genera\u021bie ar putea g\u0103si o oportunitate diferit\u0103 \u00een toamna anului 2027. Pentru cei care vor s\u0103 foloseasc\u0103 telefonul c\u00e2t mai mult timp \u00eenaintea apari\u021biei succesorului, achizi\u021bia la c\u00e2teva luni dup\u0103 debut pare mai echilibrat\u0103.<\/p>\n<p class=\"wp-block-paragraph\">Apple va lansa iPhone 18 Pro \u00een cadrul evenimentului programat pentru 9 septembrie 2026, al\u0103turi de alte produse noi. \u00cen acela\u0219i timp, modelul iPhone 18 standard este a\u0219teptat abia \u00een prim\u0103vara anului 2027, iar pentru acesta nu exist\u0103 deocamdat\u0103 indicii concrete privind pre\u021bul.<\/p>\n<p class=\"wp-block-paragraph\">Scumpire aproape sigur\u0103 a seriei iPhone 18 Pro vine dup\u0103 ce Apple a majorat \u00een vara anului 2026 pre\u021burile mai multor produse, pe fondul cre\u0219terii costurilor pentru stocare \u0219i al disponibilit\u0103\u021bii mai reduse a cipurilor de memorie, iar iPhone 18 Pro intr\u0103 astfel \u00eentr-un context de pre\u021b diferit. iPhone 18 Pro ar putea deveni astfel mai scump la debut, dar \u0219i un model pentru care r\u0103bdarea cump\u0103r\u0103torilor ar putea avea o valoare financiar\u0103 foarte clar\u0103.<\/p>\n<p><br style=\"clear: both; display: block; float: none;\"\/>\t\t\t<\/p>\n","protected":false},"excerpt":{"rendered":"iPhone 18 Pro ar putea veni cu un pre\u021b care nu \u0219tiu dac\u0103 merit\u0103 pl\u0103tit de cineva, deoarece&hellip;\n","protected":false},"author":2,"featured_media":289599,"comment_status":"","ping_status":"","sticky":false,"template":"","format":"standard","meta":{"footnotes":"","_share_on_mastodon":"0"},"categories":[16],"tags":[83,30909,17335,41,40,38,39,141,124],"class_list":["post-289598","post","type-post","status-publish","format-standard","has-post-thumbnail","category-tehnologie","tag-apple","tag-iphone-18-pro","tag-iphone-18-pro-max","tag-ro","tag-romana","tag-romania","tag-romanian","tag-technology","tag-tehnologie"],"share_on_mastodon":{"url":"https:\/\/pubeurope.com\/@ro\/117222535050788222","error":""},"_links":{"self":[{"href":"https:\/\/www.europesays.com\/ro\/wp-json\/wp\/v2\/posts\/289598","targetHints":{"allow":["GET"]}}],"collection":[{"href":"https:\/\/www.europesays.com\/ro\/wp-json\/wp\/v2\/posts"}],"about":[{"href":"https:\/\/www.europesays.com\/ro\/wp-json\/wp\/v2\/types\/post"}],"author":[{"embeddable":true,"href":"https:\/\/www.europesays.com\/ro\/wp-json\/wp\/v2\/users\/2"}],"replies":[{"embeddable":true,"href":"https:\/\/www.europesays.com\/ro\/wp-json\/wp\/v2\/comments?post=289598"}],"version-history":[{"count":0,"href":"https:\/\/www.europesays.com\/ro\/wp-json\/wp\/v2\/posts\/289598\/revisions"}],"wp:featuredmedia":[{"embeddable":true,"href":"https:\/\/www.europesays.com\/ro\/wp-json\/wp\/v2\/media\/289599"}],"wp:attachment":[{"href":"https:\/\/www.europesays.com\/ro\/wp-json\/wp\/v2\/media?parent=289598"}],"wp:term":[{"taxonomy":"category","embeddable":true,"href":"https:\/\/www.europesays.com\/ro\/wp-json\/wp\/v2\/categories?post=289598"},{"taxonomy":"post_tag","embeddable":true,"href":"https:\/\/www.europesays.com\/ro\/wp-json\/wp\/v2\/tags?post=289598"}],"curies":[{"name":"wp","href":"https:\/\/api.w.org\/{rel}","templated":true}]}}