{"id":289686,"date":"2026-09-06T08:02:14","date_gmt":"2026-09-06T08:02:14","guid":{"rendered":"https:\/\/www.europesays.com\/ro\/289686\/"},"modified":"2026-09-06T08:02:14","modified_gmt":"2026-09-06T08:02:14","slug":"articole-interesante-de-citit-astazi-6-septembrie-2026","status":"publish","type":"post","link":"https:\/\/www.europesays.com\/ro\/289686\/","title":{"rendered":"Articole interesante de citit ast\u0103zi &#8211; 6 septembrie 2026"},"content":{"rendered":"<p><a target=\"_blank\" href=\"https:\/\/en.wikipedia.org\/wiki\/Dallara\" rel=\"nofollow noopener\">Despre Dallara<\/a>, compania care construie\u0219te \u0219asiurile pentru IndyCar, Formula 2, Formula 3 \u0219i alte competi\u021bii. \/ Wikipedia<\/p>\n<p><a target=\"_blank\" href=\"https:\/\/www.theworlds50best.com\/stories\/News\/the-50-best-hotels-2026-the-51-100-list.html\" rel=\"nofollow noopener\">Cele mai bune hoteluri din lume, locurile 100-51<\/a>. Restul vor fi dezv\u0103luite pe 15 septembrie. Hotelul \u0103la de la cascade\u2026 \/ The World 50 Best<\/p>\n<p><a target=\"_blank\" href=\"https:\/\/www.theguardian.com\/sport\/2026\/sep\/02\/backyard-ultra-phil-gore-record-breaking-152-hour-run\" rel=\"nofollow noopener\">Un sportiv a alergat c\u00e2te 6,71 km \u00een fiecare or\u0103\u2026 timp de o s\u0103pt\u0103m\u00e2n\u0103<\/a>. Este un soi de ultra-maraton de anduran\u021b\u0103 \u00een care \u00een fiecare or\u0103 se d\u0103 startul la un nou tur, iar doar cei care-l termin\u0103 trec mai departe. Omul a f\u0103cut astfel de tururi \u00een fiecare or\u0103 timp de 6 zile \u0219i 15 ore. Am mai auzit de astfel de curse prin p\u0103dure, c\u00e2nd alergi vreo 50 de minute, te odihne\u0219ti alte 10\u2026 \u0219i c\u00e2\u0219tig\u0103torul a f\u0103cut asta timp de 45 de ore consecutiv. \/ The Guardian<\/p>\n<p><a target=\"_blank\" href=\"https:\/\/edition.cnn.com\/2026\/09\/04\/world\/un-vote-new-world-map-intl-scli\" rel=\"nofollow noopener\">ONU adopt\u0103 schimbarea proiec\u021biei utilizate pentru h\u0103r\u021bi pentru a ar\u0103ta mai bine dimensiunea unor continente<\/a>. SUA a fost singura \u021bar\u0103 care s-a opus. Proiec\u021bia Mercator are ni\u0219te probleme, de exemplu Groenlanda pare c\u00e2t America de Sud \u0219i c\u00e2t Africa, dar \u00een practic\u0103 este de 14 ore mai mic\u0103 dec\u00e2t Africa. \/ CNN<\/p>\n<p>Nu-i chiar u\u0219or s\u0103 faci h\u0103r\u021bi. C\u00e2nd desf\u0103\u0219ori o suprafa\u021b\u0103 sferic\u0103 pe un plan drept, apar ni\u0219te deform\u0103ri pe la capete \u0219i trebuie s\u0103 alegi cum le tratezi. Proiec\u021bia Mercator arat\u0103 ca mai jos:<\/p>\n<p><a href=\"https:\/\/www.nwradu.ro\/wp-content\/uploads\/2026\/09\/harta_veche_mercator.webp\" data-imagelightbox=\"\" rel=\"nofollow noopener\" target=\"_blank\"><img fetchpriority=\"high\" decoding=\"async\" class=\"alignnone size-large wp-image-181736\" src=\"https:\/\/www.europesays.com\/ro\/wp-content\/uploads\/2026\/09\/harta_veche_mercator-620x394.webp\" alt=\"\" width=\"620\" height=\"394\"  \/><\/a><\/p>\n<p>Noua hart\u0103 aleas\u0103 de ONU pare centrat\u0103 pe ecuator \u0219i cu anumite zone redimensionate pentru a fi propor\u021bionale cu realitatea din teren:<\/p>\n<p><a href=\"https:\/\/www.nwradu.ro\/wp-content\/uploads\/2026\/09\/harta_noua_egal.webp\" data-imagelightbox=\"\" rel=\"nofollow noopener\" target=\"_blank\"><img loading=\"lazy\" decoding=\"async\" class=\"alignnone size-large wp-image-181737\" src=\"https:\/\/www.europesays.com\/ro\/wp-content\/uploads\/2026\/09\/harta_noua_egal-620x330.webp\" alt=\"\" width=\"620\" height=\"330\"  \/><\/a><\/p>\n<p><a target=\"_blank\" href=\"https:\/\/en.wikipedia.org\/wiki\/French_Republican_calendar\" rel=\"nofollow noopener\">Despre calendarul republican francez<\/a>. Dup\u0103 revolu\u021bia francez\u0103 din 1789, pentru a se distan\u021ba de calendarul gregorian venit pe filiera bisericeasc\u0103, revolu\u021bionarii au inventat unul nou. Avea 12 luni de c\u00e2te 30 de zile fiecare, iar fiecare lun\u0103 avea 3 s\u0103pt\u0103m\u00e2ni de 10 zile fiecare, cu nume precum florial \u0219i termidor \u0219i respectiv sextidi \u0219i septidi pentru zile. N-a mers. Mie mi se pare mai degrab\u0103 un exemplu bun pentru ce pot impune \u201crevolu\u021bionarii\u201d ca fiind necesar \u00een numele schimb\u0103rii. \/ Wikipedia<\/p>\n<p><a target=\"_blank\" href=\"https:\/\/gizmodo.com\/144-new-sci-fi-fantasy-and-horror-books-coming-out-in-september-2000804610\" rel=\"nofollow noopener\">144 de c\u0103r\u021bi SF, fantasy \u0219i horror care se lanseaz\u0103 \u00een septembrie<\/a>.\u00a0Un nou roman de China Mieville printre ele.\u00a0\/ Gizmodo<\/p>\n<p>Onimusha: Way of the Sword ia nota 10:<\/p>\n<p><a target=\"_blank\" href=\"https:\/\/edition.cnn.com\/2026\/09\/03\/world\/gallery\/photos-this-week-august-27-september-3\" rel=\"nofollow noopener\">Fotografiile s\u0103pt\u0103m\u00e2nii<\/a>. Mai jos este una cu copii juc\u00e2ndu-se la re\u00eenceperea \u0219colii, \u00een Kiev \/ CNN<\/p>\n<p><a href=\"https:\/\/www.nwradu.ro\/wp-content\/uploads\/2026\/09\/copii_kiev.webp\" data-imagelightbox=\"\" rel=\"nofollow noopener\" target=\"_blank\"><img loading=\"lazy\" decoding=\"async\" class=\"alignnone size-large wp-image-181738\" src=\"https:\/\/www.europesays.com\/ro\/wp-content\/uploads\/2026\/09\/copii_kiev-620x413.webp\" alt=\"\" width=\"620\" height=\"413\"  \/><\/a><\/p>\n<p><a target=\"_blank\" href=\"https:\/\/www.instagram.com\/simon.frwt\/reels\/\" rel=\"nofollow noopener\">Tipul acesta filmeaz\u0103 hoteluri cu drone first-person<\/a>, dup\u0103 un scenariu bine sincronizat. \/ Instagram<\/p>\n<p><a target=\"_blank\" href=\"https:\/\/edition.cnn.com\/2026\/09\/02\/travel\/rome-declares-security-red-zone-around-the-colosseum-to-protect-tourists-amid-violent-crime-incidents\" rel=\"nofollow noopener\">Roma declar\u0103 alert\u0103 de securitate pe l\u00e2ng\u0103 Colosseum, dup\u0103 cre\u0219terea criminalit\u0103\u021bii \u00een zon\u0103<\/a>. Aten\u021bie la buzunare dac\u0103 ajunge\u021bi pe acolo. \/ CNN<\/p>\n<p><a target=\"_blank\" href=\"https:\/\/www.bbc.com\/news\/live\/cmwyzxlzxpzgt\" rel=\"nofollow noopener\">Protestatari masca\u021bi s-au adunat \u00een portul Dover<\/a>, intimid\u00e2nd localnicii \u0219i cer\u00e2nd oprirea traficului naval. \/ BBC<\/p>\n<p>Formula 1 la Monza, la ora 16, cu Gasly \u00een pole position \u0219i Antonelli undeva la coad\u0103.<\/p>\n<p><script async src=\"\/\/www.instagram.com\/embed.js\"><\/script><\/p>\n","protected":false},"excerpt":{"rendered":"Despre Dallara, compania care construie\u0219te \u0219asiurile pentru IndyCar, Formula 2, Formula 3 \u0219i alte competi\u021bii. \/ Wikipedia Cele&hellip;\n","protected":false},"author":2,"featured_media":289687,"comment_status":"","ping_status":"","sticky":false,"template":"","format":"standard","meta":{"footnotes":"","_share_on_mastodon":"0"},"categories":[18],"tags":[59236,171,170,41,40,38,39],"class_list":["post-289686","post","type-post","status-publish","format-standard","has-post-thumbnail","category-divertisment","tag-articole-lungi-si-interesante","tag-divertisment","tag-entertainment","tag-ro","tag-romana","tag-romania","tag-romanian"],"share_on_mastodon":{"url":"https:\/\/pubeurope.com\/@ro\/117223054029780848","error":""},"_links":{"self":[{"href":"https:\/\/www.europesays.com\/ro\/wp-json\/wp\/v2\/posts\/289686","targetHints":{"allow":["GET"]}}],"collection":[{"href":"https:\/\/www.europesays.com\/ro\/wp-json\/wp\/v2\/posts"}],"about":[{"href":"https:\/\/www.europesays.com\/ro\/wp-json\/wp\/v2\/types\/post"}],"author":[{"embeddable":true,"href":"https:\/\/www.europesays.com\/ro\/wp-json\/wp\/v2\/users\/2"}],"replies":[{"embeddable":true,"href":"https:\/\/www.europesays.com\/ro\/wp-json\/wp\/v2\/comments?post=289686"}],"version-history":[{"count":0,"href":"https:\/\/www.europesays.com\/ro\/wp-json\/wp\/v2\/posts\/289686\/revisions"}],"wp:featuredmedia":[{"embeddable":true,"href":"https:\/\/www.europesays.com\/ro\/wp-json\/wp\/v2\/media\/289687"}],"wp:attachment":[{"href":"https:\/\/www.europesays.com\/ro\/wp-json\/wp\/v2\/media?parent=289686"}],"wp:term":[{"taxonomy":"category","embeddable":true,"href":"https:\/\/www.europesays.com\/ro\/wp-json\/wp\/v2\/categories?post=289686"},{"taxonomy":"post_tag","embeddable":true,"href":"https:\/\/www.europesays.com\/ro\/wp-json\/wp\/v2\/tags?post=289686"}],"curies":[{"name":"wp","href":"https:\/\/api.w.org\/{rel}","templated":true}]}}