{"id":289806,"date":"2026-09-06T10:15:08","date_gmt":"2026-09-06T10:15:08","guid":{"rendered":"https:\/\/www.europesays.com\/ro\/289806\/"},"modified":"2026-09-06T10:15:08","modified_gmt":"2026-09-06T10:15:08","slug":"robert-pattinson-a-fermecat-cu-rolul-din-filmul-primetime-ovationat-minute-intregi-la-festivalul-de-film-de-la-venetia","status":"publish","type":"post","link":"https:\/\/www.europesays.com\/ro\/289806\/","title":{"rendered":"Robert Pattinson a fermecat cu rolul din filmul \u201ePrimetime\u201d. Ova\u021bionat minute \u00eentregi la Festivalul de Film de la Vene\u021bia"},"content":{"rendered":"<p class=\"wp-block-paragraph\">Publicul de la Festivalul de Film de la Vene\u0163ia a fost complet cucerit de interpretarea captivant\u0103 a lui Robert Pattinson \u00een rolul lui Chris Hansen, prezentatorul emisiunii \u201eTo Catch a Predator\u201d, din filmul \u201ePrimetime\u201d, care a avut premiera s\u00e2mb\u0103t\u0103 \u015fi a fost \u00eent\u00e2mpinat cu ova\u0163ii entuziaste de \u015fapte minute, scrie Variety.<\/p>\n<p class=\"wp-block-paragraph\">Partenera lui Pattinson, Suki Waterhouse, care a aplaudat probabil cel mai tare dup\u0103 ce a ap\u0103rut genericul de final \u015fi s-a aplecat \u00een fa\u0163\u0103 pentru a-l s\u0103ruta pe Pattinson, \u00een timp ce publicul aplauda interpretarea sa magistral\u0103, noteaz\u0103 News.ro.<\/p>\n<p class=\"wp-block-paragraph\">La Vene\u0163ia, actorii stau \u00een primul r\u00e2nd al balconului, iar partenerii lor trebuie s\u0103 stea cu un r\u00e2nd \u00een spatele lor. Pe m\u0103sur\u0103 ce ova\u0163iile s-au prelungit, publicul a \u00eenceput s\u0103 scandeze numele regizorului Lance Oppenheim \u015fi al c\u00e2nt\u0103re\u0163ei \u015fi compozitoarei Phoebe Bridgers, care \u015fi-a f\u0103cut debutul ca actri\u0163\u0103 \u00een acest film.<\/p>\n<p>\u201ePrimetime\u201d concureaz\u0103 pentru Leul de Aur.<\/p>\n<p class=\"wp-block-paragraph\">Bazat pe articolul lui Luke Dittrich din 2007, publicat \u00een revista Esquire, intitulat \u201eTonight on Dateline This Man Will Die\u201d, filmul \u201ePrimetime\u201d urm\u0103re\u015fte procesul de produc\u0163ie al popularei emisiuni, \u00een cadrul c\u0103ruia Hansen a \u00eencercat s\u0103-i confrunte pe presupu\u0219ii pedofili prin opera\u0163iuni sub acoperire complexe.<\/p>\n<p class=\"wp-block-paragraph\">Sus\u0163inut de A24, \u201ePrimetime\u201d a avut premiera \u00een sec\u0163iunea competi\u0163ional\u0103 \u015fi va concura pentru Leul de Aur. Filmul marcheaz\u0103 debutul lui Oppenheim \u00een lungmetraj, acesta regiz\u00e2nd anterior documentare apreciate precum \u201eSome Kind of Heaven\u201d \u015fi \u201eRen Faire\u201d de la HBO.<\/p>\n<p class=\"wp-block-paragraph\">Oamenii aduna\u021bi \u00een fa\u0163a Palazzo del Cinema scandau \u201eRobert! Robert! Robert!\u201d, \u00eentr-o dup\u0103-amiaz\u0103 extrem de torid\u0103 la Lido. Pattinson, Bridgers \u015fi colegul lor de distribu\u0163ie Skyler Gisondo au acordat autografe \u015fi s-au pozat cu fanii, \u00een timp ce Merritt Wever, care interpreteaz\u0103 rolul unei produc\u0103toare \u00een \u201ePrimetime\u201d, \u015fi Waterhouse au purtat discu\u0163ii informale cu produc\u0103torii. Fostul \u015fef al NBC, Jeff Zucker, care apare \u00een film interpret\u00e2ndu-se pe sine, a defilat \u015fi el pe covorul ro\u015fu, la fel ca \u015fi produc\u0103torul Ari Aster.<\/p>\n<p>Critici la adresa filmului<\/p>\n<p class=\"wp-block-paragraph\">Hansen, \u00een via\u0163a real\u0103, \u015fi-a exprimat \u00een mod deschis criticile la adresa filmului \u201ePrimetime\u201d, afirm\u00e2nd c\u0103 nu a fost implicat \u00een procesul creativ \u015fi c\u0103 nu a v\u0103zut filmul.<\/p>\n<p class=\"wp-block-paragraph\">El a calificat interpretarea lui Pattinson drept \u201eprea dramatic\u0103\u201d \u015fi a pus la \u00eendoial\u0103 \u201emotiva\u0163ia\u201d studioului de a dramatiza realizarea celebrului reality show.<\/p>\n<p class=\"wp-block-paragraph\">Hansen a subliniat, de asemenea, c\u0103 \u201ePrimetime\u201d nu este o relatare literal\u0103 a carierei sale \u015fi c\u0103 nu a fost consultat \u00een timpul realiz\u0103rii filmului.<\/p>\n<p class=\"wp-block-paragraph\">\u201eEl spune lucruri pe care eu nu le-am spus niciodat\u0103 \u015fi face lucruri pe care eu nu le-am f\u0103cut niciodat\u0103, iar asta nu m\u0103 reprezint\u0103. Sunt un tip de treab\u0103, cu excep\u0163ia cazurilor \u00een care este vorba de infractori \u015fi pr\u0103d\u0103tori\u201d, a declarat Hansen anterior. \u201eCred c\u0103 oamenii ar trebui s\u0103-\u015fi aminteasc\u0103 c\u0103 este o oper\u0103 de fic\u0163iune, bazat\u0103 doar pe evenimente din via\u0163a real\u0103\u201d.<\/p>\n<p class=\"wp-block-paragraph\">La conferin\u0163a de pres\u0103 de s\u00e2mb\u0103t\u0103, Pattinson a sugerat c\u0103 Hansen \u015fi-ar putea schimba p\u0103rerea odat\u0103 ce va vedea filmul. \u201eEvident, sper s\u0103-i plac\u0103 filmul\u201d, a spus Pattinson. \u201eEste ceva electrizant la el. Sper c\u0103 inspira\u0163ia pe care personajul s\u0103u a oferit-o multor oameni de-a lungul anilor s\u0103 fie considerat\u0103 un fel de compliment\u201d.<\/p>\n<p>Pattinson filmeaz\u0103 pentru urm\u0103torul Batman<\/p>\n<p class=\"wp-block-paragraph\">\u201ePrimetime\u201d vine \u00een continuarea unui an de excep\u0163ie pentru Pattinson, care joac\u0103 \u00een filme de mare anvergur\u0103, precum succesul independent din aceast\u0103 prim\u0103var\u0103, \u201eThe Drama\u201d, blockbusterul de var\u0103 al lui Christopher Nolan, \u201eThe Odyssey\u201d, \u015fi viitorul film de mare succes al lui Denis Villeneuve, \u201eDune: Part III\u201d.<\/p>\n<p class=\"wp-block-paragraph\">Iar programul lui Pattinson r\u0103m\u00e2ne \u00eenc\u0103rcat: a zburat la Lido din Londra, unde filmeaz\u0103 \u00een prezent \u201eThe Batman: Part II\u201d, relu\u00e2nd rolul lui Bruce Wayne, miliardarul retras care a devenit justi\u0163iar.<\/p>\n<p class=\"wp-block-paragraph\">\u201eC\u00e2nd intri \u00een ritm, ciudat, nu e chiar at\u00e2t de greu\u201d, a spus Pattinson la conferin\u0163a de pres\u0103. \u00cen plus, a glumit el, \u201etocmai am devenit tat\u0103. Nu am nicio dorin\u0163\u0103 s\u0103 ies seara. A\u015fa c\u0103, dintr-odat\u0103, am avut de dou\u0103 ori mai mult timp, ceea ce m-a ajutat\u201d.<\/p>\n","protected":false},"excerpt":{"rendered":"Publicul de la Festivalul de Film de la Vene\u0163ia a fost complet cucerit de interpretarea captivant\u0103 a lui&hellip;\n","protected":false},"author":2,"featured_media":289807,"comment_status":"","ping_status":"","sticky":false,"template":"","format":"standard","meta":{"footnotes":"","_share_on_mastodon":"0"},"categories":[18],"tags":[171,170,41,40,38,39],"class_list":["post-289806","post","type-post","status-publish","format-standard","has-post-thumbnail","category-divertisment","tag-divertisment","tag-entertainment","tag-ro","tag-romana","tag-romania","tag-romanian"],"share_on_mastodon":{"url":"https:\/\/pubeurope.com\/@ro\/117223576359015916","error":""},"_links":{"self":[{"href":"https:\/\/www.europesays.com\/ro\/wp-json\/wp\/v2\/posts\/289806","targetHints":{"allow":["GET"]}}],"collection":[{"href":"https:\/\/www.europesays.com\/ro\/wp-json\/wp\/v2\/posts"}],"about":[{"href":"https:\/\/www.europesays.com\/ro\/wp-json\/wp\/v2\/types\/post"}],"author":[{"embeddable":true,"href":"https:\/\/www.europesays.com\/ro\/wp-json\/wp\/v2\/users\/2"}],"replies":[{"embeddable":true,"href":"https:\/\/www.europesays.com\/ro\/wp-json\/wp\/v2\/comments?post=289806"}],"version-history":[{"count":0,"href":"https:\/\/www.europesays.com\/ro\/wp-json\/wp\/v2\/posts\/289806\/revisions"}],"wp:featuredmedia":[{"embeddable":true,"href":"https:\/\/www.europesays.com\/ro\/wp-json\/wp\/v2\/media\/289807"}],"wp:attachment":[{"href":"https:\/\/www.europesays.com\/ro\/wp-json\/wp\/v2\/media?parent=289806"}],"wp:term":[{"taxonomy":"category","embeddable":true,"href":"https:\/\/www.europesays.com\/ro\/wp-json\/wp\/v2\/categories?post=289806"},{"taxonomy":"post_tag","embeddable":true,"href":"https:\/\/www.europesays.com\/ro\/wp-json\/wp\/v2\/tags?post=289806"}],"curies":[{"name":"wp","href":"https:\/\/api.w.org\/{rel}","templated":true}]}}