{"id":289828,"date":"2026-09-06T10:29:09","date_gmt":"2026-09-06T10:29:09","guid":{"rendered":"https:\/\/www.europesays.com\/ro\/289828\/"},"modified":"2026-09-06T10:29:09","modified_gmt":"2026-09-06T10:29:09","slug":"insula-iubirii-vs-vocea-romaniei-noile-sezoane-cifrele-audientelor-antena-1-si-pro-tv-pentru-seara-de-vineri-4-septembrie-video","status":"publish","type":"post","link":"https:\/\/www.europesays.com\/ro\/289828\/","title":{"rendered":"Insula Iubirii vs. Vocea Rom\u00e2niei, noile sezoane. Cifrele audien\u021belor Antena 1 \u0219i Pro TV pentru seara de vineri, 4 septembrie VIDEO"},"content":{"rendered":"<p>Sambata, 05 Septembrie 2026, ora 14:33<\/p>\n<p>9711 citiri<\/p>\n<p><a class=\"news__image\" data-href=\"https:\/\/s2.ziareromania.ro\/?mmid=3da8656b2af78e8028\" data-size=\"1024x698\" title=\"Insula Iubirii vs. Vocea Rom\u00e2niei, noile sezoane. Cifrele audien\u021belor Antena 1 \u0219i Pro TV pentru seara de vineri, 4 septembrie VIDEO\"><img decoding=\"async\" src=\"https:\/\/www.europesays.com\/ro\/wp-content\/uploads\/2026\/09\/Insula-Iubirii-vs--Vocea-Rom--niei--noile-sezoane--Cifrele-audien--elor-Antena-1---i-Pro-TV-pentru-s.jpeg\" alt=\"Insula Iubirii vs. Vocea Rom\u00e2niei, noile sezoane. Cifrele audien\u021belor Antena 1 \u0219i Pro TV pentru seara de vineri, 4 septembrie VIDEO\" title=\"Insula Iubirii vs. Vocea Rom\u00e2niei, noile sezoane. Cifrele audien\u021belor Antena 1 \u0219i Pro TV pentru seara de vineri, 4 septembrie VIDEO\" class=\"img-responsive\"\/><\/a><\/p>\n<p>Insula Iubirii vs Vocea Rom\u00e2niei, capturi video YouTube<\/p>\n<p><a href=\"https:\/\/ziare.com\/media\/antena-1\/\" title=\"Antena 1\" rel=\"nofollow noopener\" target=\"_blank\">Antena 1<\/a> \u0219i Pro TV au lansat grilele de toamn\u0103. \u201eV\u00e2rf de lance\u201d pentru cele dou\u0103 posturi generaliste, concurente, sunt show-urile \u201eInsula Iubirii\u201d \u0219i \u201eVocea Rom\u00e2niei\u201d. Primul episod al ambelor produc\u021bii a debutat vineri, 4 septembrie, iar audien\u021bele au fost publicate.<\/p>\n<p>La nivel na\u021bional, deci la nivelul \u00eentregii \u021b\u0103ri, \u201eVocea Rom\u00e2niei\u201d a adunat, \u00een medie, 988.000 de telespectatori, adic\u0103 19,8% cot\u0103 de pia\u021b\u0103. Pe locul al doilea s-a clasat Antena 1, care a avut 699.000 de telespectatori, 14% cot\u0103 de pia\u021b\u0103, informeaz\u0103 <a href=\"https:\/\/www.paginademedia.ro\/stiri-media\/audiente-vocea-romaniei-insula-iubirii-4-septembrie-22698101\" target=\"_blank\" rel=\"nofollow noopener\">Pagina de Media<\/a>.<\/p>\n<p><a href=\"https:\/\/ziare.com\/media\/kanal-d\/\" title=\"Kanal D\" rel=\"nofollow noopener\" target=\"_blank\">Kanal D<\/a> a ocupat pozi\u021bia a treia, cu 472.000 de telespectatori. DigiSport 1 \u0219i Rom\u00e2nia TV au fost urm\u0103toarele \u00een clasament, cu 241.000, respectiv 237.000 de telespectatori.<\/p>\n<p>La nivelul publicului comercial, 20-60 de ani, \u201eVocea\u201d a avut 436.000 de spectatori, adic\u0103 23,3% cot\u0103 de pia\u021b\u0103, iar Antena 1 a \u00eenregistrat 358.000 de spectatori, respectiv 19,2% cot\u0103 de pia\u021b\u0103, a mai transmis sursa citat\u0103.<\/p>\n<p>Antena 1 \u00ee\u0219i revendic\u0103 victoria, de asemenea<\/p>\n<p>Totodat\u0103, <a href=\"https:\/\/a1.ro\/insula-iubirii\/stiri\/premiera-sezonului-x-insula-iubirii-lider-detasat-de-audienta-diseara-de-la-ora-2000-apar-primele-scantei-vin-ispitele-id1161567.html\" target=\"_blank\" rel=\"nofollow noopener\">potrivit celor de la Antena 1<\/a>, \u201eInsula\u201d a fost lider de audien\u021b\u0103, \u201econform datelor oferite de Fifty5Blue, \u00een intervalul 20:28 \u2013 00:11, la nivelul publicului comercial cu v\u00e2rste cuprinse \u00eentre 21 \u0219i 54 de ani\u201d.<\/p>\n<p>Astfel, Antena 1 a \u00eenregistrat 26,1% cot\u0103 de pia\u021b\u0103, iar Pro TV 19%. \u201e\u00cen minutul de maxim\u0103 audien\u021b\u0103, de la ora 21:51, aproape 1 milion de telespectatori descopereau cuplurile participante \u00een acest an\u201d, au transmis cei de la Antena 1.<\/p>\n<p>Ce s-a difuzat la \u201eInsula Iubirii\u201d \u0219i la \u201eVocea Rom\u00e2niei\u201d<\/p>\n<p>La \u201eInsula Iubirii\u201d sezonul 10, primul episod, au fost prezentate toate cuplurile \u0219i par\u021bial, ispitele feminine. Cuplurile au fost rapid separate, \u00een episoadele ce vor fi difuzate \u00een weekend va fi dezv\u0103luit\u0103 identitatea tuturor ispitelor. Totodat\u0103, vor \u00eencepe \u0219i atacurile \u00eentre concuren\u021bi \u0219i ispite.<\/p>\n<p>\u00cen primul episod al noului sezon \u201eVocea Rom\u00e2niei\u201d, cu num\u0103rul 14, mai mul\u021bi concuren\u021bi au impresionat jura\u021bii. Printre ace\u0219tia, Francoise Manuel, n\u0103scut\u0103 la Chi\u0219in\u0103u, stabilit\u0103 \u00een Italia. Aceasta provine dintr-o mam\u0103 moldoveanc\u0103 \u0219i tat\u0103 angolez. De\u0219i are ca activitate de baz\u0103 osp\u0103t\u0103ria, presta\u021bia sa artistic\u0103 a \u00eentors toate scaunele jura\u021bilor.<\/p>\n<p>Aceasta a ales echipa lui <a href=\"https:\/\/ziare.com\/tudor-chirila\/\" title=\"Tudor Chiril\u0103\" rel=\"nofollow noopener\" target=\"_blank\">Tudor Chiril\u0103<\/a>, cea care a \u0219i c\u00e2\u0219tigat de cele mai multe ori competi\u021bia, de opt ori \u00een 13 sezoane difuzate p\u00e2n\u0103 acum.<\/p>\n<p>\u021ai-a pl\u0103cut articolul?<\/p>\n<p> Vrem s\u0103 producem mai multe, \u00eens\u0103 avem nevoie de sus\u021binerea ta. Orice dona\u021bie conteaz\u0103 pentru jurnalismul independent <\/p>\n","protected":false},"excerpt":{"rendered":"Sambata, 05 Septembrie 2026, ora 14:33 9711 citiri Insula Iubirii vs Vocea Rom\u00e2niei, capturi video YouTube Antena 1&hellip;\n","protected":false},"author":2,"featured_media":289829,"comment_status":"","ping_status":"","sticky":false,"template":"","format":"standard","meta":{"footnotes":"","_share_on_mastodon":"0"},"categories":[18],"tags":[8420,22799,171,170,36818,3735,41,40,38,39,176],"class_list":["post-289828","post","type-post","status-publish","format-standard","has-post-thumbnail","category-divertisment","tag-antena-1","tag-audiente-tv","tag-divertisment","tag-entertainment","tag-insula-iubirii","tag-pro-tv","tag-ro","tag-romana","tag-romania","tag-romanian","tag-vocea-romaniei"],"share_on_mastodon":{"url":"https:\/\/pubeurope.com\/@ro\/117223631900123411","error":""},"_links":{"self":[{"href":"https:\/\/www.europesays.com\/ro\/wp-json\/wp\/v2\/posts\/289828","targetHints":{"allow":["GET"]}}],"collection":[{"href":"https:\/\/www.europesays.com\/ro\/wp-json\/wp\/v2\/posts"}],"about":[{"href":"https:\/\/www.europesays.com\/ro\/wp-json\/wp\/v2\/types\/post"}],"author":[{"embeddable":true,"href":"https:\/\/www.europesays.com\/ro\/wp-json\/wp\/v2\/users\/2"}],"replies":[{"embeddable":true,"href":"https:\/\/www.europesays.com\/ro\/wp-json\/wp\/v2\/comments?post=289828"}],"version-history":[{"count":0,"href":"https:\/\/www.europesays.com\/ro\/wp-json\/wp\/v2\/posts\/289828\/revisions"}],"wp:featuredmedia":[{"embeddable":true,"href":"https:\/\/www.europesays.com\/ro\/wp-json\/wp\/v2\/media\/289829"}],"wp:attachment":[{"href":"https:\/\/www.europesays.com\/ro\/wp-json\/wp\/v2\/media?parent=289828"}],"wp:term":[{"taxonomy":"category","embeddable":true,"href":"https:\/\/www.europesays.com\/ro\/wp-json\/wp\/v2\/categories?post=289828"},{"taxonomy":"post_tag","embeddable":true,"href":"https:\/\/www.europesays.com\/ro\/wp-json\/wp\/v2\/tags?post=289828"}],"curies":[{"name":"wp","href":"https:\/\/api.w.org\/{rel}","templated":true}]}}