{"id":289902,"date":"2026-09-06T11:29:19","date_gmt":"2026-09-06T11:29:19","guid":{"rendered":"https:\/\/www.europesays.com\/ro\/289902\/"},"modified":"2026-09-06T11:29:19","modified_gmt":"2026-09-06T11:29:19","slug":"video-fragment-de-drona-cu-incarcatura-exploziva-gasit-in-apropierea-bratului-sulina-fortele-navale-l-au-neutralizat","status":"publish","type":"post","link":"https:\/\/www.europesays.com\/ro\/289902\/","title":{"rendered":"(VIDEO) Fragment de dron\u0103 cu \u00eenc\u0103rc\u0103tur\u0103 exploziv\u0103, g\u0103sit \u00een apropierea bra\u021bului Sulina. For\u021bele Navale l-au neutralizat"},"content":{"rendered":"<p>Un fragment de dron\u0103 aerian\u0103 care prezenta \u00eenc\u0103rc\u0103tur\u0103 exploziv\u0103 a fost descoperit vineri, la aproximativ cinci mile marine est de intrarea pe bra\u021bul Sulina. O echip\u0103 EOD a For\u021belor Navale Rom\u00e2ne a intervenit \u0219i a neutralizat obiectul \u00een condi\u021bii de siguran\u021b\u0103.<\/p>\n<p>Fragmentul, descoperit de o nav\u0103 comercial\u0103<\/p>\n<p>Vineri, 4 septembrie, o echip\u0103 EOD din cadrul For\u021belor Navale Rom\u00e2ne s-a deplasat, la bordul unei nave a G\u0103rzii de Coast\u0103, \u00een zona aflat\u0103 la aproximativ cinci mile marine est de intrarea pe bra\u021bul Sulina.<\/p>\n<p>Militarii au verificat un obiect plutitor suspect, iar \u00een urma interven\u021biei au confirmat c\u0103 era vorba despre un fragment de dron\u0103 aerian\u0103 care prezenta \u00eenc\u0103rc\u0103tur\u0103 exploziv\u0103.<\/p>\n<p>Obiectul a fost neutralizat la fa\u021ba locului, \u00een condi\u021bii de siguran\u021b\u0103, la ora 18:17, potrivit <a href=\"https:\/\/www.mapn.ro\/\" type=\"link\" id=\"https:\/\/www.mapn.ro\/\" rel=\"nofollow noopener\" target=\"_blank\">Ministerului Ap\u0103r\u0103rii Na\u021bionale.<\/a><\/p>\n<p>O interven\u021bie similar\u0103, cu o zi \u00eenainte<\/p>\n<p>Un incident asem\u0103n\u0103tor a avut loc joi dup\u0103-amiaz\u0103, c\u00e2nd o alt\u0103 echip\u0103 EOD a For\u021belor Navale Rom\u00e2ne a intervenit \u00een zona Platformei Centrale.<\/p>\n<p>Militarii au neutralizat un alt fragment de dron\u0103 aerian\u0103 care prezenta \u00eenc\u0103rc\u0103tur\u0103 exploziv\u0103 \u0219i plutea \u00een zona respectiv\u0103.<\/p>\n<p>Ambele situa\u021bii au fost semnalate de nave comerciale prin intermediul Centrului Regional de Coordonare Maritim\u0103.<\/p>\n<p>For\u021bele Navale men\u021bin capacitatea de interven\u021bie<\/p>\n<p>MApN precizeaz\u0103 c\u0103 For\u021bele Navale Rom\u00e2ne men\u021bin permanent capacitatea de interven\u021bie pentru identificarea \u0219i neutralizarea obiectelor care pot reprezenta un pericol pentru naviga\u021bie \u0219i pentru activit\u0103\u021bile maritime.<\/p>\n<p>Interven\u021biile echipelor EOD au ca scop \u00eendep\u0103rtarea \u00een condi\u021bii de siguran\u021b\u0103 a obiectelor suspecte \u0219i reducerea riscurilor pentru navele \u0219i persoanele aflate \u00een zona maritim\u0103.<\/p>\n<p>Cite\u015fte \u015fi:<a href=\"https:\/\/www.gds.ro\/Actualitate\/2026-09-05\/peste-700-000-de-copii-au-beneficiat-de-carduri-educationale-in-anul-scolar2025-2026\/\" type=\"link\" id=\"https:\/\/www.gds.ro\/Actualitate\/2026-09-05\/peste-700-000-de-copii-au-beneficiat-de-carduri-educationale-in-anul-scolar2025-2026\/\" rel=\"nofollow noopener\" target=\"_blank\"> Peste 700.000 de copii au beneficiat de carduri educa\u0163ionale \u00een anul \u015fcolar2025\u20132026<\/a><\/p>\n","protected":false},"excerpt":{"rendered":"Un fragment de dron\u0103 aerian\u0103 care prezenta \u00eenc\u0103rc\u0103tur\u0103 exploziv\u0103 a fost descoperit vineri, la aproximativ cinci mile marine&hellip;\n","protected":false},"author":2,"featured_media":289903,"comment_status":"","ping_status":"","sticky":false,"template":"","format":"standard","meta":{"footnotes":"","_share_on_mastodon":"0"},"categories":[10],"tags":[68884,32,33,31,79731,36,37,79732,27,34,35,25,41,40,38,39,26,28,29,30],"class_list":["post-289902","post","type-post","status-publish","format-standard","has-post-thumbnail","category-romania","tag-bratul-sulina","tag-breaking-news","tag-breakingnews","tag-cele-mai-populare-subiecte","tag-drona-cu-incarcatura-exploziva","tag-featured-news","tag-featurednews","tag-fragment-de-drona","tag-headlines","tag-latest-news","tag-latestnews","tag-news","tag-ro","tag-romana","tag-romania","tag-romanian","tag-stiri","tag-titluri","tag-top-stories","tag-topstories"],"share_on_mastodon":{"url":"https:\/\/pubeurope.com\/@ro\/117223867369434173","error":""},"_links":{"self":[{"href":"https:\/\/www.europesays.com\/ro\/wp-json\/wp\/v2\/posts\/289902","targetHints":{"allow":["GET"]}}],"collection":[{"href":"https:\/\/www.europesays.com\/ro\/wp-json\/wp\/v2\/posts"}],"about":[{"href":"https:\/\/www.europesays.com\/ro\/wp-json\/wp\/v2\/types\/post"}],"author":[{"embeddable":true,"href":"https:\/\/www.europesays.com\/ro\/wp-json\/wp\/v2\/users\/2"}],"replies":[{"embeddable":true,"href":"https:\/\/www.europesays.com\/ro\/wp-json\/wp\/v2\/comments?post=289902"}],"version-history":[{"count":0,"href":"https:\/\/www.europesays.com\/ro\/wp-json\/wp\/v2\/posts\/289902\/revisions"}],"wp:featuredmedia":[{"embeddable":true,"href":"https:\/\/www.europesays.com\/ro\/wp-json\/wp\/v2\/media\/289903"}],"wp:attachment":[{"href":"https:\/\/www.europesays.com\/ro\/wp-json\/wp\/v2\/media?parent=289902"}],"wp:term":[{"taxonomy":"category","embeddable":true,"href":"https:\/\/www.europesays.com\/ro\/wp-json\/wp\/v2\/categories?post=289902"},{"taxonomy":"post_tag","embeddable":true,"href":"https:\/\/www.europesays.com\/ro\/wp-json\/wp\/v2\/tags?post=289902"}],"curies":[{"name":"wp","href":"https:\/\/api.w.org\/{rel}","templated":true}]}}