{"id":289906,"date":"2026-09-06T11:31:17","date_gmt":"2026-09-06T11:31:17","guid":{"rendered":"https:\/\/www.europesays.com\/ro\/289906\/"},"modified":"2026-09-06T11:31:17","modified_gmt":"2026-09-06T11:31:17","slug":"dupa-sepsi-si-csikszereda-si-a-luat-o-rau-in-liga-1-5-1","status":"publish","type":"post","link":"https:\/\/www.europesays.com\/ro\/289906\/","title":{"rendered":"Dup\u0103 Sepsi, \u0219i Csikszereda \u0219i-a luat-o r\u0103u \u00een Liga 1: 5-1"},"content":{"rendered":"<p>Sambata, 05 Septembrie 2026, ora 19:48<\/p>\n<p>1230 citiri<\/p>\n<p><a class=\"news__image\" data-href=\"https:\/\/s2.ziareromania.ro\/?mmid=ef1da56ae2b38601de\" data-size=\"386x287\" title=\"Dup\u0103 Sepsi, \u0219i Csikszereda \u0219i-a luat-o r\u0103u \u00een Liga 1: 5-1\"><img decoding=\"async\" src=\"https:\/\/www.europesays.com\/ro\/wp-content\/uploads\/2026\/09\/Dup---Sepsi----i-Csikszereda---i-a-luat-o-r--u---n-Liga-1--5-1.jpg\" alt=\"Dup\u0103 Sepsi, \u0219i Csikszereda \u0219i-a luat-o r\u0103u \u00een Liga 1: 5-1\" title=\"Dup\u0103 Sepsi, \u0219i Csikszereda \u0219i-a luat-o r\u0103u \u00een Liga 1: 5-1\" class=\"img-responsive\"\/><\/a><\/p>\n<p>Csikszereda FOTO FB Superliga<\/p>\n<p>Echipa UTA Arad a \u00eenvins s\u00e2mb\u0103t\u0103, pe teren propriu, scor 5-1, gruparea FK Csikszereda, \u00een <a href=\"https:\/\/ziare.com\/fotbal\/etapa\/\" title=\"etapa\" rel=\"nofollow noopener\" target=\"_blank\">etapa<\/a> a 8-a din Superlig\u0103.<\/p>\n<p>Ar\u0103denii au \u00eenceput \u00een for\u021b\u0103 meciul cu forma\u021bia ciucan\u0103 \u0219i au avut dou\u0103 <a href=\"https:\/\/ziare.com\/fotbal\/goluri\/\" title=\"goluri\" rel=\"nofollow noopener\" target=\"_blank\">goluri<\/a> anulate \u00een minutele 10 \u0219i 12, la Marius Coman \u0219i Ouaneh. Tot gazdele au r\u0103mas \u00een atac \u0219i \u0219utul lui Sota Mino a zguduit transversala, \u00een minutul 30, pentru ca dup\u0103 alte dou\u0103 minute Marius Coman s\u0103 deblocheze tabela cu un gol din fa\u021ba por\u021bii, la pasa lui Alin Roman. Hakim Abdallah a majorat avantajul echipei lui Mihalcea, \u00een minutul 50, iar \u00een minutul 63 gazdele au marcat din nou. Alin Roman a trimis \u00een bar\u0103, mingea a revenit \u00een teren \u0219i Tzionis a \u00eenscris. Imediat oaspe\u021bii au redus din diferen\u021b\u0103 prin Eppel, \u00een minutul 65, dar Sota Mino a sprintat extraordinar, a primit de la Alin Roman \u0219i a \u00eenscris pe l\u00e2ng\u0103 Pap, \u00een minutul 81, rezolv\u00e2nd problema \u00eenving\u0103toarei. \u00cen minutul 84 Padula a \u0219utat de la distan\u021b\u0103, mingea a fost u\u0219or deviat\u0103 \u0219i a intrat \u00een poart\u0103, iar recitalul ar\u0103denilor s-a \u00eencheiat cu 5-1, scor final. UTA are 9 puncte \u0219i e pe locul 13, iar Csikszereda e ultima, a 16-a, cu un singur punct.<\/p>\n<p>UTA ARAD: Gorcea &#8211; Doroban\u021bu, Ouaneh, Benga, Alomerovic (Padula 58) &#8211; Sota Mino, Alin Roman &#8211; Hakim Abdallah (El Sawy 70), Papeau (A. Ivanov 79), \u021a\u0103roi (Tzionis 58) &#8211; M. Coman (Sinani 79). ANTRENOR: Adrian Mihalcea<\/p>\n<p>CSIKSZEREDA: E. Pap &#8211; A. Szabo, Palme\u0219, Hegedu\u0219 &#8211; Paszka, Veres (Tajti 72), Horv\u00e1th (Czekus 62), Trif &#8211; Stahl (Szalay 79), T\u00f3th-P\u00e1l (Bota 61) &#8211; Eppel. ANTRENOR: Istv\u00e1n Szab\u00f3<\/p>\n<p>Cartona\u0219e galbene: Alomerovic 34 \/ Veres 54<\/p>\n<p>Arbitri: Iulian C\u0103lin &#8211; Radu Ghinguleac, Ionu\u021b Neac\u0219u<\/p>\n<p>Arbitri VAR: Sorin Costreie &#8211; Cristina Trandafir<\/p>\n<p>\u021ai-a pl\u0103cut articolul?<\/p>\n<p> Vrem s\u0103 producem mai multe, \u00eens\u0103 avem nevoie de sus\u021binerea ta. Orice dona\u021bie conteaz\u0103 pentru jurnalismul independent <\/p>\n","protected":false},"excerpt":{"rendered":"Sambata, 05 Septembrie 2026, ora 19:48 1230 citiri Csikszereda FOTO FB Superliga Echipa UTA Arad a \u00eenvins s\u00e2mb\u0103t\u0103,&hellip;\n","protected":false},"author":2,"featured_media":289907,"comment_status":"","ping_status":"","sticky":false,"template":"","format":"standard","meta":{"footnotes":"","_share_on_mastodon":"0"},"categories":[20],"tags":[1268,661,41,40,38,39,2510,185,184],"class_list":["post-289906","post","type-post","status-publish","format-standard","has-post-thumbnail","category-sport","tag-csikszereda","tag-fotbal-intern","tag-ro","tag-romana","tag-romania","tag-romanian","tag-sepsi","tag-sport","tag-sports"],"share_on_mastodon":{"url":"https:\/\/pubeurope.com\/@ro\/117223875427930723","error":""},"_links":{"self":[{"href":"https:\/\/www.europesays.com\/ro\/wp-json\/wp\/v2\/posts\/289906","targetHints":{"allow":["GET"]}}],"collection":[{"href":"https:\/\/www.europesays.com\/ro\/wp-json\/wp\/v2\/posts"}],"about":[{"href":"https:\/\/www.europesays.com\/ro\/wp-json\/wp\/v2\/types\/post"}],"author":[{"embeddable":true,"href":"https:\/\/www.europesays.com\/ro\/wp-json\/wp\/v2\/users\/2"}],"replies":[{"embeddable":true,"href":"https:\/\/www.europesays.com\/ro\/wp-json\/wp\/v2\/comments?post=289906"}],"version-history":[{"count":0,"href":"https:\/\/www.europesays.com\/ro\/wp-json\/wp\/v2\/posts\/289906\/revisions"}],"wp:featuredmedia":[{"embeddable":true,"href":"https:\/\/www.europesays.com\/ro\/wp-json\/wp\/v2\/media\/289907"}],"wp:attachment":[{"href":"https:\/\/www.europesays.com\/ro\/wp-json\/wp\/v2\/media?parent=289906"}],"wp:term":[{"taxonomy":"category","embeddable":true,"href":"https:\/\/www.europesays.com\/ro\/wp-json\/wp\/v2\/categories?post=289906"},{"taxonomy":"post_tag","embeddable":true,"href":"https:\/\/www.europesays.com\/ro\/wp-json\/wp\/v2\/tags?post=289906"}],"curies":[{"name":"wp","href":"https:\/\/api.w.org\/{rel}","templated":true}]}}