{"id":289944,"date":"2026-09-06T12:05:14","date_gmt":"2026-09-06T12:05:14","guid":{"rendered":"https:\/\/www.europesays.com\/ro\/289944\/"},"modified":"2026-09-06T12:05:14","modified_gmt":"2026-09-06T12:05:14","slug":"patronul-din-superliga-a-vazut-ca-gica-hagi-nu-l-a-chemat-la-lot-pe-atacantul-sau-si-a-reactionat-imediat","status":"publish","type":"post","link":"https:\/\/www.europesays.com\/ro\/289944\/","title":{"rendered":"Patronul din Superliga a v\u0103zut c\u0103 Gic\u0103 Hagi nu l-a chemat la lot pe atacantul s\u0103u \u0219i a reac\u021bionat imediat"},"content":{"rendered":"<p>\t    <img loading=\"lazy\" decoding=\"async\" class=\"mg-x-auto\" width=\"30\" height=\"30\" src=\"https:\/\/www.europesays.com\/ro\/wp-content\/uploads\/2026\/09\/1788696313_534_google-g.png\" alt=\"\"\/><\/p>\n<p id=\"p-0\">Valeriu Iftime consider\u0103 c\u0103 Gic\u0103 Hagi a f\u0103cut selec\u021bia corect\u0103 a juc\u0103torilor din lotul preliminar extis, chiar dac\u0103 pe lista respectiv\u0103 nu se afl\u0103 Andrei Dumiter \u0219i Sebastian Mailat.<\/p>\n<p id=\"p-1\">Selec\u021bionerul Gic\u0103 Hagi, 61 de ani, <a style=\"color: #0000ff;\" href=\"https:\/\/www.prosport.ro\/fotbal-extern\/liga-natiunilor\/gica-hagi-lot-preliminar-extins-liga-natiunilor-20518716\" rel=\"nofollow noopener\" target=\"_blank\">a stabilit lotul preliminar al Rom\u00e2niei<\/a> pentru primele patru meciuri din Liga Na\u021biunilor care se joac\u0103 la sf\u00e2r\u0219itul lui septembrie \u0219i \u00eenceputul lui octombrie.<\/p>\n<p id=\"p-2\">Pe lista respectiv\u0103 nu se afl\u0103 atacantul aflat pe locul 1 \u00een topul marcatorilor Superligii, Andrei Dumiter,-6 goluri, fotbalistul celor de la FC Boto\u0219ani. \u00cens\u0103, nu se afl\u0103 nici alt juc\u0103tor de al lui <a style=\"color: #0000ff;\" href=\"https:\/\/www.prosport.ro\/fotbal-intern\/superliga\/valeriu-iftime-e-categoric-eu-vreau-ca-jucatorii-mei-sa-faca-si-carte-nu-doar-fotbal-mailat-si-a-luat-bac-ul-la-geografie-iar-acum-l-am-trimis-la-facultate-in-suceava-exclusiv-20517803\" rel=\"nofollow noopener\" target=\"_blank\">Valeriu Iftime<\/a>, Sebastian Mailat.<\/p>\n<p>                <a href=\"https:\/\/www.prosport.ro\/poze\/patronul-din-superliga-a-vazut-ca-gica-hagi-nu-l-a-chemat-la-lot-pe-atacantul-sau-si-a-reactionat-imediat-daca-nici-el-nu-stie-fotbal-atunci-cine-nu-e-usor-sa-fii-in-pielea-lui-20518734\" rel=\"nofollow noopener\" target=\"_blank\">&#13;<br \/>\n                                            <img decoding=\"async\" loading=\"lazy\" fetchpriority=\"low\" src=\"https:\/\/www.europesays.com\/ro\/wp-content\/uploads\/2026\/09\/https:\/\/www.prosport.ro\/wp-content\/uploads\/2026\/05\/valeriu-iftime-discutie-gigi-becali-fcsb-botosani.jpeg\" width=\"458\" height=\"305\"\/>&#13;<br \/>\n                                    <\/a><\/p>\n<p>                <a href=\"https:\/\/www.prosport.ro\/poze\/patronul-din-superliga-a-vazut-ca-gica-hagi-nu-l-a-chemat-la-lot-pe-atacantul-sau-si-a-reactionat-imediat-daca-nici-el-nu-stie-fotbal-atunci-cine-nu-e-usor-sa-fii-in-pielea-lui-20518734\" rel=\"nofollow noopener\" target=\"_blank\">&#13;<br \/>\n                                            <img decoding=\"async\" loading=\"lazy\" fetchpriority=\"low\" src=\"https:\/\/www.europesays.com\/ro\/wp-content\/uploads\/2026\/09\/https:\/\/www.prosport.ro\/wp-content\/uploads\/2026\/06\/valeriu-iftime-e-categoric-anestis-si-ongenda-sun.jpeg\" width=\"227\" height=\"151\"\/>&#13;<br \/>\n                                    <\/a><\/p>\n<p>Patronul din Superliga a v\u0103zut c\u0103 Gic\u0103 Hagi nu l-a chemat la lot pe atacantul s\u0103u \u0219i a reac\u021bionat imediat<\/p>\n<p id=\"p-3\">ProSport a luat leg\u0103tura cu patronul forma\u021biei FC Boto\u0219ani, Valeriu Iftime, iar acesta ne-a vorbit despre neconvoc\u0103rile lui Dumiter \u0219i Mailat.<\/p>\n<p id=\"p-4\">\u201eO s\u0103 vorbesc personal cu Dumiter. Sunt convins c\u0103 il doare c\u0103 nu e deloc nici m\u0103car pe lista l\u0103rgit\u0103, dar \u0219i el trebuie s\u0103 \u00een\u021beleag\u0103 c\u0103 Gic\u0103 Hagi are tot felul de calcule, inclusiv evolu\u021bii anterioare, dar \u0219i experien\u021ba juc\u0103torilor in meciurile interna\u021bionale.<\/p>\n<p id=\"p-5\">Iar Dumiter al meu a prins aceast\u0103 form\u0103 bun\u0103 abia dup\u0103 venirea lui Marius Croitoru. Dac\u0103 el avea forma \u00een care se afl\u0103 acum \u0219i \u00een sezonul trecut, atunnci fi\u021bi sigur c\u0103 Hagi nu-l s\u0103rea din schem\u0103.<\/p>\n<p id=\"p-6\">Mi-ar fi pl\u0103cut s\u0103 ii am si eu in lista asta l\u0103rgit\u0103 pe Mailat si Dumiter, dar nu Valeriu Iftime e selec\u021bionerul. V\u0103 repet, Gic\u0103 Hagi \u0219tie cel mai bine pe ce criterii face selec\u021bia. Eu sunt convins c\u0103 dac\u0103 Dumiter o s\u0103 continue cu evolu\u021bii pe aceea\u0219i linie, atunci Gic\u0103 Hagi il va lua in calcul pentru urm\u0103toarele ac\u021biuni.<\/p>\n<p id=\"p-7\">Nu ai cum s\u0103 ie\u0219i tu public si s\u0103 ii spui lui Gic\u0103 Hagi c\u0103 de ce l-a luat pe X \u0219i nu l-a luat pe Y, pentru c\u0103 daca nici Gic\u0103 Hagi nu stie fotbal, atunci cine?<\/p>\n<p id=\"p-8\">\u0218i oricum, nu e u\u0219or s\u0103 te afli acum \u00een pielea lui Gic\u0103 Hagi. Acum vor \u00eencepe meciurile care conteaz\u0103 foarte mult, iar noi avem aria de selec\u021bie pe care o avem.<\/p>\n<p id=\"p-9\">Trebuie s\u0103 fim cu to\u021bii al\u0103turi de na\u021bionala Rom\u00e2niei, deoarece Gic\u0103 Hagi nu s-a \u00eenh\u0103mat deloc la o munc\u0103 u\u0219oar\u0103. Vom \u00eent\u00e2lni \u00een urm\u0103toarele meciuri juc\u0103tori care valoreaz\u0103 \u00een Europa milioane \u0219i milioane de euro\u201d, a spus Valeriu Iftime, pentru ProSport.<\/p>\n<p>LOTUL PRELIMINAR EXTINS AL ROM\u00c2NIEI<\/p>\n<p id=\"p-10\">PORTARI<\/p>\n<p id=\"p-11\">Ionu\u021b RADU (Celta Vigo | Spania, 9\/0), Otto HINDRICH (Legia Var\u0219ovia | Polonia, 2\/0), Valentin COJOCARU (Pogon Szczecin | Polonia, 0\/0), Lauren\u021biu POPESCU (Universitatea Craiova, 0\/0), \u0218tefan T\u00c2RNOVANU (FCSB, 5\/0);<\/p>\n<p id=\"p-12\">FUNDA\u0218I<\/p>\n<p id=\"p-13\">Andrei RA\u021aIU (Rayo Vallecano | Spania, 38\/2), Tony STRATA (Vit\u00f3ria Guimar\u00e3es | Portugalia, 1\/0), Deian SORESCU (Gaziantep | Turcia, 25\/0), Radu DR\u0102GU\u0218IN (Fiorentina | Italia, 30\/1), Andrei COUBI\u0218 (Lincoln City | Anglia, 3\/0), Bogdan RACOVI\u021aAN (Rak\u00f3w | Polonia, 5\/0), Alexandru PA\u0218CANU (FC Rapid 1923, 1\/0), Virgil GHI\u021a\u0102 (Hannover 96 | Germania, 10\/1), Andrei BURC\u0102 (Yunnan Yukun | China, 46\/1), Matei ILIE (Kas\u0131mpa\u015fa | Turcia, 2\/0), Nicu\u0219or BANCU (Universitatea Craiova, 52\/2), Andrei BORZA (\u00c7orum | Turcia, 2\/0), Lisav EISSAT (Bristol City, 4\/0), Raul OPRU\u021a (Dinamo, 5\/0);<\/p>\n<p id=\"p-14\">MIJLOCA\u0218I<\/p>\n<p id=\"p-15\">Tudor B\u0102LU\u021a\u0102 (Universitatea Craiova, 14\/0), Vladimir SCRECIU (Universitatea Craiova, 8\/0), Marius MARIN (Al Nasr | EAU, 35\/0), Andrei M\u0102RGINEAN (Dinamo, 0\/0), R\u0103zvan MARIN (AEK Atena | Grecia, 75\/12), Nicolae STANCIU (Dalian Yingbo | China, 87\/15), Marius CORBU (Ferencv\u00e1ros | Ungaria, 0\/0), C\u0103t\u0103lin C\u00ceRJAN (Dinamo, 2\/0), Vlad DRAGOMIR (Pafos | Cipru, 8\/0), David MATEI (Universitatea Craiova, 2\/0), Alexandru CIC\u00c2LD\u0102U (Universitatea Craiova, 39\/4), Constantin GRAMENI (FC Rapid 1923, 0\/0);<\/p>\n<p id=\"p-16\">ATACAN\u021aI<\/p>\n<p id=\"p-17\">Dennis MAN (PSV | \u021a\u0103rile de Jos, 45\/11), Darius OLARU (Union Saint-Gilloise | Belgia, 28\/0), Olimpiu MORU\u021aAN (FC Rapid 1923, 18\/1), Alexandru DOBRE (FC Rapid 1923, 7\/0), David MICULESCU (FCSB, 8\/0), Ianis HAGI (Alanyaspor | Turcia, 54\/8), Florin T\u0102NASE (Omonia | Cipru, 28\/5), Valentin MIH\u0102IL\u0102 (\u00c7aykur Rizespor | Turcia, 36\/5), \u0218tefan BAIARAM (Universitatea Craiova, 6\/1), Rare\u0219 ILIE (Mantova | Italia, 0\/0), Ianis STOICA (Estrela Amadora | Portugalia, 0\/0), Florinel COMAN (Al-Gharafa | Qatar, 22\/3), Denis DR\u0102GU\u0218 (FCSB, 28\/7), Louis MUNTEANU (D.C. United | SUA, 6\/3), Daniel B\u00ceRLIGEA (Frosinone | Italia, 9\/2), Denis ALIBEC (Farul Constan\u021ba, 45\/6), Alexandru MUSI (Dinamo, 0\/0).<\/p>\n","protected":false},"excerpt":{"rendered":"Valeriu Iftime consider\u0103 c\u0103 Gic\u0103 Hagi a f\u0103cut selec\u021bia corect\u0103 a juc\u0103torilor din lotul preliminar extis, chiar dac\u0103&hellip;\n","protected":false},"author":2,"featured_media":289945,"comment_status":"","ping_status":"","sticky":false,"template":"","format":"standard","meta":{"footnotes":"","_share_on_mastodon":"0"},"categories":[5],"tags":[79753,32,33,31,36,37,878,27,34,35,25,41,40,38,39,13250,26,28,29,30,654],"class_list":["post-289944","post","type-post","status-publish","format-standard","has-post-thumbnail","category-titluri","tag-andreei-dumiter","tag-breaking-news","tag-breakingnews","tag-cele-mai-populare-subiecte","tag-featured-news","tag-featurednews","tag-gica-hagi","tag-headlines","tag-latest-news","tag-latestnews","tag-news","tag-ro","tag-romana","tag-romania","tag-romanian","tag-sebastian-mailat","tag-stiri","tag-titluri","tag-top-stories","tag-topstories","tag-valeriu-iftime"],"share_on_mastodon":{"url":"https:\/\/pubeurope.com\/@ro\/117224009402415715","error":""},"_links":{"self":[{"href":"https:\/\/www.europesays.com\/ro\/wp-json\/wp\/v2\/posts\/289944","targetHints":{"allow":["GET"]}}],"collection":[{"href":"https:\/\/www.europesays.com\/ro\/wp-json\/wp\/v2\/posts"}],"about":[{"href":"https:\/\/www.europesays.com\/ro\/wp-json\/wp\/v2\/types\/post"}],"author":[{"embeddable":true,"href":"https:\/\/www.europesays.com\/ro\/wp-json\/wp\/v2\/users\/2"}],"replies":[{"embeddable":true,"href":"https:\/\/www.europesays.com\/ro\/wp-json\/wp\/v2\/comments?post=289944"}],"version-history":[{"count":0,"href":"https:\/\/www.europesays.com\/ro\/wp-json\/wp\/v2\/posts\/289944\/revisions"}],"wp:featuredmedia":[{"embeddable":true,"href":"https:\/\/www.europesays.com\/ro\/wp-json\/wp\/v2\/media\/289945"}],"wp:attachment":[{"href":"https:\/\/www.europesays.com\/ro\/wp-json\/wp\/v2\/media?parent=289944"}],"wp:term":[{"taxonomy":"category","embeddable":true,"href":"https:\/\/www.europesays.com\/ro\/wp-json\/wp\/v2\/categories?post=289944"},{"taxonomy":"post_tag","embeddable":true,"href":"https:\/\/www.europesays.com\/ro\/wp-json\/wp\/v2\/tags?post=289944"}],"curies":[{"name":"wp","href":"https:\/\/api.w.org\/{rel}","templated":true}]}}