{"id":290020,"date":"2026-09-06T13:25:16","date_gmt":"2026-09-06T13:25:16","guid":{"rendered":"https:\/\/www.europesays.com\/ro\/290020\/"},"modified":"2026-09-06T13:25:16","modified_gmt":"2026-09-06T13:25:16","slug":"vesti-proaste-pentru-ifan-ii-care-asteapta-iphone-18-pro-max","status":"publish","type":"post","link":"https:\/\/www.europesays.com\/ro\/290020\/","title":{"rendered":"Ve\u0219ti proaste pentru iFan-ii care a\u0219teapt\u0103 iPhone 18 Pro Max."},"content":{"rendered":"<p class=\"normalPara\"> Conform unui raport realizat de Counterpoint Research, costul total al componentelor (BOM) pentru versiunea de 1 TB <a class=\"data-link\" data-org-href=\"https:\/\/www.vietnam.vn\/ro\/tag\/iphone-18-pro-max\" href=\"https:\/\/www.vietnam.vn\/ro\/tag\/iphone-18-pro-max\" title=\"iPhone 18 Pro Max\" target=\"_blank\" rel=\"nofollow noopener\">a iPhone 18 Pro Max<\/a> este estimat s\u0103 fie cu aproximativ 300 de dolari mai mare dec\u00e2t cel al genera\u021biei anterioare. Aceasta este considerat\u0103 o cre\u0219tere foarte semnificativ\u0103 pentru o linie de smartphone-uri care se afl\u0103 deja \u00een segmentul premium.<\/p>\n<p class=\"normalPara\"> Unul dintre principalele motive este cre\u0219terea continu\u0103 a pre\u021bului memoriei NAND \u0219i DRAM. Cererea enorm\u0103 din partea centrelor de date bazate pe inteligen\u021b\u0103 artificial\u0103 a pus presiune pe oferta global\u0103 de cipuri de memorie, ceea ce a dus recent la o cre\u0219tere brusc\u0103 a pre\u021burilor componentelor.<\/p>\n<p class=\"normalPara\"> Se spune c\u0103 memoria flash NAND singur\u0103 la versiunea de 1 TB cost\u0103 peste 250 de dolari, aproape jum\u0103tate din costul total al componentelor iPhone 17 Pro Max. Acest lucru pune <a class=\"data-link\" data-org-href=\"https:\/\/www.vietnam.vn\/ro\/tag\/apple\" href=\"https:\/\/www.vietnam.vn\/ro\/tag\/apple\" title=\"M\u0103r\" target=\"_blank\" rel=\"nofollow noopener\">Apple<\/a> sub o presiune semnificativ\u0103 dac\u0103 dore\u0219te s\u0103 men\u021bin\u0103 pre\u021bul actual de v\u00e2nzare. <\/p>\n<tr>\n<td><img decoding=\"async\" src=\"https:\/\/www.europesays.com\/ro\/wp-content\/uploads\/2026\/09\/1788680180870_iphone-18-pro-max-aumento-precio-1784042084298-1784042084746115272082020260717100427.w.webp\" class=\"__img_mastercms\" alt=\"iPhone 18 Pro Max \u0111\u01b0\u1ee3c cho l\u00e0 s\u1ebd mang \u0111\u1ebfn m\u1ed9t thay \u0111\u1ed5i \u0111\u00e1ng ch\u00fa \u00fd v\u1ec1 thi\u1ebft k\u1ebf so v\u1edbi th\u1ebf h\u1ec7 ti\u1ec1n nhi\u1ec7m.\" style=\"max-width:100%; padding:0px; margin:0px;;cursor:pointer\" title=\"Se a\u0219teapt\u0103 ca iPhone 18 Pro Max s\u0103 aduc\u0103 o schimbare notabil\u0103 de design fa\u021b\u0103 de predecesorul s\u0103u.\" data-pagespeed-url-hash=\"2234824963\" onload=\"pagespeed.CriticalImages.checkImageForCriticality(this);\"\/><\/td>\n<\/tr>\n<tr>\n<td> Se a\u0219teapt\u0103 ca iPhone 18 Pro Max s\u0103 aduc\u0103 o schimbare notabil\u0103 de design fa\u021b\u0103 de predecesorul s\u0103u.<\/td>\n<\/tr>\n<p class=\"normalPara\"> Pe l\u00e2ng\u0103 memorie, se pare c\u0103 Apple echipeaz\u0103 iPhone 18 Pro \u0219i iPhone 18 Pro Max cu cipul A20 Pro, fabricat folosind procesul de 2nm al TSMC. Aceast\u0103 nou\u0103 tehnologie promite performan\u021be superioare \u0219i eficien\u021b\u0103 energetic\u0103, dar costul de produc\u021bie este, de asemenea, semnificativ mai mare dec\u00e2t \u00een \u200b\u200bcazul genera\u021biilor anterioare de cipuri.<\/p>\n<p>S-ar putea s\u0103 v\u0103 plac\u0103 \u0219i<\/p>\n<p class=\"normalPara\"> Pe l\u00e2ng\u0103 modific\u0103rile interne, se zvone\u0219te c\u0103 iPhone 18 Pro Max va avea \u0219i un design mai gros \u0219i mai greu. Se spune c\u0103 dispozitivul are o grosime de aproximativ 9 mm \u0219i o greutate de aproximativ 240 g, o u\u0219oar\u0103 cre\u0219tere \u00een compara\u021bie cu iPhone 17 Pro Max.<\/p>\n<p class=\"normalPara\"> Aceast\u0103 schimbare provine cel mai probabil din faptul c\u0103 Apple a echipat iPhone-ul cu o baterie mai mare, posibil \u00een jur de 5.567 mAh. Dac\u0103 aceste informa\u021bii sunt corecte, ar fi cea mai mare baterie prezentat\u0103 vreodat\u0103 \u00eentr-un model de iPhone, promi\u021b\u00e2nd o \u00eembun\u0103t\u0103\u021bire semnificativ\u0103 a duratei de via\u021b\u0103 a bateriei.<\/p>\n<p class=\"normalPara\"> Pe l\u00e2ng\u0103 o baterie mai mare, se zvone\u0219te c\u0103 Apple va ad\u0103uga \u0219i un sistem de r\u0103cire cu camer\u0103 de vapori de nou\u0103 genera\u021bie, folosind o\u021bel inoxidabil. Aceast\u0103 solu\u021bie ajut\u0103 dispozitivul s\u0103 men\u021bin\u0103 performan\u021be stabile atunci c\u00e2nd gestioneaz\u0103 sarcini solicitante, cum ar fi jocurile, editarea <a class=\"data-link\" data-org-href=\"https:\/\/www.vietnam.vn\/ro\/category\/video\" href=\"https:\/\/www.vietnam.vn\/ro\/category\/video\" title=\"video\" target=\"_blank\" rel=\"nofollow noopener\">video<\/a> sau rularea func\u021biilor de inteligen\u021b\u0103 artificial\u0103.<\/p>\n<p class=\"normalPara\"> \u00cen ceea ce prive\u0219te conectivitatea, mai multe surse indic\u0103 faptul c\u0103 Apple va continua s\u0103 utilizeze dou\u0103 tipuri diferite de modemuri, \u00een func\u021bie de pia\u021b\u0103. Modelele v\u00e2ndute \u00een SUA vor utiliza \u00een continuare modemuri Qualcomm pentru a suporta re\u021belele mmWave 5G, \u00een timp ce versiunile interna\u021bionale vor trece la modemul C2 al Apple.<\/p>\n<p class=\"normalPara\"> Se spune c\u0103 modemul C2 are un avantaj \u00een ceea ce prive\u0219te consumul de energie, chiar dac\u0103 nu este \u00eenc\u0103 compatibil cu mmWave. Aceasta \u00eenseamn\u0103 c\u0103 utilizatorii de pe multe pie\u021be din afara SUA ar putea beneficia de o durat\u0103 de via\u021b\u0103 mai bun\u0103 a bateriei datorit\u0103 modemului mai eficient din punct de vedere energetic.<\/p>\n<p>S-ar putea s\u0103 v\u0103 plac\u0103 \u0219i<\/p>\n<p class=\"normalPara\"> \u00cen special, predic\u021biile privind o cre\u0219tere a pre\u021bului pentru iPhone 18 Pro Max au ap\u0103rut la scurt timp dup\u0103 ce Apple a ajustat pre\u021burile unei game de produse, inclusiv MacBook-uri, iPad-uri, Apple TV, HomePod \u0219i Vision Pro. De\u0219i iPhone-urile nu au fost afectate de recenta cre\u0219tere a pre\u021burilor, mul\u021bi exper\u021bi cred c\u0103 seria iPhone 18 Pro va fi un candidat puternic pentru urm\u0103toarea ajustare de pre\u021b.<\/p>\n<p class=\"normalPara\"> Dac\u0103 informa\u021biile scurse se dovedesc a fi adev\u0103rate, iPhone 18 Pro Max nu numai c\u0103 va oferi o serie de \u00eembun\u0103t\u0103\u021biri la capitolul baterie, performan\u021b\u0103 \u0219i r\u0103cire, dar ar putea veni \u0219i cu un pre\u021b semnificativ mai mare. Cu toate acestea, toate informa\u021biile sunt doar zvonuri, iar utilizatorii vor trebui s\u0103 a\u0219tepte evenimentul oficial de lansare al Apple pentru a primi r\u0103spunsul final.<\/p>\n<p class=\"mb-0\"> Surs\u0103: https:\/\/baoquocte.vn\/tin-buon-cho-cac-ifan-dang-cho-doi-iphone-18-pro-max-419709.html<\/p>\n","protected":false},"excerpt":{"rendered":"Conform unui raport realizat de Counterpoint Research, costul total al componentelor (BOM) pentru versiunea de 1 TB a&hellip;\n","protected":false},"author":2,"featured_media":290021,"comment_status":"","ping_status":"","sticky":false,"template":"","format":"standard","meta":{"footnotes":"","_share_on_mastodon":"0"},"categories":[16],"tags":[9734,30909,17335,68431,79765,41,40,38,39,141,124],"class_list":["post-290020","post","type-post","status-publish","format-standard","has-post-thumbnail","category-tehnologie","tag-iphone-18","tag-iphone-18-pro","tag-iphone-18-pro-max","tag-mar","tag-pretul-iphone-18-pro-max","tag-ro","tag-romana","tag-romania","tag-romanian","tag-technology","tag-tehnologie"],"share_on_mastodon":{"url":"https:\/\/pubeurope.com\/@ro\/117224323743123808","error":""},"_links":{"self":[{"href":"https:\/\/www.europesays.com\/ro\/wp-json\/wp\/v2\/posts\/290020","targetHints":{"allow":["GET"]}}],"collection":[{"href":"https:\/\/www.europesays.com\/ro\/wp-json\/wp\/v2\/posts"}],"about":[{"href":"https:\/\/www.europesays.com\/ro\/wp-json\/wp\/v2\/types\/post"}],"author":[{"embeddable":true,"href":"https:\/\/www.europesays.com\/ro\/wp-json\/wp\/v2\/users\/2"}],"replies":[{"embeddable":true,"href":"https:\/\/www.europesays.com\/ro\/wp-json\/wp\/v2\/comments?post=290020"}],"version-history":[{"count":0,"href":"https:\/\/www.europesays.com\/ro\/wp-json\/wp\/v2\/posts\/290020\/revisions"}],"wp:featuredmedia":[{"embeddable":true,"href":"https:\/\/www.europesays.com\/ro\/wp-json\/wp\/v2\/media\/290021"}],"wp:attachment":[{"href":"https:\/\/www.europesays.com\/ro\/wp-json\/wp\/v2\/media?parent=290020"}],"wp:term":[{"taxonomy":"category","embeddable":true,"href":"https:\/\/www.europesays.com\/ro\/wp-json\/wp\/v2\/categories?post=290020"},{"taxonomy":"post_tag","embeddable":true,"href":"https:\/\/www.europesays.com\/ro\/wp-json\/wp\/v2\/tags?post=290020"}],"curies":[{"name":"wp","href":"https:\/\/api.w.org\/{rel}","templated":true}]}}