{"id":290028,"date":"2026-09-06T13:33:25","date_gmt":"2026-09-06T13:33:25","guid":{"rendered":"https:\/\/www.europesays.com\/ro\/290028\/"},"modified":"2026-09-06T13:33:25","modified_gmt":"2026-09-06T13:33:25","slug":"dacia-schimba-planul-renunta-la-un-vehicul-mare-la-scurt-timp-dupa-avertismentul-despre-viitorul-marcii-ce-pregateste-producatorul-de-la-mioveni","status":"publish","type":"post","link":"https:\/\/www.europesays.com\/ro\/290028\/","title":{"rendered":"Dacia schimb\u0103 planul. Renun\u021b\u0103 la un vehicul mare, la scurt timp dup\u0103 avertismentul despre viitorul m\u0103rcii. Ce preg\u0103te\u0219te produc\u0103torul de la Mioveni"},"content":{"rendered":"<p>Duminica, 06 Septembrie 2026, ora 15:17<\/p>\n<p>4185 citiri<\/p>\n<p><a href=\"https:\/\/ziare.com\/dacia\/\" title=\"Dacia\" rel=\"nofollow noopener\" target=\"_blank\">Dacia<\/a> schimb\u0103 foaia \u00een plin\u0103 expansiune pe pia\u021ba european\u0103. De\u0219i SUV-ul Bigster a \u00eenregistrat un succes masiv de la lansare, produc\u0103torul a decis s\u0103 pun\u0103 pe pauz\u0103 dezvoltarea celui de-al treilea model din clasa compact\u0103, bazat pe platforma sa. Miza se mut\u0103 acum pe o nou\u0103 genera\u021bie de ma\u0219ini electrice \u0219i pe viitorul Sandero.<\/p>\n<p>Ofensiva <a href=\"https:\/\/ziare.com\/auto\/dacia\/\" title=\"Dacia\" rel=\"nofollow noopener\" target=\"_blank\">Dacia<\/a> \u00een segmentul C, cel mai mare \u0219i mai competitiv din Europa, a debutat \u00een for\u021b\u0103 \u00een 2024 cu SUV-ul Bigster, un rival direct pentru <a href=\"https:\/\/ziare.com\/nissan\/\" title=\"Nissan\" rel=\"nofollow noopener\" target=\"_blank\">Nissan<\/a> Qashqai. Succesul a fost imediat: Bigster s-a instalat rapid \u00een fruntea clasamentului de v\u00e2nz\u0103ri pe segmentul s\u0103u. \u00cen cur\u00e2nd, gama va fi completat\u0103 de Dacia Striker, un <a href=\"https:\/\/ziare.com\/auto\/crossover\/\" title=\"crossover\" rel=\"nofollow noopener\" target=\"_blank\">crossover<\/a> spa\u021bios de tip break, f\u0103cut pe aceea\u0219i platform\u0103.<\/p>\n<p>De\u0219i planul ini\u021bial includea un al treilea model, speculat ca fiind fie un SUV-Coup\u00e9 rival pentru <a href=\"https:\/\/ziare.com\/peugeot\/\" title=\"Peugeot\" rel=\"nofollow noopener\" target=\"_blank\">Peugeot<\/a> 3008, fie un <a href=\"https:\/\/ziare.com\/auto\/hatchback\/\" title=\"hatchback\" rel=\"nofollow noopener\" target=\"_blank\">hatchback<\/a> sau un <a href=\"https:\/\/ziare.com\/auto\/sedan\/\" title=\"sedan\" rel=\"nofollow noopener\" target=\"_blank\">sedan<\/a> care s\u0103 fie o alternativ\u0103 la <a href=\"https:\/\/ziare.com\/skoda\/\" title=\"Skoda\" rel=\"nofollow noopener\" target=\"_blank\">Skoda<\/a> Octavia, proiectul a fost retras temporar.<\/p>\n<p>Motivele deciziei Dacia<\/p>\n<p>Motivul principal este electrificarea. Dacia \u0219i-a asumat lansarea a patru noi modele 100% electrice p\u00e2n\u0103 \u00een 2030 (\u00eencep\u00e2nd cu noua genera\u021bie Spring), iar resursele de dezvoltare au fost redirec\u021bionate.<\/p>\n<p>\u201eAvem o lansare de succes cu Bigster, vedem un poten\u021bial uria\u0219 pentru Striker, iar \u00een prezent nu avem alte planuri \u00een aceast\u0103 direc\u021bie. Suntem o marc\u0103 cu un portofoliu restr\u00e2ns de produse \u0219i ne concentr\u0103m pe noua genera\u021bie Sandero\u201d, a confirmat CEO-ul Dacia, Katrin Adt, pentru publica\u021bia britanic\u0103 Autocar.<\/p>\n<p>Noua Dacia Sandero va avea versiune electric\u0103<\/p>\n<p>Urm\u0103toarea mare lansare a brandului va fi noul Dacia Sandero, un model-cheie care va adopta o strategie \u201emulti-energie\u201d: Versiunile pe benzin\u0103 \/ hibrid vor continua pe platforma CMF-B (utilizat\u0103 \u0219i de <a href=\"https:\/\/ziare.com\/renault\/\" title=\"Renault\" rel=\"nofollow noopener\" target=\"_blank\">Renault<\/a> Clio), \u00een timp ce versiunea 100% electric\u0103 va fi construit\u0103 pe arhitectura RG-EV, aceea\u0219i baz\u0103 tehnic\u0103 folosit\u0103 pentru noul Renault 5.<\/p>\n<p><a href=\"https:\/\/ziare.com\/viitorul\/\" title=\"Viitorul\" rel=\"nofollow noopener\" target=\"_blank\">Viitorul<\/a> Dacia \u00een Rom\u00e2nia este incert<\/p>\n<p>Dacia pune tot mai ap\u0103sat problema competitivit\u0103\u021bii uzinei de la Mioveni, \u00een contextul \u00een care Renault poate muta produc\u021bia unor modele c\u0103tre alte fabrici ale grupului. Mihai Bordeanu, managing director Dacia pentru Europa de Sud-Est \u0219i country head Rom\u00e2nia, spune, pentru Ziarul Financiar, c\u0103 nici m\u0103car urm\u0103toarele genera\u021bii Duster \u0219i Bigster nu au, \u00een acest moment, produc\u021bia confirmat\u0103 \u00een Rom\u00e2nia.<\/p>\n<p>\u201eNu avem nici confirmarea faptului c\u0103 noua genera\u021bie de Duster sau de Bigster se va produce la Mioveni\u201d, spune Mihai Bordeanu, care leag\u0103 viitoarele decizii ale grupului de evolu\u021bia competitivit\u0103\u021bii fabricii p\u00e2n\u0103 \u00een 2030.<\/p>\n<p>Mesajul vine la aproximativ o lun\u0103 dup\u0103 vizita \u00een Rom\u00e2nia a CEO-ului Renault Group, Fran\u00e7ois Provost, care avertiza c\u0103 opera\u021biunile locale trec prin \u201euna dintre cele mai mari provoc\u0103ri din istoria lor\u201d.<\/p>\n<p>Bordeanu spune c\u0103 Mioveni concureaz\u0103 direct cu alte uzine Renault din Europa \u0219i din afara ei, iar diferen\u021bele de cost au devenit tot mai importante. \u201eDac\u0103 unul dintre aceste situri se deterioreaz\u0103 \u0219i toate celelalte se amelioreaz\u0103, ecua\u021bia nu este bun\u0103\u201d, afirm\u0103 \u0219eful Dacia.<\/p>\n<p>Una dintre principalele probleme este energia. Uzina ar pl\u0103ti aproximativ 180 de euro\/MWh, fa\u021b\u0103 de 70-80 de euro\/MWh \u00een Spania. Compania cere \u00een special predictibilitate pentru urm\u0103torii ani.<\/p>\n<p>\u021ai-a pl\u0103cut articolul?<\/p>\n<p> Vrem s\u0103 producem mai multe, \u00eens\u0103 avem nevoie de sus\u021binerea ta. Orice dona\u021bie conteaz\u0103 pentru jurnalismul independent <\/p>\n","protected":false},"excerpt":{"rendered":"Duminica, 06 Septembrie 2026, ora 15:17 4185 citiri Dacia schimb\u0103 foaia \u00een plin\u0103 expansiune pe pia\u021ba european\u0103. De\u0219i&hellip;\n","protected":false},"author":2,"featured_media":290029,"comment_status":"","ping_status":"","sticky":false,"template":"","format":"standard","meta":{"footnotes":"","_share_on_mastodon":"0"},"categories":[14],"tags":[97,96,1241,1833,53115,7553,38703,3292,15058,79766,41,40,38,39],"class_list":["post-290028","post","type-post","status-publish","format-standard","has-post-thumbnail","category-afaceri","tag-afaceri","tag-business","tag-dacia","tag-dacia-bigster","tag-dacia-electrica","tag-dacia-sandero","tag-dacia-striker","tag-grupul-renault","tag-katrin-adt","tag-rgev","tag-ro","tag-romana","tag-romania","tag-romanian"],"share_on_mastodon":{"url":"https:\/\/pubeurope.com\/@ro\/117224354982047608","error":""},"_links":{"self":[{"href":"https:\/\/www.europesays.com\/ro\/wp-json\/wp\/v2\/posts\/290028","targetHints":{"allow":["GET"]}}],"collection":[{"href":"https:\/\/www.europesays.com\/ro\/wp-json\/wp\/v2\/posts"}],"about":[{"href":"https:\/\/www.europesays.com\/ro\/wp-json\/wp\/v2\/types\/post"}],"author":[{"embeddable":true,"href":"https:\/\/www.europesays.com\/ro\/wp-json\/wp\/v2\/users\/2"}],"replies":[{"embeddable":true,"href":"https:\/\/www.europesays.com\/ro\/wp-json\/wp\/v2\/comments?post=290028"}],"version-history":[{"count":0,"href":"https:\/\/www.europesays.com\/ro\/wp-json\/wp\/v2\/posts\/290028\/revisions"}],"wp:featuredmedia":[{"embeddable":true,"href":"https:\/\/www.europesays.com\/ro\/wp-json\/wp\/v2\/media\/290029"}],"wp:attachment":[{"href":"https:\/\/www.europesays.com\/ro\/wp-json\/wp\/v2\/media?parent=290028"}],"wp:term":[{"taxonomy":"category","embeddable":true,"href":"https:\/\/www.europesays.com\/ro\/wp-json\/wp\/v2\/categories?post=290028"},{"taxonomy":"post_tag","embeddable":true,"href":"https:\/\/www.europesays.com\/ro\/wp-json\/wp\/v2\/tags?post=290028"}],"curies":[{"name":"wp","href":"https:\/\/api.w.org\/{rel}","templated":true}]}}