{"id":290040,"date":"2026-09-06T13:42:19","date_gmt":"2026-09-06T13:42:19","guid":{"rendered":"https:\/\/www.europesays.com\/ro\/290040\/"},"modified":"2026-09-06T13:42:19","modified_gmt":"2026-09-06T13:42:19","slug":"peste-10-autocare-cu-turisti-au-ajuns-la-jurilovca-pentru-un-festival-care-nu-s-a-organizat-primarul-oamenii-au-intrebat-chatgpt","status":"publish","type":"post","link":"https:\/\/www.europesays.com\/ro\/290040\/","title":{"rendered":"Peste 10 autocare cu turi\u0219ti au ajuns la Jurilovca pentru un festival care nu s-a organizat. Primarul: \u201eOamenii au \u00eentrebat ChatGPT\u201d"},"content":{"rendered":"<p>Localitatea Jurilovca s-a trezit \u00een acest weekend cu o avalan\u0219\u0103 de turi\u0219ti veni\u021bi pentru Festivalul Bor\u0219ului Lipovenesc, de\u0219i evenimentul nu a fost organizat. Peste 10 autocare au ajuns \u00een comun\u0103, potrivit primarului Eugen Ion, iar numero\u0219i al\u021bi turi\u0219ti au venit cu ma\u0219inile personale.<\/p>\n<p> <img decoding=\"async\" src=\"https:\/\/www.europesays.com\/ro\/wp-content\/uploads\/2026\/09\/1788702139_564_index.jpeg\" alt=\"Turi\u0219ti la Festivalul Bor\u0219ului Lipovenesc 2023\" width=\"1291\" height=\"750\" loading=\"eager\" fetchpriority=\"high\" class=\"svelte-1kfbksm\"\/> <\/p>\n<p>Turi\u0219ti la Festivalul Bor\u0219ului Lipovenesc 2023 Foto: sursa: FB\/Eugen Ion<\/p>\n<p>publicitate&#8221;); background-position: center center; background-repeat: no-repeat;&#8221;&gt;<\/p>\n<p>O situa\u021bie neobi\u0219nuit\u0103 s-a produs, \u00een acest weekend, \u00een comuna Jurilovca, din jude\u021bul Tulcea. Mai multe autocare \u0219i numero\u0219i turi\u0219ti veni\u021bi cu ma\u0219inile personale au ajuns \u00een localitate convin\u0219i c\u0103 vor participa la Festivalul Bor\u0219ului Lipovenesc. Doar c\u0103 festivalul nu s-a organizat \u00een 2026.<\/p>\n<p><a href=\"https:\/\/adevarul.ro\/stil-de-viata\/bucatarie\/bunatati-lipovenesti-facute-in-barca-secretul-2384847.html\" rel=\"nofollow noopener\" target=\"_blank\">Potrivit primarului comunei Jurilovca<\/a>, Eugen Ion, peste 10 autocare au ajuns \u00een localitate, iar num\u0103rul turi\u0219tilor veni\u021bi pe cont propriu a fost, de asemenea, foarte mare.<\/p>\n<p>Situa\u021bia este cu at\u00e2t mai surprinz\u0103toare cu c\u00e2t administra\u021bia local\u0103 anun\u021base c\u0103 evenimentul nu va avea loc. Festivalul fusese suspendat ini\u021bial \u00een 2025, pe fondul m\u0103surilor de austeritate \u0219i al dificult\u0103\u021bilor bugetare.\u00a0<\/p>\n<p>  \u201eA\u0219adar, NU am anun\u021bat festivalul, deci NU se \u021bine\u201d <\/p>\n<p><a href=\"https:\/\/adevarul.ro\/stiri-locale\/tulcea\/jurilovca-pe-lista-viitoarelor-statiuni-2482105.html\" rel=\"nofollow noopener\" target=\"_blank\">Primarul Eugen Ion<\/a>\u00a0a relatat pe Facebook cum s-a trezit comuna cu turi\u0219ti care \u00eentrebau de festival.<\/p>\n<p>\u201eAten\u021bie la informa\u021biile false! Verifica\u021bi \u00eentotdeauna sursele oficiale! Situa\u021bia din acest weekend din Jurilovca este una care ne dovede\u0219te, \u00eenc\u0103 o dat\u0103, c\u0103 nu e nevoie de cine \u0219tie ce tehnici complicate pentru ca oamenii s\u0103 fie p\u0103c\u0103li\u021bi, indu\u0219i \u00een eroare, \u00een ultim\u0103 instan\u021b\u0103 manipula\u021bi. V\u0103 rog s\u0103 citi\u021bi cele ce urmeaz\u0103 \u0219i s\u0103 trage\u021bi concluzii \u00een\u021belepte. Ce s-a \u00eent\u00e2mplat la noi \u00een comun\u0103 poate fi un studiu de caz. Dumneavoastr\u0103, cei din comunitate, dar \u0219i turi\u0219tii care urm\u0103resc pagina mea oficial\u0103 de Facebook \u0219i pagina prim\u0103riei Jurilovca \u0219tiu c\u0103 Festivalul Bor\u0219ului Lipovenesc de Jurilovca NU are loc anul acesta\u201d, a subliniat acesta.<\/p>\n<p>publicitate&#8221;); background-position: center center; background-repeat: no-repeat;&#8221;&gt;<\/p>\n<p>Cu toate acestea, \u00eencep\u00e2nd de diminea\u021b\u0103, \u00een localitate au \u00eenceput s\u0103 soseasc\u0103 autocare, dar \u0219i numeroase autoturisme.<\/p>\n<p>\u201ePeste 10 autocare au ajuns ast\u0103zi \u00een Jurilovca aduc\u00e2nd turi\u0219ti care credeau c\u0103 vor participa la festival. Aici treaba e destul de clar\u0103. Oamenii nu \u0219i-au imaginat c\u0103 agen\u021biile nu s-au informat sau c\u0103 au profitat de ei. Totu\u0219i, independent de excursiile organizate, \u00een Jurilovca au venit \u0219i al\u021bi foarte mul\u021bi turi\u0219ti. Tot pentru festival\u201d, a spus primarul.<\/p>\n<p>Acesta spune c\u0103 nu este deranjat de faptul c\u0103 turi\u0219tii aleg Jurilovca, ci de faptul c\u0103 oamenii au venit pentru un eveniment care nu avea loc.<\/p>\n<p>\u201eNe dorim \u00eens\u0103 s\u0103 o fac\u0103 asumat, s\u0103 \u0219tie unde vin, ce ofer\u0103 Jurilovca \u0219i mai ales s\u0103 nu vin\u0103 la un eveniment care nu are loc!\u201d, a transmis acesta.<\/p>\n<p> Agen\u021biile de turism au promovat excursii cu date diferite <\/p>\n<p>Potrivit administra\u021biei locale, \u00eenc\u0103 de la \u00eenceputul verii au ap\u0103rut pe re\u021belele de socializare mai multe afi\u0219e \u0219i oferte ale unor agen\u021bii de turism care promovau excursii la Festivalul Bor\u0219ului Lipovenesc.<\/p>\n<p>Unele indicau sf\u00e2r\u0219itul lunii august, altele \u00eenceputul lunii septembrie, iar altele chiar mijlocul lunii. Primarul sus\u021bine c\u0103 niciuna dintre agen\u021biile identificate nu ar fi contactat ini\u021bial Prim\u0103ria Jurilovca pentru a verifica dac\u0103 festivalul urma s\u0103 aib\u0103 loc.<\/p>\n<p>\u201eNiciuna dintre aceste agen\u021bii nu a sunat la noi, la prim\u0103rie, \u00een calitate de organizator, s\u0103 \u00eentrebe dac\u0103 festivalul are loc sau s\u0103 afle eventual o dat\u0103 exact\u0103. Noi \u0219tim c\u0103 festivalul este un punct major de atrac\u021bie pentru \u00eentreaga zon\u0103, dar respingem categoric varianta \u00een care operatori din turism s-ar putea folosi \u00een mod fals de acest renume pentru a atrage turi\u0219ti aici. E o \u00een\u0219el\u0103torie.\u00a0 Astfel, am mobilizat echipa \u0219i agen\u021biile respective au fost sunate, una c\u00e2te una, \u0219i rugate\/somate s\u0103 renun\u021be la a promova ceva fals. Acest lucru s-a \u00eent\u00e2mplat pe tot parcursul verii\u201d, a afirmat Eugen Ion.<\/p>\n<p>publicitate&#8221;); background-position: center center; background-repeat: no-repeat;&#8221;&gt;<\/p>\n<p>Ulterior, administra\u021bia local\u0103 spune c\u0103 \u0219i-a mobilizat echipa \u0219i a contactat agen\u021biile respective, cer\u00e2ndu-le s\u0103 renun\u021be la promovarea excursiilor.<\/p>\n<p>Potrivit primarului, unele agen\u021bii \u0219i-au cerut scuze \u0219i au renun\u021bat la excursii, altele au retras ofertele f\u0103r\u0103 explica\u021bii, iar al\u021bi operatori ar fi sus\u021binut c\u0103 festivalul se organizeaz\u0103 pentru c\u0103 informa\u021bia ap\u0103rea \u201epe internet\u201d.<\/p>\n<p> O agen\u021bie sus\u021bine c\u0103 a \u00eencercat de mai multe ori s\u0103 contacteze prim\u0103ria <\/p>\n<p>Afirma\u021biile primarului au st\u00e2rnit reac\u021bii \u00een mediul online. Un reprezentant al unei agen\u021bii de turism, V\u0103duva \u0218tefan, a sus\u021binut \u00eentr-un comentariu c\u0103 situa\u021bia a fost diferit\u0103 din perspectiva sa. Acesta afirm\u0103 c\u0103 a \u00eencercat \u00een repetate r\u00e2nduri s\u0103 ob\u021bin\u0103 informa\u021bii direct de la Prim\u0103ria Jurilovca.<\/p>\n<p>\u201eStimate domnule primar, am sunat de nenum\u0103rate ori la prim\u0103ria dumneavoastr\u0103, dar dup\u0103 ce am sunat de 4-5 ori \u00een zile diferite nu s-a r\u0103spuns la telefon, apoi doamna care a r\u0103spuns \u00eentr-un final dup\u0103 ceva vreme a zis c\u0103 nu \u0219tie. Este inadmisibil\u0103 situa\u021bia. Apoi, am intrat pe site-ul prim\u0103riei dumneavoastr\u0103, care ce este drept nu m\u0103 a\u0219teptam s\u0103 fie chiar foarte modern dar nici ca \u00een anii 2000, nu scria nimic cum c\u0103 edi\u021bia nu ar mai avea loc \u00een 2026, ci scria de 2025. Din punctul meu de vedere \u0219i cred c\u0103 \u0219i al oamenilor din domeniu, atunci c\u00e2nd obi\u0219nuie\u0219ti agen\u021biile de turism cu un festival dup\u0103 care \u0219i dumneavoastr\u0103 pe plan local ave\u021bi de c\u00e2\u0219tigat, \u0219i \u00eel transforma\u021bi \u00een tradi\u021bie an de an, este NORMAL s\u0103 anun\u021ba\u021bi atunci c\u00e2nd nu se organizeaz\u0103, a\u0219a cum a\u021bi f\u0103cut \u0219i anul precedent\u201d, a scris acesta.<\/p>\n<p> <a class=\"related-inline svelte-78g0vl\" data-gtrack=\"{&quot;event&quot;:&quot;utm_click&quot;,&quot;data&quot;:{&quot;event_category&quot;:&quot;article_related&quot;}}\" href=\"https:\/\/adevarul.ro\/politica\/ziua-si-situatiile-halucinante-ministrul-2527014.html\" title=\"Alt articol de interes pentru tine\" rel=\"nofollow noopener\" target=\"_blank\"> \u201eZiua \u0219i situa\u021biile halucinante\u201d. Ministrul Mediului Diana Buzoianu anun\u021b\u0103 controale la Gura Porti\u021bei dup\u0103 ce un gard a blocat accesul turi\u0219tilor la plaj\u0103 <\/a><\/p>\n<p>Reprezentantul agen\u021biei spune c\u0103 firma sa avea o excursie planificat\u0103, \u00eens\u0103 turi\u0219tii au fost anun\u021ba\u021bi din timp cu privire la situa\u021bie \u0219i li s-a oferit o alternativ\u0103.<\/p>\n<p>Potrivit acestuia, alternativa propus\u0103 turi\u0219tilor a fost o excursie la Gura Porti\u021bei.<\/p>\n<p> \u201eCine s\u0103n\u0103tos la cap ar face a\u0219a ceva?\u201d <\/p>\n<p>Reprezentantul agen\u021biei respinge acuza\u021bia c\u0103 operatorii din turism ar fi \u00eencercat s\u0103 \u00een\u0219ele turi\u0219tii. Acesta argumenteaz\u0103 c\u0103 o agen\u021bie nu are niciun interes s\u0103 transporte oameni sute de kilometri la un festival inexistent, pentru c\u0103 va suporta imediat consecin\u021bele, inclusiv prin pierderea \u00eencrederii clien\u021bilor.<\/p>\n<p>publicitate&#8221;); background-position: center center; background-repeat: no-repeat;&#8221;&gt;<\/p>\n<p>\u201eCrede\u021bi c\u0103 cineva ar prezenta o excursie ca fiind participarea la un festival, la care ajunge cu turi\u0219tii \u0219i nu este nimic? Cine s\u0103n\u0103tos la cap ar face a\u0219a ceva?\u201d, a \u00eentrebat el retoric.<\/p>\n<p>\u00cen opinia sa, problema a pornit de la lipsa unei comunic\u0103ri suficient de clare \u0219i de la informa\u021biile contradictorii g\u0103site pe internet.<\/p>\n<p>\u201eToate acestea au pornit de la informarea precar\u0103 \u0219i lipsa de comunicare\u201d, a mai sus\u021binut reprezentantul agen\u021biei.<\/p>\n<p>El a criticat \u0219i eticheta de \u201e\u00een\u0219el\u0103torie\u201d folosit\u0103 de primar \u00een leg\u0103tur\u0103 cu ofertele turistice.<\/p>\n<p> Primarul din Jurilovca: \u201eDe anun\u021bat, anun\u021b\u0103m c\u00e2nd facem ceva, nu c\u00e2nd nu facem\u201d <\/p>\n<p>\u00cen replic\u0103, primarul comunei Jurilovca, Eugen Ion, contest\u0103 afirma\u021biile potrivit c\u0103rora administra\u021bia local\u0103 nu a putut fi contactat\u0103.\u00a0<\/p>\n<p>\u201eStimate domn, \u00een primul r\u00e2nd de anun\u021bat anun\u021b\u0103m c\u00e2nd facem ceva, nu c\u00e2nd nu facem. La telefoanele Prim\u0103ria Comunei Jurilovca se r\u0103spunde mereu \u00een timpul orelor de program, \u00een zilele lucr\u0103toare \u0219i, pentru c\u0103 tot face\u021bi referire la anul \u00een care ne afl\u0103m \u0219i la metodele moderne de comunicare, putea\u021bi s\u0103 ne contacta\u021bi prin mesageria asociat\u0103 paginilor de Facebook (a prim\u0103riei sau chiar a mea), unde a\u021bi fi primit un r\u0103spuns competent\u201d, a precizat primarul.<\/p>\n<p>Eugen Ion a f\u0103cut referire \u0219i la situa\u021bia creat\u0103 s\u00e2mb\u0103t\u0103, c\u00e2nd mai multe grupuri de turi\u0219ti au ajuns la Jurilovca cu autocarele, convinse c\u0103 particip\u0103 la festival.<\/p>\n<p>\u201eC\u00e2t despre modul \u00een care ac\u021bioneaz\u0103 unele agen\u021bii, s-a v\u0103zut inclusiv \u00een ziua de s\u00e2mb\u0103t\u0103, c\u00e2nd oamenii au fost adu\u0219i \u00abla festival\u00bb cu autocarul, iar la sosirea \u00een Jurilovca s-a dat vina pe autorit\u0103\u021bile care n-au mai organizat festivalul care nu se organiza oricum anul acesta.\u00a0Suntem mereu bucuro\u0219i de oaspe\u021bi, dar nu suntem de acord ca oamenii s\u0103 fie indu\u0219i \u00een eroare. Colabor\u0103m \u00eentotdeauna cu agen\u021biile oneste \u0219i serioase \u0219i v\u0103d c\u0103 inclusiv dumneavoastr\u0103 a\u021bi g\u0103sit ast\u0103zi o cale de comunicare \u0219i primi\u021bi \u0219i un r\u0103spuns la afirma\u021biile dumneavoastr\u0103\u201d, a mai spus Eugen Ion.<\/p>\n<p>publicitate&#8221;); background-position: center center; background-repeat: no-repeat;&#8221;&gt;<\/p>\n<p>\u0218i al\u021bi oameni spun c\u0103 nu au reu\u0219it s\u0103 ob\u021bin\u0103 informa\u021bii <\/p>\n<p>\u00cen comentariile la postarea primarului, \u0219i al\u021bi utilizatori au afirmat c\u0103 au \u00eencercat s\u0103 ia leg\u0103tura cu Prim\u0103ria Jurilovca.<\/p>\n<p>\u201e\u0218i noi am \u00eencercat s\u0103 d\u0103m de prim\u0103ria dvs. \u0219i nu a r\u0103spuns nimeni&#8230; Am trimis \u0219i email care a fost ignorat\u201d, a scris un alt utilizator.<\/p>\n<p>\u201eMai \u00eent\u00e2i s\u0103 verifica\u021bi \u0219i cine r\u0103spunde la acele telefoane\u201d, a transmis altcineva.<\/p>\n<p>O alt\u0103 persoan\u0103 a povestit c\u0103 a \u00eent\u00e2lnit pe internet un anun\u021b \u00een care era folosit\u0103 imaginea Cet\u0103\u021bii Enisala pentru promovarea Festivalului Bor\u0219ului de Pe\u0219te de la Jurilovca.<\/p>\n<p>\u201eM-am g\u00e2ndit, ce leg\u0103tur\u0103 are cetatea cu Jurilovca, mai ales c\u0103 \u0219tiam c\u0103 evenimentul nu se organizeaz\u0103 \u00een acest an. Acum am \u00een\u021beles c\u0103 era o \u0219tire fals\u0103\u201d, a comentat aceasta.<\/p>\n<p> ChatGPT a confirmat gre\u0219it existen\u021ba festivalului <\/p>\n<p>Primarul spune c\u0103, discut\u00e2nd cu turi\u0219tii ajun\u0219i \u00een localitate, a aflat c\u0103 unii dintre ei nu s-au bazat doar pe post\u0103rile de pe Facebook sau pe ofertele agen\u021biilor. Ace\u0219tia au \u00eentrebat ChatGPT dac\u0103 festivalul se organizeaz\u0103.<\/p>\n<p> <a class=\"related-inline svelte-78g0vl\" data-gtrack=\"{&quot;event&quot;:&quot;utm_click&quot;,&quot;data&quot;:{&quot;event_category&quot;:&quot;article_related&quot;}}\" href=\"https:\/\/adevarul.ro\/stiri-externe\/europa\/au-platit-3540-de-euro-pentru-o-vacanta-la-mare-2547991.html\" title=\"Alt articol de interes pentru tine\" rel=\"nofollow noopener\" target=\"_blank\"> Au pl\u0103tit 3.540 de euro pentru o vacan\u021b\u0103 la mare \u00een Bulgaria, dar cu o zi \u00eenainte de plecare au primit un SMS: \u201eNu merge\u021bi la aeroport\u201d <\/a><\/p>\n<p>\u201eDincolo de \u00abam v\u0103zut pe re\u021belele de socializare\u00bb, s-a mai conturat un r\u0103spuns: oamenii au \u00eentrebat inteligen\u021ba artificial\u0103 \u2013 o interogare c\u0103tre ChatGPT \u2013 dac\u0103 se \u021bine festivalul. \u0218i au primit un r\u0103spuns GRE\u0218IT\u201d, a relatat Eugen Ion.<\/p>\n<p>Primarul afirm\u0103 c\u0103 administra\u021bia local\u0103 a f\u0103cut propriul test.<\/p>\n<p>\u201eNoi, organizatorii de facto ai festivalului, care NU am organizat festivalul, am \u00eentrebat ChatGPT dac\u0103 anul acesta Festivalul Bor\u0219ului Lipovenesc de Jurilovca are loc \u0219i am primit, halucinant, r\u0103spunsul c\u0103 da, el se desf\u0103\u0219oar\u0103 \u00een acest weekend, 4-5 septembrie!\u201d, a sus\u021binut acesta.<\/p>\n<p>publicitate&#8221;); background-position: center center; background-repeat: no-repeat;&#8221;&gt;<\/p>\n<p>Potrivit explica\u021biei prezentate de primar, una dintre cauzele posibile ale r\u0103spunsului gre\u0219it a fost existen\u021ba pe internet a numeroase pagini comerciale \u0219i oferte turistice care au asociat numele festivalului cu excursii \u00een Jurilovca \u0219i Delta Dun\u0103rii. Astfel, informa\u021biile comerciale ar fi putut crea impresia c\u0103 evenimentul urma s\u0103 aib\u0103 loc, chiar dac\u0103 nu exista un anun\u021b oficial al Prim\u0103riei Jurilovca.<\/p>\n<p>\u201eA\u0219adar, oameni buni, inteligen\u021ba artificial\u0103 nu g\u00e2nde\u0219te \u0219i, mai mult, gre\u0219e\u0219te. Nu face diferen\u021ba \u00eentre informa\u021bia adev\u0103rat\u0103 \u0219i cea fals\u0103. Nu poate verifica dac\u0103 o informa\u021bie e adev\u0103rat\u0103. Noi, \u00eens\u0103, putem. Putem discerne, putem verifica informa\u021bia, putem c\u0103uta sursa oficial\u0103, comunicarea original\u0103. Nu doar pe internet. Putem comunica \u00eentre noi. E obligatoriu s\u0103 o facem. Nu e \u00een regul\u0103 s\u0103 l\u0103s\u0103m \u00eentre noi intermediari -precum agen\u021biile de turism, \u00een acest caz, ori inteligen\u021ba artificial\u0103. Consecin\u021bele pot fi foarte nepl\u0103cute pentru toate p\u0103r\u021bile implicate \u0219i, \u00een extremis, chiar dezastruoase. De noi depinde s\u0103 nu ajungem acolo\u201d, a spus primarul.<\/p>\n<p>Festivalul nu a mai fost organizat, dup\u0103 ce administra\u021bia local\u0103 a decis suspendarea evenimentului pe fondul m\u0103surilor de austeritate \u0219i al presiunilor asupra bugetelor locale.<\/p>\n<p>Primarul Eugen Ion spune c\u0103 turi\u0219tii sunt bineveni\u021bi \u00een localitate chiar \u0219i \u00een lipsa Festivalului Bor\u0219ului Lipovenesc.\u00a0\u201eNe dorim \u00eens\u0103 s\u0103 o fac\u0103 asumat, s\u0103 \u0219tie unde vin, ce ofer\u0103 Jurilovca \u0219i mai ales s\u0103 nu vin\u0103 la un eveniment care nu are loc!\u201d, a transmis edilul.<\/p>\n<p>La finalul mesajului, acesta le-a transmis turi\u0219tilor c\u0103 sper\u0103 ca vizita lor s\u0103 nu fi fost una pierdut\u0103.\u00a0\u201eSper c\u0103 dumneavoastr\u0103, turi\u0219tii care a\u021bi ajuns \u00een acest weekend la Jurilovca, a\u021bi avut parte de momente frumoase la noi. Chiar \u0219i f\u0103r\u0103 festivalul bor\u0219ului, de aceast\u0103 dat\u0103\u201d, a \u00eencheiat edilul.<\/p>\n<p>publicitate&#8221;); background-position: center center; background-repeat: no-repeat;&#8221;&gt;<\/p>\n<p>\\n  const _iprc = performance.now();\\n\\u003C\/script>\\n\\n\\u003Cscript class=\\&#8221;optanon-category-C0004\\&#8221; type=\\&#8221;text\/plain\\&#8221;>\\nconsole.log(\\&#8221;*** cookieconsent done:\\&#8221;, Math.round(performance.now() &#8211; _iprc) \/ 1000);\\n  gtag(&#8216;event&#8217;, &#8216;cookieconsent&#8217;, {\\n    name: &#8216;load&#8217;,\\n    value: Math.round(performance.now() &#8211; _iprc) \/ 1000\\n  });\\n\\u003C\/script>\\n\\u003C!&#8211; END PERFORMANCE COOKIE PRO &#8211;>\\n\\n{{#unless context.ads_disabled}}\\n\\n\\u003Cscript class=\\&#8221;optanon-category-C0004\\&#8221; type=\\&#8221;text\/plain\\&#8221; src=\\&#8221;\/\/a.teads.tv\/page\/99553\/tag\\&#8221; async=\\&#8221;true\\&#8221;>\\u003C\/script>\\n{{\/unless}}\\n\\n\\u003Cdiv data-ad=\\&#8221;adevarul.ro_728x90_sticky_display_bottom_adevarul_bottom_center_leaderboard\\&#8221; data-devices=\\&#8221;m:0,t:1,d:1\\&#8221;   class=\\&#8221;demand-supply\\&#8221;>\\u003C\/div>\\n\\n{{#if context.content}}\\n\\n{{#unless context.ads_disabled}}\\n\\u003Cscript class=\\&#8221;optanon-category-C0004\\&#8221; type=\\&#8221;text\/plain\\&#8221; src=\\&#8221;https:\/\/cnt.trvdp.com\/js\/1544\/6545.js\\&#8221;>\\u003C\/script>\\n{{\/unless}}\\n\\n\\n{{\/if}}\\n\\n\\n&#8221;,&#8221;html_mobile&#8221;:&#8221;\\n\\n\\n\\u003C!&#8211; CHECK PERFORMANCE COOKIE PRO &#8211;>\\n\\u003Cscript>\\n  const _iprc = performance.now();\\n\\u003C\/script>\\n\\n\\u003Cscript class=\\&#8221;optanon-category-C0004\\&#8221; type=\\&#8221;text\/plain\\&#8221;>\\nconsole.log(\\&#8221;*** cookieconsent done:\\&#8221;, Math.round(performance.now() &#8211; _iprc) \/ 1000);\\n  gtag(&#8216;event&#8217;, &#8216;cookieconsent&#8217;, {\\n    name: &#8216;load&#8217;,\\n    value: Math.round(performance.now() &#8211; _iprc) \/ 1000\\n  });\\n\\u003C\/script>\\n\\u003C!&#8211; END PERFORMANCE COOKIE PRO &#8211;>\\n\\n{{#unless context.ads_disabled}}\\n\\n\\n\\u003Cscript\\n  class=\\&#8221;optanon-category-C0004\\&#8221;\\n  type=\\&#8221;text\/plain\\&#8221;\\n  src=\\&#8221;\/\/a.teads.tv\/page\/99553\/tag\\&#8221;\\n  async=\\&#8221;true\\&#8221;\\n>\\u003C\/script>\\n\\n{{\/unless}} \\n\\n\\u003Cdiv\\n  data-ad=\\&#8221;adevarul.ro_sticky_mobile_bottom\\&#8221;\\n  data-devices=\\&#8221;m:1,t:0,d:0\\&#8221;\\n  class=\\&#8221;demand-supply\\&#8221;\\n>\\u003C\/div>\\n\\n{{#if context.content}} \\n\\n\\n{{#unless context.ads_disabled}}\\n\\u003Cscript class=\\&#8221;optanon-category-C0004\\&#8221; type=\\&#8221;text\/plain\\&#8221; src=\\&#8221;https:\/\/cnt.trvdp.com\/js\/1544\/6545.js\\&#8221;>\\u003C\/script>\\n{{\/unless}}\\n\\n{{\/if}}\\n\\n&#8221;},&#8221;updated_at&#8221;:&#8221;2025-11-01T11:31:21.462Z&#8221;},&#8221;AdPosition_head&#8221;:{&#8222;data&#8221;:{&#8222;custom_fields&#8221;:{},&#8221;for_desktop&#8221;:true,&#8221;for_mobile&#8221;:true,&#8221;html_desktop&#8221;:&#8221;\\u003Cmeta name=\\&#8221;profitshareid\\&#8221; content=\\&#8221;934cd37887433d585a2a227ef0576fcc\\&#8221; \/>\\n\\n\\n\\n{{#unless context.ads_disabled}}\\n\\n\\n{{#if context.content}}\\n\\u003Cscript type=\\&#8221;text\/plain\\&#8221; class=\\&#8221;optanon-category-C0004\\&#8221; src=\\&#8221;https:\/\/jsc.mgid.com\/site\/960965.js\\&#8221; async>\\u003C\/script>\\n\\n\\n\\u003Cscript type=\\&#8221;text\/plain\\&#8221; class=\\&#8221;optanon-category-C0004\\&#8221;>\\n  (function () {\\n    if (document.location.pathname.indexOf(&#8222;https:\/\/adevarul.ro\/ghid-de-cumparaturi&#8221;) === 0) {\\n      return;\\n    }\\n\\n    const s = document.createElement(\\&#8221;script\\&#8221;);\\n    s.src = \\&#8221;https:\/\/srv.divee.ai\/storage\/v1\/object\/public\/sdk\/divee.sdk.latest.js\\&#8221;;\\n    s.setAttribute(\\&#8221;data-project-id\\&#8221;, \\&#8221;4428864e-2da6-4fef-a83c-c16c2dfe86d9\\&#8221;);\\n    s.async = true;\\n    document.head.appendChild(s);\\n  })();\\n\\u003C\/script>\\n\\n\\n\\n\\n\\n{{\/if}}\\n\\n\\u003Cscript>\\n  window.teads_analytics = window.teads_analytics || {};\\n  window.teads_analytics.analytics_tag_id = \\&#8221;PUB_26459\\&#8221;;\\n  window.teads_analytics.share = window.teads_analytics.share || function() {\\n    ;(window.teads_analytics.shared_data = window.teads_analytics.shared_data || []).push(arguments)\\n  };\\n\\u003C\/script>\\n\\u003Cscript type=\\&#8221;text\/plain\\&#8221; class=\\&#8221;optanon-category-C0004\\&#8221; src=\\&#8221;https:\/\/a.teads.tv\/analytics\/tag.js\\&#8221;>\\u003C\/script>\\n\\n\\n{{#unless context.features.nolivesupply}}\\n\\u003Cscript async data-cfasync=\\&#8221;false\\&#8221; type=\\&#8221;text\/plain\\&#8221; class=\\&#8221;optanon-category-C0004\\&#8221; src=\\&#8221;https:\/\/live.demand.supply\/up.js\\&#8221;>\\u003C\/script>\\n{{\/unless}}\\n\\n\\u003Cscript type=\\&#8221;text\/plain\\&#8221; class=\\&#8221;optanon-category-C0004\\&#8221; src=\\&#8221;https:\/\/pagead2.googlesyndication.com\/pagead\/js\/adsbygoogle.js?client=ca-pub-3345426167175409\\&#8221; crossorigin=\\&#8221;anonymous\\&#8221;>\\u003C\/script>\\n\\n \\u003Cscript type=\\&#8221;text\/plain\\&#8221; class=\\&#8221;optanon-category-C0004\\&#8221; src=\\&#8221;https:\/\/terrific.live\/terrific-sdk.js\\&#8221; storeid=\\&#8221;iN6X0VPTDIicsVPKX6p0\\&#8221;>\\u003C\/script>\\n\\n{{\/unless}}\\n\\n\\u003Cstyle>\\n.google-adposition > div {\\n  flex-grow: 1;\\n}\\n\\n.google-adposition:has(iframe) {\\n    background-image: none !important;\\n}\\n\\n.menu-fixed .menu .headContainer .google-auto-placed {\\n    display: none;\\n}\\n\\narticle header .title .google-auto-placed {\\n    display: none;\\n}\\n\\n#onetrust-banner-sdk #onetrust-accept-btn-handler {\\n        margin-bottom: 10px;\\n    }\\n\\n    #onetrust-banner-sdk #onetrust-reject-all-handler {\\n        visibility: hidden;\\n    }\\n\\n\\u003C\/style>\\n\\n \\u003C!&#8211; Facebook Pixel Code &#8211;>\\u003Cscript type=\\&#8221;text\/plain\\&#8221; class=\\&#8221;optanon-category-C0002\\&#8221;>!function(f,b,e,v,n,t,s){if(f.fbq)return;n=f.fbq=function(){n.callMethod?n.callMethod.apply(n,arguments):n.queue.push(arguments)};if(!f._fbq)f._fbq=n;n.push=n;n.loaded=!0;n.version=&#8217;2.0&#8242;;n.queue=[];t=b.createElement(e);t.async=!0;t.src=v;s=b.getElementsByTagName(e)[0];s.parentNode.insertBefore(t,s)}(window,document,&#8217;script&#8217;,&#8217;https:\/\/connect.facebook.net\/en_US\/fbevents.js&#8217;); fbq(&#8216;init&#8217;, &#8216;1346397800155390&#8217;); fbq(&#8216;track&#8217;, &#8216;PageView&#8217;);\\u003C\/script>\\u003Cnoscript> \\u003Cimg height=\\&#8221;1\\&#8221; width=\\&#8221;1\\&#8221; src=\\&#8221;https:\/\/www.facebook.com\/tr?id=1346397800155390&#038;ev=PageView&#038;noscript=1\\&#8221;\/>\\u003C\/noscript>\\u003C!&#8211; End Facebook Pixel Code &#8211;>\\n\\n\\u003C!&#8211; alternativeAds &#8211;>\\n&#8221;,&#8221;html_mobile&#8221;:&#8221;\\u003Cmeta name=\\&#8221;profitshareid\\&#8221; content=\\&#8221;934cd37887433d585a2a227ef0576fcc\\&#8221; \/>\\n\\n\\n{{#unless context.ads_disabled}}\\n\\n{{#if context.content}}\\n\\u003Cscript type=\\&#8221;text\/plain\\&#8221; class=\\&#8221;optanon-category-C0004\\&#8221; src=\\&#8221;https:\/\/jsc.mgid.com\/site\/960965.js\\&#8221; async>\\u003C\/script>\\n\\n\\u003Cscript type=\\&#8221;text\/plain\\&#8221; class=\\&#8221;optanon-category-C0004\\&#8221;>\\n  (function () {\\n    if (document.location.pathname.indexOf(&#8222;https:\/\/adevarul.ro\/ghid-de-cumparaturi&#8221;) === 0) {\\n      return;\\n    }\\n\\n    const s = document.createElement(\\&#8221;script\\&#8221;);\\n    s.src = \\&#8221;https:\/\/srv.divee.ai\/storage\/v1\/object\/public\/sdk\/divee.sdk.latest.js\\&#8221;;\\n    s.setAttribute(\\&#8221;data-project-id\\&#8221;, \\&#8221;4428864e-2da6-4fef-a83c-c16c2dfe86d9\\&#8221;);\\n    s.async = true;\\n    document.head.appendChild(s);\\n  })();\\n\\u003C\/script>\\n\\n{{\/if}}\\n\\n\\u003Cscript>\\n  window.teads_analytics = window.teads_analytics || {};\\n  window.teads_analytics.analytics_tag_id = \\&#8221;PUB_26459\\&#8221;;\\n  window.teads_analytics.share = window.teads_analytics.share || function() {\\n    ;(window.teads_analytics.shared_data = window.teads_analytics.shared_data || []).push(arguments)\\n  };\\n\\u003C\/script>\\n\\u003Cscript type=\\&#8221;text\/plain\\&#8221; class=\\&#8221;optanon-category-C0004\\&#8221; src=\\&#8221;https:\/\/a.teads.tv\/analytics\/tag.js\\&#8221;>\\u003C\/script>\\n\\n{{#unless context.features.nolivesupply}}\\n\\u003Cscript async data-cfasync=\\&#8221;false\\&#8221; type=\\&#8221;text\/plain\\&#8221; class=\\&#8221;optanon-category-C0004\\&#8221; src=\\&#8221;https:\/\/live.demand.supply\/up.js\\&#8221;>\\u003C\/script>\\n{{\/unless}}\\n\\n\\u003Cscript type=\\&#8221;text\/plain\\&#8221; class=\\&#8221;optanon-category-C0004\\&#8221; src=\\&#8221;https:\/\/terrific.live\/terrific-sdk.js\\&#8221; storeid=\\&#8221;iN6X0VPTDIicsVPKX6p0\\&#8221;>\\u003C\/script>\\n\\n{{\/unless}}\\n\\u003Cstyle>\\n\\n.google-adposition:has(iframe) {\\n    background-image: none !important;\\n}\\n\\n.menu-fixed .menu .headContainer .google-auto-placed {\\n    display: none;\\n}\\n\\narticle header .title .google-auto-placed {\\n    display: none;\\n}\\n\\n#onetrust-banner-sdk #onetrust-accept-btn-handler {\\n        margin-bottom: 10px;\\n    }\\n\\n    #onetrust-banner-sdk #onetrust-reject-all-handler {\\n        visibility: hidden;\\n    }\\n\\u003C\/style>\\n&#8221;},&#8221;updated_at&#8221;:&#8221;2026-07-22T15:44:05.196Z&#8221;}},&#8221;last_changed&#8221;:&#8221;2026-09-06T13:36:05.644Z&#8221;,&#8221;page&#8221;:{&#8222;created_at&#8221;:&#8221;2026-09-01T11:41:23.049Z&#8221;,&#8221;created_by&#8221;:1,&#8221;custom_fields&#8221;:{},&#8221;domain&#8221;:&#8221;adevarul.ro&#8221;,&#8221;id&#8221;:99,&#8221;last_published_at&#8221;:&#8221;2026-09-01T11:41:24.572Z&#8221;,&#8221;name&#8221;:&#8221;Content layout (article)&#8221;,&#8221;published&#8221;:1,&#8221;s3_hash&#8221;:&#8221;a5e0764cf3bce051367545eab1538b4619e8ecb9&#8243;,&#8221;slug&#8221;:null,&#8221;title&#8221;:&#8221;Content layout&#8221;,&#8221;type&#8221;:&#8221;layout&#8221;,&#8221;updated_at&#8221;:&#8221;2022-07-21T08:27:20.732Z&#8221;,&#8221;version_id&#8221;:272},&#8221;path&#8221;:&#8221;\/stiri-interne\/societate\/peste-10-autocare-cu-turisti-au-ajuns-la-jurilovca-2554430.html&#8221;,&#8221;pathArray&#8221;:[&#8222;&#8221;,&#8221;stiri-interne&#8221;,&#8221;societate&#8221;,&#8221;peste-10-autocare-cu-turisti-au-ajuns-la-jurilovca-2554430.html&#8221;],&#8221;type&#8221;:&#8221;content&#8221;,&#8221;url&#8221;:&#8221;https:\/\/adevarul.ro\/stiri-interne\/societate\/peste-10-autocare-cu-turisti-au-ajuns-la-jurilovca-2554430.html&#8221;,&#8221;features&#8221;:{},&#8221;query&#8221;:{},&#8221;domain_config&#8221;:{&#8222;MISC&#8221;:{&#8222;logo&#8221;:{&#8222;width&#8221;:320,&#8221;height&#8221;:50}},&#8221;SYSTEM_TAGS&#8221;:[&#8222;noads&#8221;,&#8221;nocomments&#8221;,&#8221;sex&#8221;,&#8221;advert&#8221;,&#8221;advertorial&#8221;,&#8221;video&#8221;,&#8221;galerie&#8221;,&#8221;live&#8221;,&#8221;foto&#8221;,&#8221;exclusiv&#8221;,&#8221;analiza&#8221;,&#8221;interviu&#8221;,&#8221;reportaj&#8221;,&#8221;breaking news&#8221;],&#8221;default&#8221;:{&#8222;lang&#8221;:&#8221;ro&#8221;,&#8221;domain&#8221;:&#8221;adevarul.ro&#8221;,&#8221;alternateDomain&#8221;:&#8221;adevarul-ro.adh.reperio.news&#8221;,&#8221;friendlyName&#8221;:&#8221;Adev\u0103rul&#8221;,&#8221;logoURL&#8221;:&#8221;https:\/\/adevarul.ro\/favicon-144-precomposed.png&#8221;}},&#8221;client&#8221;:{&#8222;is_mobile&#8221;:false}}<\/p>\n","protected":false},"excerpt":{"rendered":"Localitatea Jurilovca s-a trezit \u00een acest weekend cu o avalan\u0219\u0103 de turi\u0219ti veni\u021bi pentru Festivalul Bor\u0219ului Lipovenesc, de\u0219i&hellip;\n","protected":false},"author":2,"featured_media":290041,"comment_status":"","ping_status":"","sticky":false,"template":"","format":"standard","meta":{"footnotes":"","_share_on_mastodon":"0"},"categories":[10],"tags":[79769,32,33,31,11023,79770,36,37,79768,27,12709,34,35,25,41,40,38,39,26,28,29,30,10905],"class_list":["post-290040","post","type-post","status-publish","format-standard","has-post-thumbnail","category-romania","tag-agentii-de-turism","tag-breaking-news","tag-breakingnews","tag-cele-mai-populare-subiecte","tag-chatgpt","tag-eugen-ion","tag-featured-news","tag-featurednews","tag-festivalul-borsului-lipovenesc","tag-headlines","tag-jurilovca","tag-latest-news","tag-latestnews","tag-news","tag-ro","tag-romana","tag-romania","tag-romanian","tag-stiri","tag-titluri","tag-top-stories","tag-topstories","tag-turism"],"share_on_mastodon":{"url":"https:\/\/pubeurope.com\/@ro\/117224390761163262","error":""},"_links":{"self":[{"href":"https:\/\/www.europesays.com\/ro\/wp-json\/wp\/v2\/posts\/290040","targetHints":{"allow":["GET"]}}],"collection":[{"href":"https:\/\/www.europesays.com\/ro\/wp-json\/wp\/v2\/posts"}],"about":[{"href":"https:\/\/www.europesays.com\/ro\/wp-json\/wp\/v2\/types\/post"}],"author":[{"embeddable":true,"href":"https:\/\/www.europesays.com\/ro\/wp-json\/wp\/v2\/users\/2"}],"replies":[{"embeddable":true,"href":"https:\/\/www.europesays.com\/ro\/wp-json\/wp\/v2\/comments?post=290040"}],"version-history":[{"count":0,"href":"https:\/\/www.europesays.com\/ro\/wp-json\/wp\/v2\/posts\/290040\/revisions"}],"wp:featuredmedia":[{"embeddable":true,"href":"https:\/\/www.europesays.com\/ro\/wp-json\/wp\/v2\/media\/290041"}],"wp:attachment":[{"href":"https:\/\/www.europesays.com\/ro\/wp-json\/wp\/v2\/media?parent=290040"}],"wp:term":[{"taxonomy":"category","embeddable":true,"href":"https:\/\/www.europesays.com\/ro\/wp-json\/wp\/v2\/categories?post=290040"},{"taxonomy":"post_tag","embeddable":true,"href":"https:\/\/www.europesays.com\/ro\/wp-json\/wp\/v2\/tags?post=290040"}],"curies":[{"name":"wp","href":"https:\/\/api.w.org\/{rel}","templated":true}]}}