{"id":290204,"date":"2026-09-06T16:15:16","date_gmt":"2026-09-06T16:15:16","guid":{"rendered":"https:\/\/www.europesays.com\/ro\/290204\/"},"modified":"2026-09-06T16:15:16","modified_gmt":"2026-09-06T16:15:16","slug":"dosarul-covid-ia-o-intorsatura-majora-fbi-extinde-investigatia-asupra-lui-anthony-fauci","status":"publish","type":"post","link":"https:\/\/www.europesays.com\/ro\/290204\/","title":{"rendered":"Dosarul COVID ia o \u00eentors\u0103tur\u0103 major\u0103. FBI extinde investiga\u021bia asupra lui Anthony Fauci"},"content":{"rendered":"<p>\t    <img loading=\"lazy\" decoding=\"async\" class=\"mg-x-auto\" width=\"30\" height=\"30\" src=\"https:\/\/www.europesays.com\/ro\/wp-content\/uploads\/2026\/09\/1788711316_710_google-g-w.png\" alt=\"\"\/>\t\t\t    <\/p>\n<p id=\"p-0\">Anchetatorii examineaz\u0103 e-mailuri, apeluri telefonice \u0219i \u00eenregistr\u0103ri de pl\u0103\u021bi pentru a determina dac\u0103 oficialii guvernamentali au \u00eencercat s\u0103 ascund\u0103 o posibil\u0103 scurgere dintr-un laborator de la Institutul de Virologie din Wuhan, potrivit <a href=\"https:\/\/www.independent.co.uk\/bulletin\/news\/trump-covid-dr-fauci-investigation-b3045508.html\" target=\"_blank\" rel=\"noopener nofollow\">The Independent<\/a>.<\/p>\n<p id=\"p-1\">Procurorii federali au citat \u00eenregistr\u0103ri legate de Fauci \u00een urma unei pledoarii de vinov\u0103\u021bie a fostului s\u0103u consilier, dr. David Morens, pentru ascunderea de \u00eenregistr\u0103ri federale.<\/p>\n<p>Audierea din Senat \u0219i invocarea celui de-al Cincilea Amendament<\/p>\n<p id=\"p-2\">\u00cen ciuda faptului c\u0103 a primit o gra\u021biere preventiv\u0103 de la Joe Biden \u00een ianuarie 2025, Fauci a invocat cel de-al Cincilea Amendament de peste 100 de ori \u00een timpul unei audieri \u00een Senat privind pandemia.<\/p>\n<p id=\"p-3\">Comisia pentru Securitate Intern\u0103 \u0219i Afaceri Guvernamentale a Senatului a votat ulterior, \u00een august, pentru a-l declara pe Fauci \u00een <a href=\"https:\/\/www.mediafax.ro\/stirile-zilei\/senatul-sua-a-votat-pentru-punerea-sub-acuzare-a-lui-anthony-fauci-pentru-sfidarea-congresului-dupa-ce-a-refuzat-sa-raspunda-la-intrebari-despre-pandemia-de-covid-19-23786173\" rel=\"nofollow noopener\" target=\"_blank\">sfidarea Congresului<\/a>, dup\u0103 ce acesta a refuzat s\u0103 r\u0103spund\u0103 la \u00eentreb\u0103ri.<\/p>\n","protected":false},"excerpt":{"rendered":"Anchetatorii examineaz\u0103 e-mailuri, apeluri telefonice \u0219i \u00eenregistr\u0103ri de pl\u0103\u021bi pentru a determina dac\u0103 oficialii guvernamentali au \u00eencercat s\u0103&hellip;\n","protected":false},"author":2,"featured_media":290205,"comment_status":"","ping_status":"","sticky":false,"template":"","format":"standard","meta":{"footnotes":"","_share_on_mastodon":"0"},"categories":[12],"tags":[1128,67459,32,33,31,16224,79818,2342,36,37,27,74,34,35,25,41,40,38,39,26,28,29,30,71,72,73],"class_list":["post-290204","post","type-post","status-publish","format-standard","has-post-thumbnail","category-international","tag-ancheta","tag-anthony-fauci","tag-breaking-news","tag-breakingnews","tag-cele-mai-populare-subiecte","tag-covid-19","tag-dosar-covid","tag-fbi","tag-featured-news","tag-featurednews","tag-headlines","tag-international","tag-latest-news","tag-latestnews","tag-news","tag-ro","tag-romana","tag-romania","tag-romanian","tag-stiri","tag-titluri","tag-top-stories","tag-topstories","tag-world","tag-world-news","tag-worldnews"],"share_on_mastodon":{"url":"https:\/\/pubeurope.com\/@ro\/117224992516256871","error":""},"_links":{"self":[{"href":"https:\/\/www.europesays.com\/ro\/wp-json\/wp\/v2\/posts\/290204","targetHints":{"allow":["GET"]}}],"collection":[{"href":"https:\/\/www.europesays.com\/ro\/wp-json\/wp\/v2\/posts"}],"about":[{"href":"https:\/\/www.europesays.com\/ro\/wp-json\/wp\/v2\/types\/post"}],"author":[{"embeddable":true,"href":"https:\/\/www.europesays.com\/ro\/wp-json\/wp\/v2\/users\/2"}],"replies":[{"embeddable":true,"href":"https:\/\/www.europesays.com\/ro\/wp-json\/wp\/v2\/comments?post=290204"}],"version-history":[{"count":0,"href":"https:\/\/www.europesays.com\/ro\/wp-json\/wp\/v2\/posts\/290204\/revisions"}],"wp:featuredmedia":[{"embeddable":true,"href":"https:\/\/www.europesays.com\/ro\/wp-json\/wp\/v2\/media\/290205"}],"wp:attachment":[{"href":"https:\/\/www.europesays.com\/ro\/wp-json\/wp\/v2\/media?parent=290204"}],"wp:term":[{"taxonomy":"category","embeddable":true,"href":"https:\/\/www.europesays.com\/ro\/wp-json\/wp\/v2\/categories?post=290204"},{"taxonomy":"post_tag","embeddable":true,"href":"https:\/\/www.europesays.com\/ro\/wp-json\/wp\/v2\/tags?post=290204"}],"curies":[{"name":"wp","href":"https:\/\/api.w.org\/{rel}","templated":true}]}}