{"id":29914,"date":"2025-10-28T12:12:12","date_gmt":"2025-10-28T12:12:12","guid":{"rendered":"https:\/\/www.europesays.com\/ro\/29914\/"},"modified":"2025-10-28T12:12:12","modified_gmt":"2025-10-28T12:12:12","slug":"profesoara-de-biologie-din-iasi-vedeta-de-videochat-si-a-dat-demisia-contractul-de-munca-a-incetat-oficial","status":"publish","type":"post","link":"https:\/\/www.europesays.com\/ro\/29914\/","title":{"rendered":"Profesoara de biologie din Ia\u0219i, vedet\u0103 de videochat, \u0219i-a dat demisia. Contractul de munc\u0103 a \u00eencetat oficial"},"content":{"rendered":"<p>T\u00e2n\u0103ra profesoar\u0103 de biologie din jude\u021bul Ia\u0219i, care a fost descoperit\u0103 \u00een ipostaze indecente pe un site de videochat, \u0219i-a dat demisia. Dup\u0103 ce imaginile au ajuns \u00een \u0219coal\u0103 \u0219i au fost distribuite de elevi, cadrul didactic a decis s\u0103 \u00eencheie colaborarea cu unitatea de \u00eenv\u0103\u021b\u0103m\u00e2nt.<\/p>\n<p>\t\t\t<img fetchpriority=\"high\" decoding=\"async\" src=\"https:\/\/www.europesays.com\/ro\/wp-content\/uploads\/2025\/10\/1761653532_248_index.webp\" alt=\"Profesoara de biologie aflat\u0103 \u00een centrul scandalului FOTO: BZI\" width=\"1400\" height=\"750\" loading=\"eager\" class=\"svelte-h45upf\"\/><\/p>\n<p>Profesoara de biologie aflat\u0103 \u00een centrul scandalului FOTO: BZI<\/p>\n<p>Demisia a fost semnat\u0103 vineri, iar luni contractul de munc\u0103 a \u00eencetat oficial.<\/p>\n<p>\u201e\u00cen urma discu\u021biilor purtate \u00eentre conducerea \u0219colii \u0219i doamna profesoar\u0103 Claudia Covaciu, aceasta a semnat demisia vineri (24 octombrie). Luni (27 octombrie) s-a \u00eencheiat oficial contractul de munc\u0103\u201d, a declarat Andrada B\u0103lteanu, purt\u0103tor de cuv\u00e2nt la Liceul Teoretic \u201eLasc\u0103r Rosetti\u201d R\u0103duc\u0103neni, potrivit\u00a0<a href=\"https:\/\/www.bzi.ro\/profesoara-de-biologie-din-iasi-care-a-fost-gasita-de-elevi-pe-site-uri-pentru-adulti-a-plecat-din-scoala-postul-ramane-liber-5385617\" rel=\"nofollow noopener\" target=\"_blank\">bzi.ro.<\/a><\/p>\n<p>Claudia Covaciu, profesoar\u0103 \u00een v\u00e2rst\u0103 de 24 de ani, originar\u0103 din Arad \u0219i absolvent\u0103 a Facult\u0103\u021bii de Biologie din cadrul Universit\u0103\u021bii \u201eAlexandru Ioan Cuza\u201d din Ia\u0219i, preda biologia de aproximativ trei ani at\u00e2t la clasele de gimnaziu, c\u00e2t \u0219i la cele de liceu. Ea a ob\u021binut nota 9,73 la examenul de titularizare \u0219i a fost repartizat\u0103 pe post la liceul din R\u0103duc\u0103neni.<\/p>\n<p>\u201eDe acum, postul r\u0103m\u00e2ne gol, iar p\u00e2n\u0103 elevii vor \u00eencepe \u0219coala sper\u0103m s\u0103 g\u0103sim un profesor calificat pentru a preda. Cel mai probabil, Inspectoratul \u0218colar Ia\u0219i va organiza un concurs pentru ocuparea postului\u201d, a mai precizat Andrada B\u0103ltean.<\/p>\n<p><a href=\"https:\/\/adevarul.ro\/stiri-locale\/iasi\/profesoara-de-biologie-din-iasi-surprinsa-de-2482031.html\" rel=\"nofollow noopener\" target=\"_blank\">Scandalul a izbucnit dup\u0103 ce elevii au descoperit pe un site de videochat imagini \u0219i videoclipuri explicite<\/a>\u00a0cu t\u00e2n\u0103ra profesoar\u0103. Pe profilul creat, ea oferea detalii intime despre experien\u021ba sa sexual\u0103. Capturile video au circulat rapid \u00eentre elevi \u0219i au ajuns \u00een aten\u021bia p\u0103rin\u021bilor, care au cerut interven\u021bia \u0219colii \u0219i a autorit\u0103\u021bilor.<\/p>\n<p>Conducerea liceului a confirmat incidentul \u0219i a transmis c\u0103 a demarat verific\u0103ri oficiale. Situa\u021bia a atras numeroase reac\u021bii din partea comunit\u0103\u021bii locale.<\/p>\n<p>Dup\u0103 discu\u021biile cu cei din conducerea \u0219colii, profesoara a decis s\u0103 \u00ee\u0219i prezinte demisia. Inspectoratul \u0218colar Jude\u021bean Ia\u0219i a anun\u021bat c\u0103, \u00een aceste condi\u021bii, ancheta deschis\u0103 ini\u021bial nu va mai continua.<\/p>\n","protected":false},"excerpt":{"rendered":"T\u00e2n\u0103ra profesoar\u0103 de biologie din jude\u021bul Ia\u0219i, care a fost descoperit\u0103 \u00een ipostaze indecente pe un site de&hellip;\n","protected":false},"author":2,"featured_media":29915,"comment_status":"","ping_status":"","sticky":false,"template":"","format":"standard","meta":{"footnotes":"","_share_on_mastodon":"0"},"categories":[10],"tags":[32,33,31,858,36,37,27,34,35,13319,25,13318,41,40,38,39,26,28,29,30,12504],"class_list":["post-29914","post","type-post","status-publish","format-standard","has-post-thumbnail","category-romania","tag-breaking-news","tag-breakingnews","tag-cele-mai-populare-subiecte","tag-demisie","tag-featured-news","tag-featurednews","tag-headlines","tag-latest-news","tag-latestnews","tag-liceul-teoretic-lascar-rosetti-raducaneni","tag-news","tag-profesoara-de-biologie-iasi","tag-ro","tag-romana","tag-romania","tag-romanian","tag-stiri","tag-titluri","tag-top-stories","tag-topstories","tag-videochat"],"share_on_mastodon":{"url":"https:\/\/pubeurope.com\/@ro\/115451733268419197","error":""},"_links":{"self":[{"href":"https:\/\/www.europesays.com\/ro\/wp-json\/wp\/v2\/posts\/29914","targetHints":{"allow":["GET"]}}],"collection":[{"href":"https:\/\/www.europesays.com\/ro\/wp-json\/wp\/v2\/posts"}],"about":[{"href":"https:\/\/www.europesays.com\/ro\/wp-json\/wp\/v2\/types\/post"}],"author":[{"embeddable":true,"href":"https:\/\/www.europesays.com\/ro\/wp-json\/wp\/v2\/users\/2"}],"replies":[{"embeddable":true,"href":"https:\/\/www.europesays.com\/ro\/wp-json\/wp\/v2\/comments?post=29914"}],"version-history":[{"count":0,"href":"https:\/\/www.europesays.com\/ro\/wp-json\/wp\/v2\/posts\/29914\/revisions"}],"wp:featuredmedia":[{"embeddable":true,"href":"https:\/\/www.europesays.com\/ro\/wp-json\/wp\/v2\/media\/29915"}],"wp:attachment":[{"href":"https:\/\/www.europesays.com\/ro\/wp-json\/wp\/v2\/media?parent=29914"}],"wp:term":[{"taxonomy":"category","embeddable":true,"href":"https:\/\/www.europesays.com\/ro\/wp-json\/wp\/v2\/categories?post=29914"},{"taxonomy":"post_tag","embeddable":true,"href":"https:\/\/www.europesays.com\/ro\/wp-json\/wp\/v2\/tags?post=29914"}],"curies":[{"name":"wp","href":"https:\/\/api.w.org\/{rel}","templated":true}]}}