{"id":30105,"date":"2025-10-28T15:42:09","date_gmt":"2025-10-28T15:42:09","guid":{"rendered":"https:\/\/www.europesays.com\/ro\/30105\/"},"modified":"2025-10-28T15:42:09","modified_gmt":"2025-10-28T15:42:09","slug":"o-profesoara-de-biologie-din-iasi-si-a-dat-demisia-dupa-ce-elevii-au-descoperit-fotografii-indecente-cu-ea-pe-un-site-de-videochat","status":"publish","type":"post","link":"https:\/\/www.europesays.com\/ro\/30105\/","title":{"rendered":"O profesoar\u0103 de biologie din Ia\u0219i \u015fi-a dat demisia, dup\u0103 ce elevii au descoperit fotografii indecente cu ea pe un site de videochat"},"content":{"rendered":"<p>\t\t<img width=\"768\" height=\"510\" src=\"https:\/\/www.europesays.com\/ro\/wp-content\/uploads\/2025\/10\/profimedia-0339702782-768x510.jpg\" class=\"attachment-post-meta size-post-meta wp-post-image no-lazy wp-post-image\" alt=\"Videochat\" decoding=\"auto\" fetchpriority=\"high\"  \/>Credit line: Bildagentur-online\/McPhoto-Richter \/ Alamy \/ Profimedia<\/p>\n<p>\n\t\t\t\t\t\tDimensiune text<\/p>\n<p>\t\t\t\t\t\t\tMic\u0103<br \/>\n\t\t\t\t\t\t\tNormal\u0103<br \/>\n\t\t\t\t\t\t\tMare<\/p>\n<p>O profesoar\u0103 de biologie, \u00een v\u00e2rst\u0103 de 24 de ani, de la un liceu din jude\u0163ul Ia\u015fi \u015fi-a dat demisia, dup\u0103 ce elevii au descoperit c\u0103 t\u00e2n\u0103ra a ap\u0103rut \u00een ipostaze indecente pe un site de videochat, transmite News.ro.<\/p>\n<p>Urm\u0103re\u0219te cele mai noi produc\u021bii video G4Media<br \/>\n&#8211; articolul continu\u0103 mai jos &#8211;<\/p>\n<p>T\u00e2n\u0103ra se angajase \u00een urm\u0103 cu trei ani ca profesoar\u0103 la Liceul Teoretic \u201dLasc\u0103r Rosetti\u201d din localitatea ie\u015fean\u0103 R\u0103duc\u0103neni, iar elevii au descoperit recent c\u0103 apare \u00een ipostaze indecente pe un site de videochat. La profilul creat pe site-ul respectiv, t\u00e2n\u0103ra oferea informa\u0163ii explicite privind experien\u0163a sa sexual\u0103.<\/p>\n<p>P\u0103rin\u0163ii copiilor au sesizat conducerea \u015fcolii, cer\u00e2nd ca profesoara s\u0103 nu mai predea la unitatea respectiv\u0103. Ea avea cursuri la disciplina biologie, at\u00e2t la clasele de gimnaziu, c\u00e2t \u015fi la cele de liceu.<\/p>\n<p>Conducerea \u015fcolii a discutat cu profesoara de biologie, iar aceasta a decis s\u0103 \u00ee\u015fi dea demisia. Reprezentan\u0163ii Inspectoratului \u015ecolar Ia\u015fi au precizat c\u0103 ancheta demarat\u0103 \u00een acest caz nu-\u015fi mai are rostul \u00een aceste condi\u0163ii.<\/p>\n<p>Profesoara, originar\u0103 din jude\u0163ul Arad, a ob\u0163inut peste 9.50 la examenul de titularizare \u015fi fusese repartizat\u0103 la liceul din localitatea R\u0103duc\u0103neni.<\/p>\n","protected":false},"excerpt":{"rendered":"Credit line: Bildagentur-online\/McPhoto-Richter \/ Alamy \/ Profimedia Dimensiune text Mic\u0103 Normal\u0103 Mare O profesoar\u0103 de biologie, \u00een v\u00e2rst\u0103&hellip;\n","protected":false},"author":2,"featured_media":30106,"comment_status":"","ping_status":"","sticky":false,"template":"","format":"standard","meta":{"footnotes":"","_share_on_mastodon":"0"},"categories":[10],"tags":[13390,32,33,31,858,36,37,27,2400,34,35,25,12469,41,40,38,39,26,28,29,30,12504],"class_list":["post-30105","post","type-post","status-publish","format-standard","has-post-thumbnail","category-romania","tag-biologie","tag-breaking-news","tag-breakingnews","tag-cele-mai-populare-subiecte","tag-demisie","tag-featured-news","tag-featurednews","tag-headlines","tag-iasi","tag-latest-news","tag-latestnews","tag-news","tag-profesoara","tag-ro","tag-romana","tag-romania","tag-romanian","tag-stiri","tag-titluri","tag-top-stories","tag-topstories","tag-videochat"],"share_on_mastodon":{"url":"https:\/\/pubeurope.com\/@ro\/115452558966678409","error":""},"_links":{"self":[{"href":"https:\/\/www.europesays.com\/ro\/wp-json\/wp\/v2\/posts\/30105","targetHints":{"allow":["GET"]}}],"collection":[{"href":"https:\/\/www.europesays.com\/ro\/wp-json\/wp\/v2\/posts"}],"about":[{"href":"https:\/\/www.europesays.com\/ro\/wp-json\/wp\/v2\/types\/post"}],"author":[{"embeddable":true,"href":"https:\/\/www.europesays.com\/ro\/wp-json\/wp\/v2\/users\/2"}],"replies":[{"embeddable":true,"href":"https:\/\/www.europesays.com\/ro\/wp-json\/wp\/v2\/comments?post=30105"}],"version-history":[{"count":0,"href":"https:\/\/www.europesays.com\/ro\/wp-json\/wp\/v2\/posts\/30105\/revisions"}],"wp:featuredmedia":[{"embeddable":true,"href":"https:\/\/www.europesays.com\/ro\/wp-json\/wp\/v2\/media\/30106"}],"wp:attachment":[{"href":"https:\/\/www.europesays.com\/ro\/wp-json\/wp\/v2\/media?parent=30105"}],"wp:term":[{"taxonomy":"category","embeddable":true,"href":"https:\/\/www.europesays.com\/ro\/wp-json\/wp\/v2\/categories?post=30105"},{"taxonomy":"post_tag","embeddable":true,"href":"https:\/\/www.europesays.com\/ro\/wp-json\/wp\/v2\/tags?post=30105"}],"curies":[{"name":"wp","href":"https:\/\/api.w.org\/{rel}","templated":true}]}}