{"id":35179,"date":"2025-11-03T23:21:07","date_gmt":"2025-11-03T23:21:07","guid":{"rendered":"https:\/\/www.europesays.com\/ro\/35179\/"},"modified":"2025-11-03T23:21:07","modified_gmt":"2025-11-03T23:21:07","slug":"tragedie-in-serbia-antrenorul-celor-de-la-radnicki-s-a-prabusit-la-marginea-terenului-in-meciul-cu-mladost-si-a-murit-in-drum-spre-spital-jucatorii-in-lacrimi-pe-teren","status":"publish","type":"post","link":"https:\/\/www.europesays.com\/ro\/35179\/","title":{"rendered":"Tragedie \u00een Serbia! Antrenorul celor de la Radnicki s-a pr\u0103bu\u0219it la marginea terenului \u00een meciul cu Mladost \u0219i a murit \u00een drum spre spital \u00bb Juc\u0103torii, \u00een lacrimi pe teren"},"content":{"rendered":"<ul class=\"bullets\">&#13;<\/p>\n<li>Mladen Zizovic, antrenorul s\u00e2rbilor de la Radnicki, a murit la v\u00e2rsta de 44 de ani.<\/li>\n<p>&#13;<br \/>\n&#13;<\/p>\n<li>Tehnicianul s-a pr\u0103bu\u0219it la marginea terenului \u00een minutul 22 al meciului \u0219i a decedat \u00een drum spre spital.<\/li>\n<p>&#13;\n<\/ul>\n<p class=\"\">Mladost \u0219i Radnicki s-au \u00eent\u00e2lnit \u00een etapa #14 a campionatului din Serbia, \u00eens\u0103 partida a fost marcat\u0103 de un eveniment \u00eengrozitor.<\/p>\n<p>Mladen Zizovic, antrenorul lui Radnicki, a decedat la 44 de ani<\/p>\n<p class=\"\">Numit \u00een func\u021bie recent, pe 23 octombrie, Zizovic a reu\u0219it s\u0103 antreneze Radnicki doar pentru 3 partide.<\/p>\n<p class=\"\">Luni, \u00een deplasarea de la Mladost, acesta s-a pr\u0103bu\u0219it pe margine, \u00een fa\u021ba b\u0103ncii, \u00een minutul 22 al partidei. Medicii afla\u021bi la fa\u021ba locului i-au s\u0103rit \u00een ajutor, a fost preluat de ambulan\u021b\u0103, \u00eens\u0103 nu s-a mai putut face nimic pentru a-i salva via\u021ba.<\/p>\n<p class=\"\">Tehnicianul s-a stins c\u00e2teva minute mai t\u00e2rziu, \u00een drum spre spital, potrivit <a href=\"https:\/\/sportal.blic.rs\/prica\/ko-je-bio-mladen-zizovic-trener-radnickog-koji-je-umro-na-utakmici-2025110319061254626\" target=\"_blank\" rel=\"noreferrer noopener nofollow\">sportal.blic.rs<\/a>.<\/p>\n<p class=\"\">Meciul a mai continuat timp de c\u00e2teva minute, dar a fost oprit spre finalul primei reprize, c\u00e2nd tragica veste a ajuns \u0219i la stadion, iar juc\u0103torii celor dou\u0103 echipe au izbucnit \u00een lacrimi pe teren.<\/p>\n<p class=\"\">Aten\u021bie, imagini care v\u0103 pot afecta emo\u021bional!<\/p>\n<p>A f\u0103cut performan\u021b\u0103 cu Borac Banja Luka<\/p>\n<p class=\"\">Anterior, Zizovic antrenase \u00een Bosnia, la Borac Banja Luka, pentru 60 de partide.<\/p>\n<p class=\"\">La Borac a ob\u021binut c\u00e2teva rezultate istorice, prima victorie \u00een Europa a venit \u00eempotriva lui Egnatia, \u00een preliminariile Ligii Campionilor, \u0219i a ajuns \u00een faza grupelor Conference League, unde a \u00eenvins LASK Linz. <\/p>\n<p class=\"\">Borac a terminat pe 20 \u0219i a eliminat apoi Olimpija Ljubljana, iar \u00een optimile de final\u0103 a fost oprit\u0103 de Rapid Viena dup\u0103 prelungiri, 2-3. <\/p>\n<p>Cite\u0219te \u0219i<\/p>\n<p>VIDEO: cele mai noi imagini din sport<\/p>\n","protected":false},"excerpt":{"rendered":"&#13; Mladen Zizovic, antrenorul s\u00e2rbilor de la Radnicki, a murit la v\u00e2rsta de 44 de ani. &#13; &#13;&hellip;\n","protected":false},"author":2,"featured_media":35180,"comment_status":"","ping_status":"","sticky":false,"template":"","format":"standard","meta":{"footnotes":"","_share_on_mastodon":"0"},"categories":[5],"tags":[32,33,31,14976,36,37,27,34,35,14975,14977,25,14978,41,40,38,39,26,28,29,30,1816],"class_list":["post-35179","post","type-post","status-publish","format-standard","has-post-thumbnail","category-titluri","tag-breaking-news","tag-breakingnews","tag-cele-mai-populare-subiecte","tag-dece","tag-featured-news","tag-featurednews","tag-headlines","tag-latest-news","tag-latestnews","tag-mladen-zizovic","tag-mladost","tag-news","tag-radnicki","tag-ro","tag-romana","tag-romania","tag-romanian","tag-stiri","tag-titluri","tag-top-stories","tag-topstories","tag-tragedie"],"share_on_mastodon":{"url":"https:\/\/pubeurope.com\/@ro\/115488337612000331","error":""},"_links":{"self":[{"href":"https:\/\/www.europesays.com\/ro\/wp-json\/wp\/v2\/posts\/35179","targetHints":{"allow":["GET"]}}],"collection":[{"href":"https:\/\/www.europesays.com\/ro\/wp-json\/wp\/v2\/posts"}],"about":[{"href":"https:\/\/www.europesays.com\/ro\/wp-json\/wp\/v2\/types\/post"}],"author":[{"embeddable":true,"href":"https:\/\/www.europesays.com\/ro\/wp-json\/wp\/v2\/users\/2"}],"replies":[{"embeddable":true,"href":"https:\/\/www.europesays.com\/ro\/wp-json\/wp\/v2\/comments?post=35179"}],"version-history":[{"count":0,"href":"https:\/\/www.europesays.com\/ro\/wp-json\/wp\/v2\/posts\/35179\/revisions"}],"wp:featuredmedia":[{"embeddable":true,"href":"https:\/\/www.europesays.com\/ro\/wp-json\/wp\/v2\/media\/35180"}],"wp:attachment":[{"href":"https:\/\/www.europesays.com\/ro\/wp-json\/wp\/v2\/media?parent=35179"}],"wp:term":[{"taxonomy":"category","embeddable":true,"href":"https:\/\/www.europesays.com\/ro\/wp-json\/wp\/v2\/categories?post=35179"},{"taxonomy":"post_tag","embeddable":true,"href":"https:\/\/www.europesays.com\/ro\/wp-json\/wp\/v2\/tags?post=35179"}],"curies":[{"name":"wp","href":"https:\/\/api.w.org\/{rel}","templated":true}]}}