{"id":36269,"date":"2025-11-05T09:25:09","date_gmt":"2025-11-05T09:25:09","guid":{"rendered":"https:\/\/www.europesays.com\/ro\/36269\/"},"modified":"2025-11-05T09:25:09","modified_gmt":"2025-11-05T09:25:09","slug":"superluna-castorului-cea-mai-mare-si-mai-stralucitoare-luna-din-acest-an-o-vom-vedea-pe-5-noiembrie","status":"publish","type":"post","link":"https:\/\/www.europesays.com\/ro\/36269\/","title":{"rendered":",,Superluna Castorului&#8221;, cea mai mare \u0219i mai str\u0103lucitoare lun\u0103 din acest an. O vom vedea pe 5 noiembrie"},"content":{"rendered":"<p>Pe 5 noiembrie, dac\u0103 ne ridic\u0103m privirea spre cer noaptea, vom vedea o lun\u0103 mai plin\u0103 \u0219i mai str\u0103lucitoare dec\u00e2t \u00een mod obi\u0219nuit. Este denumit\u0103 ,,Superluna castorului&#8221; \u0219i are leg\u0103tur\u0103 cu tradi\u021biile amerindiene. Triburile native americane d\u0103deau fiec\u0103rui luni c\u00e2te o denumire, \u00een func\u021bie de activit\u0103\u021bile naturii din acel sezon.\u00a0\u00a0<\/p>\n<p>\t\t\t<img fetchpriority=\"high\" decoding=\"async\" src=\"https:\/\/www.europesays.com\/ro\/wp-content\/uploads\/2025\/11\/1762334708_386_index.jpeg\" alt=\"FOTO Live Science\" width=\"1400\" height=\"750\" loading=\"eager\" class=\"svelte-h45upf\"\/><\/p>\n<p>FOTO Live Science<\/p>\n<p>\t\t\tCe este o ,,superlun\u0103&#8221;<\/p>\n<p>,,De c\u00e2teva ori pe an, luna apare mai mare \u0219i mai str\u0103lucitoare pe cer dec\u00e2t de obicei &#8211; e ceea ce numim o superlun\u0103. Fenomenul are loc atunci c\u00e2nd se \u00eendeplinesc dou\u0103 lucruri: avem lun\u0103 plin\u0103, ceea ce se \u00eent\u00e2mpl\u0103 cam o dat\u0103 pe lun\u0103; luna se afl\u0103 la perigeu sau aproape de acesta, punctul cel mai apropiat \u00een orbita sa fa\u021b\u0103 de P\u0103m\u00e2nt &#8211; asta pentru c\u0103 orbita lunii din jurul P\u0103m\u00e2ntului descrie de fapt o eclips\u0103&#8221;, explic\u0103 pentru \u201eAdev\u0103rul\u201d Dani Petrache, o t\u00e2n\u0103r\u0103 care creeaz\u0103 con\u021binut de popularizare a \u0218tiin\u021bei.\u00a0<\/p>\n<p>O superlun\u0103 poate fi cu p\u00e2n\u0103 la 14% mai mare dec\u00e2t o lun\u0103 plin\u0103 obi\u0219nuit\u0103 \u0219i cu 30% mai str\u0103lucitoare.<\/p>\n<p>\t\t\tCe este ,,Superluna Castorului&#8221;<\/p>\n<p>,,Superluna castorului&#8221; va fi cea mai mare \u0219i mai str\u0103lucitoare lun\u0103 din acest an.<\/p>\n<p>\u00cen plus, se va afla la o distan\u021b\u0103 de P\u0103m\u00e2nt de aproximativ 356.980 kilomeri de P\u0103m\u00e2nt. Iar asta o face cea mai apropiat\u0103 lun\u0103 plin\u0103 de planet\u0103 din februarie 2019 \u00eencoace, scrie <a href=\"https:\/\/www.livescience.com\/space\/the-moon\/beaver-supermoon-the-biggest-brightest-full-moon-of-the-year-is-about-to-rise\" rel=\"nofollow noopener\" target=\"_blank\">Live Science<\/a>.\u00a0<\/p>\n<p>Denumirea vine din tradi\u021bia amerindian\u0103. Noiembrie este luna \u00een care castoriii nocturni din nord-estul Statelor Unite \u0219i din Canada \u00ee\u0219i construiesc barajele de iarn\u0103, la lumina lunii pline. Totodat\u0103, \u00een aceast\u0103 ultim\u0103 lun\u0103 de toamn\u0103, v\u00e2n\u0103torii puneau capcane pentru castori, s\u0103 le foloseasc\u0103 blana.<\/p>\n<p> Simbolic, aceast\u0103 ,,superlun\u0103&#8221;\u00a0 marcheaz\u0103 \u00eencheierea toamnei \u0219i preg\u0103tirea pentru iarn\u0103.\u00a0<\/p>\n<p>\t\t\t<img decoding=\"async\" src=\"https:\/\/www.europesays.com\/ro\/wp-content\/uploads\/2025\/11\/1762334709_986_index.webp\" alt=\",,Superluna castorului&quot; din 2024 FOTO Gary Hershorn\/Getty Images\" width=\"1400\" height=\"750\" loading=\"lazy\" class=\"svelte-h45upf\"\/><\/p>\n<p>,,Superluna castorului&#8221; din 2024 FOTO Gary Hershorn\/Getty Images<\/p>\n<p>\t\t\tC\u00e2nd va putea fi v\u0103zut\u0103 \u00een Rom\u00e2nia<\/p>\n<p>,,Superluna Castorului&#8221; va putea fi v\u0103zut\u0103 \u00een noaptea de 5 spre 6 noiembrie. Nu este nevoie de echipament special \u0219i poate fi observat\u0103 cu ochiul liber, pe tot parcursul nop\u021bii. Cea mai bun\u0103 perioad\u0103 este dup\u0103 apusul Soarelui,\u00a0c\u00e2nd Luna apare la orizont \u0219i poate p\u0103rea chiar mai mare \u0219i mai portocalie.\u00a0<\/p>\n<p>Dac\u0103 v\u0103 dori\u021bi fotografii spectaculoase,\u00a0 cel mai bine este s\u0103 o fotografia\u021bi aproape de\u00a0 orizont, pentru a crea efectul de Lun\u0103 uria\u0219\u0103.<\/p>\n<p>,,Superluna castorului&#8221; este a doua superlun\u0103 din acest an \u0219i va mai fi urmat\u0103 de \u00eenc\u0103 una, supranumit\u0103 ,,Superluna Rece&#8221;, care se va vedea pe 4 decembrie.\u00a0<\/p>\n","protected":false},"excerpt":{"rendered":"Pe 5 noiembrie, dac\u0103 ne ridic\u0103m privirea spre cer noaptea, vom vedea o lun\u0103 mai plin\u0103 \u0219i mai&hellip;\n","protected":false},"author":2,"featured_media":36270,"comment_status":"","ping_status":"","sticky":false,"template":"","format":"standard","meta":{"footnotes":"","_share_on_mastodon":"0"},"categories":[5],"tags":[32,33,31,36,37,15329,27,34,35,25,41,40,38,39,26,15330,15328,28,29,30],"class_list":["post-36269","post","type-post","status-publish","format-standard","has-post-thumbnail","category-titluri","tag-breaking-news","tag-breakingnews","tag-cele-mai-populare-subiecte","tag-featured-news","tag-featurednews","tag-fenomene-astronomice","tag-headlines","tag-latest-news","tag-latestnews","tag-news","tag-ro","tag-romana","tag-romania","tag-romanian","tag-stiri","tag-superluna","tag-superluna-castorului","tag-titluri","tag-top-stories","tag-topstories"],"share_on_mastodon":{"url":"https:\/\/pubeurope.com\/@ro\/115496375008824837","error":""},"_links":{"self":[{"href":"https:\/\/www.europesays.com\/ro\/wp-json\/wp\/v2\/posts\/36269","targetHints":{"allow":["GET"]}}],"collection":[{"href":"https:\/\/www.europesays.com\/ro\/wp-json\/wp\/v2\/posts"}],"about":[{"href":"https:\/\/www.europesays.com\/ro\/wp-json\/wp\/v2\/types\/post"}],"author":[{"embeddable":true,"href":"https:\/\/www.europesays.com\/ro\/wp-json\/wp\/v2\/users\/2"}],"replies":[{"embeddable":true,"href":"https:\/\/www.europesays.com\/ro\/wp-json\/wp\/v2\/comments?post=36269"}],"version-history":[{"count":0,"href":"https:\/\/www.europesays.com\/ro\/wp-json\/wp\/v2\/posts\/36269\/revisions"}],"wp:featuredmedia":[{"embeddable":true,"href":"https:\/\/www.europesays.com\/ro\/wp-json\/wp\/v2\/media\/36270"}],"wp:attachment":[{"href":"https:\/\/www.europesays.com\/ro\/wp-json\/wp\/v2\/media?parent=36269"}],"wp:term":[{"taxonomy":"category","embeddable":true,"href":"https:\/\/www.europesays.com\/ro\/wp-json\/wp\/v2\/categories?post=36269"},{"taxonomy":"post_tag","embeddable":true,"href":"https:\/\/www.europesays.com\/ro\/wp-json\/wp\/v2\/tags?post=36269"}],"curies":[{"name":"wp","href":"https:\/\/api.w.org\/{rel}","templated":true}]}}