{"id":36768,"date":"2025-11-05T23:39:07","date_gmt":"2025-11-05T23:39:07","guid":{"rendered":"https:\/\/www.europesays.com\/ro\/36768\/"},"modified":"2025-11-05T23:39:07","modified_gmt":"2025-11-05T23:39:07","slug":"cristi-chivu-continua-parcursul-perfect-in-champions-league-inter-a-trecut-si-de-kairat-de-acum-incepe-greul-clasamentul-gsp","status":"publish","type":"post","link":"https:\/\/www.europesays.com\/ro\/36768\/","title":{"rendered":"Cristi Chivu continu\u0103 parcursul perfect \u00een Champions League \u00bb Inter a trecut \u0219i de Kairat, de acum \u00eencepe greul + clasamentul &#8211; GSP"},"content":{"rendered":"<ol>\n<li><a href=\"https:\/\/news.google.com\/rss\/articles\/CBMitgFBVV95cUxPeFUwcXViZFJmd29yQjROMF82WTFqcjZOS1VCcWxKVmJDdHNjZEl4X0lNWHNyTjVUaGhVRU5RUTUtYk9UZGdhdUM5MjRpdDd0RzlDRHVSUlVYZWloX0duVHZSbW5qd2dDeFR1Y3B4Q1Iwc2hRT1pYcWk0THVNRlBURE85LUZXRmlrTENzdEhRMlRtbHZOWFRFT2RWa2pTWWNKTWwxUWwyV2wzOVFrNTM2QnNBWXBwQQ?oc=5\" target=\"_blank\" rel=\"nofollow noopener\">Cristi Chivu continu\u0103 parcursul perfect \u00een Champions League \u00bb Inter a trecut \u0219i de Kairat, de acum \u00eencepe greul + clasamentul<\/a>&nbsp;&nbsp;GSP<\/li>\n<li><a href=\"https:\/\/news.google.com\/rss\/articles\/CBMivwFBVV95cUxQenhrUFNJN2dfWFI3cnFvSzB5djFQRThqQjRlX3QxdnNNWEg4ZVdJV284ZDVSOWFzTUxjS0FCRVBua1dqY2sxQnJJdlZsOGduZmk3TUZ6a19Cb2c1cFFmMjIwMUU0RjlpVUNkbUR2ZFBfMy1OMzhHOHZUekh2cWRNakZPbGlicVlzcHRXTHZEWWpJeG5rS2VwZnlZTloyamZacUZxMkwxZ0NtX1FTNHhRV0U4bHJ5Tm8xdkM2eWM4VdIBygFBVV95cUxQZDhIbXpHX1FETUFEM05Td0NONldRZUZjMXVpR2NGaFpGdmNMZDZhaXNSR3JpMEFKVnpqRGFIblNkdkNBekh4ZjFWZVpneHI1NUxsenJlZGp1dGxCZlJKUzhwS3IzRGk2Z2hOZVA0UXY5VEVzNHpPQm5NRWQ0c1NNLXo4RTQ4X29qTnd3MHQxWEtrbVZfbU9FQjhfSWxOcXU4ajk2bDljLTJnT3daRC1ZbXBvdWpKZVV6VDdDWl9wNUxpOFh5bF9PQ0xn?oc=5\" target=\"_blank\" rel=\"nofollow noopener\">Inter &#8211; Kairat 2-1. 4\/4 pentru Cristi Chivu \u00een UEFA Champions League<\/a>&nbsp;&nbsp;Digi Sport<\/li>\n<li><a href=\"https:\/\/news.google.com\/rss\/articles\/CBMixwFBVV95cUxPUHBqUmQ3UElYVmlBUzRWT1VGcmtLMFprbm53Y0o2UW5yeFNWZnVNeDBrUzJOM3RiMTl1MGg0RnRnUnBYbzdualdZV09PZUVCNzVTYmQwS0V0OUdlVVlBdE5uQ1ZDcjg5QzhkYno1Z3VGR0Ntcms4N3QtWktzcHNhUGl0clZPSERQYmt4WXV6b3VNcU1EY3pydkY2bkhGTnJjQkRJamZIZm1SZGhzejRLX0lTUjlwaVJuRGhWNEJwTjBUM3JTVkpv?oc=5\" target=\"_blank\" rel=\"nofollow noopener\">Fotbal: Liga Campionilor &#8211; Marcus Thuram a revenit \u00een lotul lui Inter Milano<\/a>&nbsp;&nbsp;Agerpres<\/li>\n<li><a href=\"https:\/\/news.google.com\/rss\/articles\/CBMi0AFBVV95cUxNdEZ4N2tYb1ZYcjJxMHJlZHYwNkM4Q2RxLWNjbjVwQUJYMmJNUUNCQy0tS1FDakJKN0xub3Zhc0ZiQWVZa1FEanl2Wnh1N3hORm84TXFZWml4d0pEZS1Xc3R0blVJcXVOdGRoNFZpUWRRd2NhMEZmSkJYeEVOQnNJZWdxRXNjbG5tNGlYSVE3MkVBaGZGcW5sd2xIemlvODk5SnlpOTBMOFhKYWNRano5c3FvcHZCTmpmMUd3Y1gybVNFWE5GWUhwNFhOcVJTdmsz0gFIQVVfeXFMT0VNUF9RTERPR0xyY0FUUzdJZS05WENaV0VFUWg5bzVhalNHcUdqTmxucDl3eUFhVk5QeHZPWVJwMm1BRmdsVUxi?oc=5\" target=\"_blank\" rel=\"nofollow noopener\">Promisiune \u0219ocant\u0103 f\u0103cut\u0103 dup\u0103 10 ore de zbor p\u00e2n\u0103 la Milano: \u201eM\u0103 g\u00e2ndesc la o nebunie dac-o batem pe Inter\u201d<\/a>&nbsp;&nbsp;GSP<\/li>\n<li><a href=\"https:\/\/news.google.com\/rss\/articles\/CBMiiAJBVV95cUxPb1FJQ2d0LWpEQkluejc0bmZ5UkY4My1RZnp5UHhEeXdIdFZiOXNySkIwMWl0d1lYa0FzQUtuZnJhOVVuUVpkV1BwZ2x3aEZ5VWpLRElpOVZSTDVTREZ1LUNpdzZQR0w2WE9fa0ppdUFORVpGMUt1M2dJeGd3M2hMdFNKWTdoZlI1bGJEUXVMdlJ3cnhFZXdjTmFCN1U3T3RQQi1la3Ztd28ySXdZQ3RPdUg1LTFxVVNvT2FRMXdWU0VTUVRpSEdoVUNaZF9RUnczSTI0eld0U0FEWUg1RVh0bTdGdU5ZMFNvb21sS2s2bEZqTjRfN3gzUGVZODdiSlFONHN6M001YWg?oc=5\" target=\"_blank\" rel=\"nofollow noopener\">Cristi Chivu, veste excelent\u0103 \u00eenainte de meciul de Champions League! Anun\u021bul f\u0103cut de rom\u00e2n<\/a>&nbsp;&nbsp;Eurosport<\/li>\n<\/ol>\n","protected":false},"excerpt":{"rendered":"Cristi Chivu continu\u0103 parcursul perfect \u00een Champions League \u00bb Inter a trecut \u0219i de Kairat, de acum \u00eencepe&hellip;\n","protected":false},"author":2,"featured_media":36769,"comment_status":"","ping_status":"","sticky":false,"template":"","format":"standard","meta":{"footnotes":"","_share_on_mastodon":"0"},"categories":[5],"tags":[32,33,31,544,36,37,27,545,11521,34,35,2333,25,41,40,38,39,26,28,29,30],"class_list":["post-36768","post","type-post","status-publish","format-standard","has-post-thumbnail","category-titluri","tag-breaking-news","tag-breakingnews","tag-cele-mai-populare-subiecte","tag-cristi-chivu","tag-featured-news","tag-featurednews","tag-headlines","tag-inter","tag-kairat","tag-latest-news","tag-latestnews","tag-liga-campionilor","tag-news","tag-ro","tag-romana","tag-romania","tag-romanian","tag-stiri","tag-titluri","tag-top-stories","tag-topstories"],"share_on_mastodon":{"url":"https:\/\/pubeurope.com\/@ro\/115499733071731270","error":""},"_links":{"self":[{"href":"https:\/\/www.europesays.com\/ro\/wp-json\/wp\/v2\/posts\/36768","targetHints":{"allow":["GET"]}}],"collection":[{"href":"https:\/\/www.europesays.com\/ro\/wp-json\/wp\/v2\/posts"}],"about":[{"href":"https:\/\/www.europesays.com\/ro\/wp-json\/wp\/v2\/types\/post"}],"author":[{"embeddable":true,"href":"https:\/\/www.europesays.com\/ro\/wp-json\/wp\/v2\/users\/2"}],"replies":[{"embeddable":true,"href":"https:\/\/www.europesays.com\/ro\/wp-json\/wp\/v2\/comments?post=36768"}],"version-history":[{"count":0,"href":"https:\/\/www.europesays.com\/ro\/wp-json\/wp\/v2\/posts\/36768\/revisions"}],"wp:featuredmedia":[{"embeddable":true,"href":"https:\/\/www.europesays.com\/ro\/wp-json\/wp\/v2\/media\/36769"}],"wp:attachment":[{"href":"https:\/\/www.europesays.com\/ro\/wp-json\/wp\/v2\/media?parent=36768"}],"wp:term":[{"taxonomy":"category","embeddable":true,"href":"https:\/\/www.europesays.com\/ro\/wp-json\/wp\/v2\/categories?post=36768"},{"taxonomy":"post_tag","embeddable":true,"href":"https:\/\/www.europesays.com\/ro\/wp-json\/wp\/v2\/tags?post=36768"}],"curies":[{"name":"wp","href":"https:\/\/api.w.org\/{rel}","templated":true}]}}