{"id":37664,"date":"2025-11-07T07:54:08","date_gmt":"2025-11-07T07:54:08","guid":{"rendered":"https:\/\/www.europesays.com\/ro\/37664\/"},"modified":"2025-11-07T07:54:08","modified_gmt":"2025-11-07T07:54:08","slug":"lamine-yamal-iese-la-atac-dupa-meciul-barcelonei-din-liga-campionilor-sunt-numai-minciuni","status":"publish","type":"post","link":"https:\/\/www.europesays.com\/ro\/37664\/","title":{"rendered":"Lamine Yamal iese la atac dup\u0103 meciul Barcelonei din Liga Campionilor: &#8221;Sunt numai minciuni!&#8221;"},"content":{"rendered":"<p>Joi, 06 Noiembrie 2025, ora 06:33<\/p>\n<p>11441 citiri<\/p>\n<p><a class=\"news__image\" data-href=\"https:\/\/s2.ziareromania.ro\/?mmid=8b9d756ad66b889356\" data-size=\"1024x652\" title=\"Lamine Yamal iese la atac dup\u0103 meciul Barcelonei din Liga Campionilor: &quot;Sunt numai minciuni!&quot;\"><img decoding=\"async\" src=\"https:\/\/tb.ziareromania.ro\/Lamine-Yamal-iese-la-atac-dup---meciul-Barcelonei-din-Liga-Campionilor---Sunt-numai-minciuni--\/8b9d756ad66b889356\/400\/225\/2\/100\/Lamine-Yamal-iese-la-atac-dup---meciul-Barcelonei-din-Liga-Campionilor---Sunt-numai-minciuni--.jpg\" alt=\"Lamine Yamal iese la atac dup\u0103 meciul Barcelonei din Liga Campionilor: &quot;Sunt numai minciuni!&quot;\" title=\"Lamine Yamal iese la atac dup\u0103 meciul Barcelonei din Liga Campionilor: &quot;Sunt numai minciuni!&quot;\" class=\"img-responsive\"\/><\/a><\/p>\n<p>Lamine Yamal FOTO X Barcelona<\/p>\n<p><a href=\"https:\/\/ziare.com\/lamine-yamal\/\" title=\"Lamine Yamal\" rel=\"nofollow noopener\" target=\"_blank\">Lamine Yamal<\/a>, perla Barcelonei, a oferit o presta\u021bie excep\u021bional\u0103 \u00een meciul de la Bruges, unde catalanii au remizat spectaculos, 3-3. Atacantul de 18 ani a fost cel mai bun om al echipei, marc\u00e2nd \u0219i conduc\u00e2nd dou\u0103 reveniri ale blaugranelor. Totu\u0219i, la final, a m\u0103rturisit c\u0103 rezultatul \u00eel las\u0103 cu un gust amar.<\/p>\n<p>\u201eAm un gust dulce-amar. Ne doream victoria, cele trei puncte. Suntem Bar\u00e7a \u0219i trebuie s\u0103 c\u00e2\u0219tig\u0103m mereu. Dar mergem mai departe, spre urm\u0103torul meci din campionat\u201d, a spus Yamal.<\/p>\n<p>Starul catalan a \u021binut s\u0103 clarifice \u0219i zvonurile din ultimele s\u0103pt\u0103m\u00e2ni legate de o presupus\u0103 pubalgie \u0219i o stare de triste\u021be: \u201eS-a vorbit mult despre pubalgia mea \u0219i c\u0103 eram trist. Au fost numai minciuni. Am vrut doar s\u0103 m\u0103 refac \u0219i s\u0103 pot juca din nou la nivelul la care m\u0103 simt cel mai bine\u201d. Yamal s-a desp\u0103r\u021bit recent de c\u00e2nt\u0103rea\u021ba Nicki Nicole.<\/p>\n<p>Lamine Yamal a explicat \u0219i cum a tr\u0103it partida din Belgia: \u201e\u0218tiam c\u0103 este un adversar puternic \u0219i un teren complicat. E greu s\u0103 c\u00e2\u0219tigi c\u00e2nd prime\u0219ti trei goluri. Asta trebuie s\u0103 \u00eembun\u0103t\u0103\u021bim.\u201d<\/p>\n<p>\u00cen privin\u021ba primului s\u0103u gol, adolescentul-minune a z\u00e2mbit: \u201eA fost o faz\u0103 foarte rapid\u0103, Ferm\u00edn mi-a pasat cu c\u0103lc\u00e2iul \u0219i am finalizat. M\u0103 bucur, dar r\u0103m\u00e2ne regretul c\u0103 nu am ob\u021binut victoria.\u201d<\/p>\n<p>Un reporter i-a spus c\u0103 reu\u0219ita sa a amintit de <a href=\"https:\/\/ziare.com\/leo-messi\/\" title=\"Leo Messi\" rel=\"nofollow noopener\" target=\"_blank\">Leo Messi<\/a>. \u201eNu pot s\u0103 m\u0103 compar cu Messi. El a \u00eenscris o mie de goluri ca acela. Eu trebuie s\u0103-mi urmez propriul drum\u201d, a r\u0103spuns matur Lamine Yamal.<\/p>\n<p>Rezultate de miercuri, din grupa principal\u0103 a Ligii Campionilor:<\/p>\n<p>Ajax &#8211; <a href=\"https:\/\/ziare.com\/galatasaray\/\" title=\"Galatasaray\" rel=\"nofollow noopener\" target=\"_blank\">Galatasaray<\/a> 0-3<\/p>\n<p>A marcat: Osimhen (59, 65-penalti, 78-penalti)<\/p>\n<p>Benfica &#8211; Bayer Leverkusen 0-1<\/p>\n<p>A marcat: Schick (65)<\/p>\n<p><a href=\"https:\/\/ziare.com\/fc\/\" title=\"FC\" rel=\"nofollow noopener\" target=\"_blank\">FC<\/a> Bruges &#8211; FC <a href=\"https:\/\/ziare.com\/barcelona\/\" title=\"Barcelona\" rel=\"nofollow noopener\" target=\"_blank\">Barcelona<\/a> 3-3<\/p>\n<p>Au marcat: Tresoldi (6), Forbs (17, 64) \/ Torres (8), Yamal (61), Tzolis (73 &#8211; autogol)<\/p>\n<p><a href=\"https:\/\/ziare.com\/inter-milano\/\" title=\"Inter Milano\" rel=\"nofollow noopener\" target=\"_blank\">Inter Milano<\/a> &#8211; Kairat Almaty 2-1<\/p>\n<p>Au marcat: Lautaro Martinez (45), Carlos Augusto (67) \/ Arad (56)<\/p>\n<p><a href=\"https:\/\/ziare.com\/manchester-city\/\" title=\"Manchester City\" rel=\"nofollow noopener\" target=\"_blank\">Manchester City<\/a> &#8211; Borussia Dortmund 4-1<\/p>\n<p>Au marcat: Foden (22, 57), Haaland (29), Cherki (90+1) \/ Anton (72)<\/p>\n<p><a href=\"https:\/\/ziare.com\/olympique-marseille\/\" title=\"Olympique Marseille\" rel=\"nofollow noopener\" target=\"_blank\">Olympique Marseille<\/a> &#8211; Atalanta 0-1<\/p>\n<p>A marcat: Samardzic (90)<\/p>\n<p>Newcastle &#8211; Athletic Bilbao.2-0<\/p>\n<p>Au marcat: Burn (11), Joelinton (49).<\/p>\n<p>\u00cen ceea ce prive\u0219te huiduielile fanilor belgieni, fotbalistul Barcelonei a avut o reac\u021bie elegant\u0103: \u201eDac\u0103 m\u0103 fluier\u0103, \u00eenseamn\u0103 c\u0103 \u00eemi fac bine treaba. Nu m\u0103 deranjeaz\u0103. Nu e o coinciden\u021b\u0103 c\u0103 m\u0103 fluier\u0103 doar pe mine.\u201d<\/p>\n<p>\u021ai-a pl\u0103cut articolul?<\/p>\n<p> Vrem s\u0103 producem mai multe, \u00eens\u0103 avem nevoie de sus\u021binerea ta. Orice dona\u021bie conteaz\u0103 pentru jurnalismul independent <\/p>\n","protected":false},"excerpt":{"rendered":"Joi, 06 Noiembrie 2025, ora 06:33 11441 citiri Lamine Yamal FOTO X Barcelona Lamine Yamal, perla Barcelonei, a&hellip;\n","protected":false},"author":2,"featured_media":37665,"comment_status":"","ping_status":"","sticky":false,"template":"","format":"standard","meta":{"footnotes":"","_share_on_mastodon":"0"},"categories":[20],"tags":[2995,15768,964,2675,2333,41,40,38,39,185,184],"class_list":["post-37664","post","type-post","status-publish","format-standard","has-post-thumbnail","category-sport","tag-fc-barcelona","tag-fc-bruges","tag-lamine-yamal","tag-leo-messi","tag-liga-campionilor","tag-ro","tag-romana","tag-romania","tag-romanian","tag-sport","tag-sports"],"share_on_mastodon":{"url":"https:\/\/pubeurope.com\/@ro\/115507341968779045","error":""},"_links":{"self":[{"href":"https:\/\/www.europesays.com\/ro\/wp-json\/wp\/v2\/posts\/37664","targetHints":{"allow":["GET"]}}],"collection":[{"href":"https:\/\/www.europesays.com\/ro\/wp-json\/wp\/v2\/posts"}],"about":[{"href":"https:\/\/www.europesays.com\/ro\/wp-json\/wp\/v2\/types\/post"}],"author":[{"embeddable":true,"href":"https:\/\/www.europesays.com\/ro\/wp-json\/wp\/v2\/users\/2"}],"replies":[{"embeddable":true,"href":"https:\/\/www.europesays.com\/ro\/wp-json\/wp\/v2\/comments?post=37664"}],"version-history":[{"count":0,"href":"https:\/\/www.europesays.com\/ro\/wp-json\/wp\/v2\/posts\/37664\/revisions"}],"wp:featuredmedia":[{"embeddable":true,"href":"https:\/\/www.europesays.com\/ro\/wp-json\/wp\/v2\/media\/37665"}],"wp:attachment":[{"href":"https:\/\/www.europesays.com\/ro\/wp-json\/wp\/v2\/media?parent=37664"}],"wp:term":[{"taxonomy":"category","embeddable":true,"href":"https:\/\/www.europesays.com\/ro\/wp-json\/wp\/v2\/categories?post=37664"},{"taxonomy":"post_tag","embeddable":true,"href":"https:\/\/www.europesays.com\/ro\/wp-json\/wp\/v2\/tags?post=37664"}],"curies":[{"name":"wp","href":"https:\/\/api.w.org\/{rel}","templated":true}]}}