{"id":42366,"date":"2025-11-13T10:00:10","date_gmt":"2025-11-13T10:00:10","guid":{"rendered":"https:\/\/www.europesays.com\/ro\/42366\/"},"modified":"2025-11-13T10:00:10","modified_gmt":"2025-11-13T10:00:10","slug":"rusia-principala-amenintare-la-adresa-securitatii-romaniei","status":"publish","type":"post","link":"https:\/\/www.europesays.com\/ro\/42366\/","title":{"rendered":"Rusia, principal\u0103 amenin\u021bare la adresa securit\u0103\u021bii Rom\u00e2niei"},"content":{"rendered":"<p id=\"p-0\">Pre\u0219edintele Nicu\u0219or Dan a anun\u021bat, miercuri, punerea \u00een dezbatere public\u0103 a Strategiei Na\u021bionale de Ap\u0103rare 2025-2030.<\/p>\n<p id=\"p-1\">El a prezentat elemente din document.<\/p>\n<p id=\"p-2\">Potrivit Strategiei Na\u021bionale de Ap\u0103rare a Rom\u00e2niei pentru perioada 2025-2030, principalele amenin\u021b\u0103ri la adresa securit\u0103\u021bii na\u021bionale provin din ac\u021biunile ostile ale Federa\u021biei Ruse, inclusiv r\u0103zboiul de agresiune \u00eempotriva Ucrainei, militarizarea M\u0103rii Negre \u0219i consolidarea capacit\u0103\u021bilor militare ofensive.<\/p>\n<p>Risc de ac\u021biuni hibride \u0219i cibernetice<\/p>\n<p id=\"p-3\">\u201eEste de a\u0219teptat ca Federa\u021bia Rus\u0103 s\u0103 intensifice ac\u021biunile hibride desf\u0103\u0219urate direct \u0219i prin interpu\u0219i \u00eempotriva unor state membre NATO, inclusiv \u00eempotriva Rom\u00e2niei, la limita aplic\u0103rii Articolului 5 al Tratatului Nord-Atlantic. De asemenea, utiliz\u00e2nd tot mai mult noile tehnologii, ar putea recurge la: activit\u0103\u021bi cibernetice ostile, acte de sabotaj, opera\u021biuni informa\u021bionale \u0219i ac\u021biuni avansate de manipulare \u2013 menite s\u0103 altereze percep\u021biile asupra realit\u0103\u021bii, s\u0103 discrediteze autorit\u0103\u021bile rom\u00e2ne \u0219i s\u0103 afecteze procesele de luare a deciziilor de nivel strategic\u201d, potrivit documentului.<\/p>\n<p>Extinderea conflictului din Ucraina \u0219i vulnerabilit\u0103\u021bi strategice<\/p>\n<p id=\"p-4\">Strategia subliniaz\u0103 c\u0103 o extindere a conflictului militar din Ucraina \u00een zone apropiate Rom\u00e2niei ar reprezenta o amenin\u021bare major\u0103 pentru securitatea \u021b\u0103rii. Alte riscuri includ atacuri cibernetice derulate de entit\u0103\u021bi asociate serviciilor secrete ruse, spionajul, ac\u021biuni hibride de manipulare a opiniei publice \u0219i afectarea infrastructurilor critice, precum coridoarele energetice din Marea Neagr\u0103 sau cablurile submarine de telecomunica\u021bii.<\/p>\n<p>Amenin\u021b\u0103ri economice \u0219i sociale<\/p>\n<p id=\"p-5\">Documentul atrage aten\u021bia \u0219i asupra amenin\u021b\u0103rilor economice \u0219i sociale, inclusiv competi\u021bia agresiv\u0103 \u00eentre state, dependen\u021bele critice, polarizarea politic\u0103 \u0219i presiunile populiste. Migra\u021bia ilegal\u0103, efectele schimb\u0103rilor climatice \u0219i vulnerabilit\u0103\u021bile administra\u021biei publice \u0219i ale infrastructurilor critice pot amplifica riscurile la adresa securit\u0103\u021bii na\u021bionale.<\/p>\n<p id=\"p-6\">Strategia mai eviden\u021biaz\u0103 riscurile legate de corup\u021bie, capacitatea redus\u0103 a institu\u021biilor de protec\u021bie civil\u0103, deficien\u021be \u00een educa\u021bie \u0219i cercetare, vulnerabilit\u0103\u021bi tehnologice \u0219i cibernetice, precum \u0219i expunerea la discurs populist, extremism \u0219i dezinformare. Toate aceste elemente subliniaz\u0103 nevoia consolid\u0103rii rezilien\u021bei statului \u0219i societ\u0103\u021bii rom\u00e2ne\u0219ti \u00een fa\u021ba unui mediu interna\u021bional din ce \u00een ce mai volatil \u0219i ostil.<\/p>\n<p>Corup\u021bia \u0219i sl\u0103biciunile institu\u021bionale<\/p>\n<p id=\"p-7\">\u201eCorup\u021bia vulnerabilizeaz\u0103 \u00een mod profund statul de drept \u0219i afecteaz\u0103 eficacitatea institu\u021biilor \u0219i bun\u0103starea cet\u0103\u021beanului, sporind inclusiv evaziunea fiscal\u0103 \u0219i criminalitatea economic\u0103, cu efecte directe asupra economiei na\u021bionale, competi\u021biei loiale \u0219i libert\u0103\u021bii economice. Capacitatea redus\u0103 a institu\u021biilor din domeniul protec\u021biei civile, inclusiv cea de r\u0103spuns adecvat la urgen\u021be \u0219i dezastre naturale ori accidente cu victime multiple genereaz\u0103 riscuri pe fondul persisten\u021bei vulnerabilit\u0103\u021bilor infrastructurilor necesare furniz\u0103rii unor servicii publice esen\u021biale, sau din lipsa unor abord\u0103ri unitare, integrate \u0219i din nealocarea de resurse suficiente. Politicile fiscale inadecvate, capacitatea redus\u0103 de combatere a evaziunii fiscale \u0219i colectarea deficitar\u0103 a taxelor \u0219i impozitelor afecteaz\u0103 capacitatea statului de a-\u0219i asigura resursele necesare func\u021bion\u0103rii serviciilor publice critice \u0219i realiz\u0103rii investi\u021biilor \u00een domeniul securit\u0103\u021bii na\u021bionale\u201d, se arat\u0103 \u00een capitolul Riscuri \u0219i vunerabilit\u0103\u021bi.<\/p>\n<p id=\"p-8\">De asemenea, unul dintre punctele din strategie se refer\u0103 la lupta \u00eempotriva corup\u021biei: \u201eLimitarea drastic\u0103 a corup\u021biei prin abordare integrat\u0103 a fenomenului, prin eforturile conjugate ale tuturor institu\u021biilor responsabile \u0219i prin utilizarea eficient\u0103 a datelor disponibile, implicarea serviciilor de informa\u021bii \u00een colectarea datelor care documenteaz\u0103 posibile fapte de corup\u021bie, f\u0103r\u0103 interferen\u021ba acestora \u00een cercetarea penal\u0103 \u0219i \u00een procesul de justi\u021bie \u0219i corectarea mecanismelor legislative \u0219i administrative care \u00eent\u00e2rzie realizarea actului de justi\u021bie \u00een ceea ce prive\u0219te corup\u021bia, cu respectarea separa\u021biei puterilor \u00een stat \u0219i a normelor constitu\u021bionale\u201d.<\/p>\n<p>Adaptarea institu\u021biilor \u0219i cooperarea interinstitu\u021bional\u0103<\/p>\n<p id=\"p-9\">Strategia reclam\u0103 adaptarea institu\u021biilor cu responsabilit\u0103\u021bi \u00een asigurarea securit\u0103\u021bii \u0219i ap\u0103r\u0103rii Rom\u00e2niei la transform\u0103rile tot mai rapide \u0219i complexe care genereaz\u0103 provoc\u0103ri \u0219i \u00eengrijor\u0103ri tot mai serioase, astfel \u00eenc\u00e2t activitatea acestora s\u0103 se desf\u0103\u0219oare eficient \u0219i coordonat, cu participarea societ\u0103\u021bii rom\u00e2ne\u0219ti \u00een ansamblu.<\/p>\n<p id=\"p-10\">\u201eAbordarea interinstitu\u021bional\u0103 r\u0103m\u00e2ne esen\u021bial\u0103 \u00een demersurile de gestionare a riscurilor \u0219i amenin\u021b\u0103rilor la adresa securit\u0103\u021bii \u0219i intereselor Rom\u00e2niei\u201d, se men\u021bioneaz\u0103 \u00een document.<\/p>\n<p id=\"p-11\">\u00a0<\/p>\n","protected":false},"excerpt":{"rendered":"Pre\u0219edintele Nicu\u0219or Dan a anun\u021bat, miercuri, punerea \u00een dezbatere public\u0103 a Strategiei Na\u021bionale de Ap\u0103rare 2025-2030. El a&hellip;\n","protected":false},"author":2,"featured_media":42367,"comment_status":"","ping_status":"","sticky":false,"template":"","format":"standard","meta":{"footnotes":"","_share_on_mastodon":"0"},"categories":[10],"tags":[2010,32,33,31,36,37,27,34,35,25,17209,41,40,38,39,26,2493,28,29,30],"class_list":["post-42366","post","type-post","status-publish","format-standard","has-post-thumbnail","category-romania","tag-aparare","tag-breaking-news","tag-breakingnews","tag-cele-mai-populare-subiecte","tag-featured-news","tag-featurednews","tag-headlines","tag-latest-news","tag-latestnews","tag-news","tag-nicusor","tag-ro","tag-romana","tag-romania","tag-romanian","tag-stiri","tag-strategie","tag-titluri","tag-top-stories","tag-topstories"],"share_on_mastodon":{"url":"https:\/\/pubeurope.com\/@ro\/115541811117654670","error":""},"_links":{"self":[{"href":"https:\/\/www.europesays.com\/ro\/wp-json\/wp\/v2\/posts\/42366","targetHints":{"allow":["GET"]}}],"collection":[{"href":"https:\/\/www.europesays.com\/ro\/wp-json\/wp\/v2\/posts"}],"about":[{"href":"https:\/\/www.europesays.com\/ro\/wp-json\/wp\/v2\/types\/post"}],"author":[{"embeddable":true,"href":"https:\/\/www.europesays.com\/ro\/wp-json\/wp\/v2\/users\/2"}],"replies":[{"embeddable":true,"href":"https:\/\/www.europesays.com\/ro\/wp-json\/wp\/v2\/comments?post=42366"}],"version-history":[{"count":0,"href":"https:\/\/www.europesays.com\/ro\/wp-json\/wp\/v2\/posts\/42366\/revisions"}],"wp:featuredmedia":[{"embeddable":true,"href":"https:\/\/www.europesays.com\/ro\/wp-json\/wp\/v2\/media\/42367"}],"wp:attachment":[{"href":"https:\/\/www.europesays.com\/ro\/wp-json\/wp\/v2\/media?parent=42366"}],"wp:term":[{"taxonomy":"category","embeddable":true,"href":"https:\/\/www.europesays.com\/ro\/wp-json\/wp\/v2\/categories?post=42366"},{"taxonomy":"post_tag","embeddable":true,"href":"https:\/\/www.europesays.com\/ro\/wp-json\/wp\/v2\/tags?post=42366"}],"curies":[{"name":"wp","href":"https:\/\/api.w.org\/{rel}","templated":true}]}}