{"id":46371,"date":"2025-11-18T17:38:13","date_gmt":"2025-11-18T17:38:13","guid":{"rendered":"https:\/\/www.europesays.com\/ro\/46371\/"},"modified":"2025-11-18T17:38:13","modified_gmt":"2025-11-18T17:38:13","slug":"cu-ce-voiau-sa-provoace-bosnia-cum-planuiau-sa-patrunda-ultrasii-romani-pe-stadionul-din-zenica-politia-le-a-confiscat-tot","status":"publish","type":"post","link":"https:\/\/www.europesays.com\/ro\/46371\/","title":{"rendered":"Cu ce voiau s\u0103 provoace Bosnia! Cum pl\u0103nuiau s\u0103 p\u0103trund\u0103 ultra\u0219ii rom\u00e2ni pe stadionul din Zenica. Poli\u021bia le-a confiscat tot"},"content":{"rendered":"<ul class=\"bullets\">&#13;<\/p>\n<li>Autorit\u0103\u021bile bosniace au ar\u0103tat toate lucrurile cu care ultra\u0219ii voiau s\u0103 instige fanii rivali pe stadionul din Zenica \u0219i \u00een jurul lui. <\/li>\n<p>&#13;<br \/>\n&#13;<\/p>\n<li>Descoper\u0103 mai jos arsenalul provocator confiscat de poli\u021bia local\u0103.<\/li>\n<p>&#13;\n<\/ul>\n<p class=\"\">Au fost 550 de fani rom\u00e2ni \u00een peluza de pe stadionul din Zenica, s\u00e2mb\u0103t\u0103, la 1-3 cu Bosnia. \u00cen acel col\u021b de tribun\u0103, 450 ultra\u0219i din mai multe fac\u021biuni. <\/p>\n<p>Steaguri \u0219i tricouri cu mesaje \u0219i logouri provocatoare legate de Serbia<\/p>\n<p class=\"\">Dup\u0103 meci, Emir Vraco, ministrul de interne al cantonului bosniac Zenica-Doboj, a ar\u0103tat cu ce voiau ultra\u0219ii s\u0103 p\u0103trund\u0103 pe stadion. <\/p>\n<p class=\"\">O mul\u021bime de obiecte confiscate de poli\u021bia local\u0103 \u00een ora\u0219ul Maglaj, la 55 de kilometri distan\u021b\u0103 de Zenica, potrivit site-ului local <a target=\"_blank\" href=\"http:\/\/reprezentacija.ba\" rel=\"nofollow noopener\">reprezentacija.ba<\/a>.  <\/p>\n<p class=\"\">Multe lucruri cu care voiau s\u0103 inflameze atmosfera \u00een aren\u0103 \u0219i \u00een jurul ei. <\/p>\n<p>Ce a confiscat poli\u021bia bosniac\u0103<\/p>\n<p>    <img decoding=\"async\" src=\"https:\/\/www.europesays.com\/ro\/wp-content\/uploads\/2025\/11\/ultrasi-bosnia-5.jpg\" alt=\"Lucrurile cu care ultra\u0219ii rom\u00e2ni voiau s\u0103 p\u0103trund\u0103 pe stadionul din Zenica. Au fost confiscate!\" data-blur=\"https:\/\/www.europesays.com\/ro\/wp-content\/uploads\/2025\/11\/ultrasi-bosnia-5.jpg\" width=\"684\" height=\"879\" class=\"blur\" loading=\"lazy\"\/><\/p>\n<p>            <img decoding=\"async\" src=\"https:\/\/www.europesays.com\/ro\/wp-content\/uploads\/2025\/11\/1763487490_489_ultrasi-bosnia-5.jpg\" loading=\"lazy\" alt=\"Lucrurile cu care ultra\u0219ii rom\u00e2ni voiau s\u0103 p\u0103trund\u0103 pe stadionul din Zenica. Au fost confiscate!\" width=\"684\" height=\"879\"\/><\/p>\n<p>        Galerie foto (9 imagini)<\/p>\n<p>                    <a href=\"https:\/\/golazo.ro\/ce-au-confiscat-politistii-bosniaci-de-la-ultrasii-romani-156205-g1?articleSource=156218\" class=\"gallery-link\" aria-label=\"Show gallery\" rel=\"nofollow noopener\" target=\"_blank\"><\/p>\n<p>                +9 Foto<br \/>\n            <\/a><\/p>\n<p>    <a href=\"https:\/\/golazo.ro\/ce-au-confiscat-politistii-bosniaci-de-la-ultrasii-romani-156205-g1\/lucrurile-cu-care-ultrasii-romani-voiau-sa-patrunda-pe-stadionul-din-zenica-au-fost-confiscate-216909?articleSource=156218\" class=\"link\" rel=\"nofollow noopener\" target=\"_blank\">labels.photo-gallery<\/a><\/p>\n<p class=\"\">Nu doar cagule (cu logoul fac\u021biunii Uni\u021bi sub Tricolor), bonete militare, petarde, fumigene \u0219i tor\u021be. <\/p>\n<p class=\"\">\u0218i steaguri cu teritoriul Serbiei incluz\u00e2nd Kosovo, cu motto-ul \u201eNema predaje\u201d (\u201eNu ne pred\u0103m!\u201d), steaguri folosite de extrema dreapt\u0103 s\u00e2rb\u0103. <\/p>\n<p class=\"\">\u0218i tricouri cu \u201eCetnici Sever\u201d. Cetnicii formau \u00een trecut o grupare paramilitar\u0103, \u201eArmata iugoslav\u0103 din patrie\u201d, nume folosit inclusiv de ultra\u0219ii s\u00e2rbi. <\/p>\n<p>De la \u201eAp\u0103r\u0103m Europa\u201d la \u201eMladic, eroul care a redus musulmanii la zero\u201d<\/p>\n<p class=\"\">Ultra\u0219ii declan\u0219aser\u0103 un scandal uria\u0219 cu multe ore \u00eenaintea meciului. <\/p>\n<p class=\"\">\u00cen drum spre Zenica, fanii radicali dinamovi\u0219ti s-au oprit la Belgrad \u0219i s-au fotografiat provocator cu suporterii extremi\u0219ti s\u00e2rbi, \u00een fa\u021ba catedralei ortodoxe Sf\u00e2ntul Sava. Aveau un banner afi\u0219at \u00een acela\u0219i scop, instigator, cu mesajul \u201eAp\u0103r\u0103m Europa. Fra\u021bii ortodoc\u0219i\u201d. <\/p>\n<p>        <img decoding=\"async\" src=\"https:\/\/www.europesays.com\/ro\/wp-content\/uploads\/2025\/11\/95daf0df-665c-4233-9b4a-e576c393b846.webp\" alt=\"Ultra\u0219ii rom\u00e2ni \u0219i s\u00e2rbi \u00een fa\u021ba catedralei Sf\u00e2ntul Sava Foto: Instagram\" width=\"684\" height=\"879\" class=\"blur\" loading=\"lazy\"\/><br \/>\n        <img decoding=\"async\" src=\"https:\/\/golazo.ro\/storage\/2025-11-18\/216961\/95daf0df-665c-4233-9b4a-e576c393b846\" alt=\"Ultra\u0219ii rom\u00e2ni \u0219i s\u00e2rbi \u00een fa\u021ba catedralei Sf\u00e2ntul Sava Foto: Instagram\" width=\"684\" height=\"879\" class=\"photo-in-article__main\" loading=\"lazy\"\/><\/p>\n<p>            Ultra\u0219ii rom\u00e2ni \u0219i s\u00e2rbi \u00een fa\u021ba catedralei Sf\u00e2ntul Sava Foto: Instagram<\/p>\n<p class=\"\">Ulterior, au lansat o postare extrem de agresiv\u0103: <a target=\"_blank\" href=\"https:\/\/golazo.ro\/romania-bosnia-presa-ratko-mladic-zenica-preliminarii-cm-2026-155892\" rel=\"nofollow noopener\">\u201eMladic, un erou european care redus musulmanii la zero\u201d.<\/a> <\/p>\n<p>        <img decoding=\"async\" src=\"https:\/\/www.europesays.com\/ro\/wp-content\/uploads\/2025\/11\/999ee38b-85d2-40bc-a466-e61459f8a8c0.jpeg\" alt=\"Mesajul extrem al ultra\u0219ilor Foto: Instagram\" width=\"684\" height=\"879\" class=\"blur\" loading=\"lazy\"\/><br \/>\n        <img decoding=\"async\" src=\"https:\/\/golazo.ro\/storage\/2025-11-18\/216962\/999ee38b-85d2-40bc-a466-e61459f8a8c0\" alt=\"Mesajul extrem al ultra\u0219ilor Foto: Instagram\" width=\"684\" height=\"879\" class=\"photo-in-article__main\" loading=\"lazy\"\/><\/p>\n<p>            Mesajul extrem al ultra\u0219ilor Foto: Instagram<\/p>\n<p class=\"\">Referire evident\u0103 la Ratko Mladic, criminal de r\u0103zboi, fost general s\u00e2rb condamnat la \u00eenchisoare pe via\u021b\u0103 de Curtea Penal\u0103 Interna\u021bional\u0103 de la Haga pentru crime \u00eempotriva umanit\u0103\u021bii. <\/p>\n<blockquote class=\"quote\"><p>\n    O provocare foarte mare a rom\u00e2nilor. Mladic e \u00een pu\u0219c\u0103rie \u0219i sper\u0103m s\u0103 r\u0103m\u00e2n\u0103 acolo c\u00e2t mai mult. Folosea musulmanii ca scut uman. \u00cei \u021binea \u00een fa\u021b\u0103 c\u00e2nd ataca  Enes Sipovic, fost juc\u0103tor bosniac, 6 ani \u00een Liga 1\n<\/p><\/blockquote>\n<p class=\"\">A fost g\u0103sit vinovat pentru \u201eMasacrul de la Srebenica\u201d: 8.372 de b\u0103rba\u021bi \u0219i b\u0103ie\u021bi bosniaci musulmani au fost uci\u0219i \u00een iulie 1995, \u00een timpul r\u0103zboiului din fosta Iugoslavie. <\/p>\n<p>\u201eSerbia, Serbia\u201d la final. Lovi\u021bi cu bastoanele de poli\u021bi\u0219ti<\/p>\n<p class=\"\">La sf\u00e2r\u0219itul partidei de la Zenica, ultra\u0219ii din peluz\u0103 au provocat \u00eentregul stadion <a target=\"_blank\" href=\"https:\/\/golazo.ro\/bosnia-romania-ultrasi-provocatori-serbia-cm-2026-155996\" rel=\"nofollow noopener\">scand\u00e2nd repetat \u201eSerbia, Serbia\u201d. <\/a><\/p>\n<p class=\"\">Au fost lovi\u021bi cu bastoanele de scutierii din for\u021bele de elit\u0103 ale poli\u021biei bosniace. Aceia\u0219i care protajeser\u0103 \u00eentregul grup de fani rom\u00e2ni \u00een timpul meciului. <\/p>\n<p>Cite\u0219te \u0219i<\/p>\n<p>VIDEO: cele mai noi imagini din sport<\/p>\n","protected":false},"excerpt":{"rendered":"&#13; Autorit\u0103\u021bile bosniace au ar\u0103tat toate lucrurile cu care ultra\u0219ii voiau s\u0103 instige fanii rivali pe stadionul din&hellip;\n","protected":false},"author":2,"featured_media":46372,"comment_status":"","ping_status":"","sticky":false,"template":"","format":"standard","meta":{"footnotes":"","_share_on_mastodon":"0"},"categories":[5],"tags":[8187,32,33,31,36,37,27,34,35,25,1879,893,41,40,38,39,26,28,29,30,553,9326],"class_list":["post-46371","post","type-post","status-publish","format-standard","has-post-thumbnail","category-titluri","tag-bosnia","tag-breaking-news","tag-breakingnews","tag-cele-mai-populare-subiecte","tag-featured-news","tag-featurednews","tag-headlines","tag-latest-news","tag-latestnews","tag-news","tag-politie","tag-preliminarii-cm-2026","tag-ro","tag-romana","tag-romania","tag-romanian","tag-stiri","tag-titluri","tag-top-stories","tag-topstories","tag-ultrasi","tag-zenica"],"share_on_mastodon":{"url":"https:\/\/pubeurope.com\/@ro\/115571923712371432","error":""},"_links":{"self":[{"href":"https:\/\/www.europesays.com\/ro\/wp-json\/wp\/v2\/posts\/46371","targetHints":{"allow":["GET"]}}],"collection":[{"href":"https:\/\/www.europesays.com\/ro\/wp-json\/wp\/v2\/posts"}],"about":[{"href":"https:\/\/www.europesays.com\/ro\/wp-json\/wp\/v2\/types\/post"}],"author":[{"embeddable":true,"href":"https:\/\/www.europesays.com\/ro\/wp-json\/wp\/v2\/users\/2"}],"replies":[{"embeddable":true,"href":"https:\/\/www.europesays.com\/ro\/wp-json\/wp\/v2\/comments?post=46371"}],"version-history":[{"count":0,"href":"https:\/\/www.europesays.com\/ro\/wp-json\/wp\/v2\/posts\/46371\/revisions"}],"wp:featuredmedia":[{"embeddable":true,"href":"https:\/\/www.europesays.com\/ro\/wp-json\/wp\/v2\/media\/46372"}],"wp:attachment":[{"href":"https:\/\/www.europesays.com\/ro\/wp-json\/wp\/v2\/media?parent=46371"}],"wp:term":[{"taxonomy":"category","embeddable":true,"href":"https:\/\/www.europesays.com\/ro\/wp-json\/wp\/v2\/categories?post=46371"},{"taxonomy":"post_tag","embeddable":true,"href":"https:\/\/www.europesays.com\/ro\/wp-json\/wp\/v2\/tags?post=46371"}],"curies":[{"name":"wp","href":"https:\/\/api.w.org\/{rel}","templated":true}]}}