{"id":47414,"date":"2025-11-20T07:06:11","date_gmt":"2025-11-20T07:06:11","guid":{"rendered":"https:\/\/www.europesays.com\/ro\/47414\/"},"modified":"2025-11-20T07:06:11","modified_gmt":"2025-11-20T07:06:11","slug":"a-marcat-golul-carierei-la-bucuresti-intr-un-meci-de-cosmar-al-tricolorilor-iar-acum-cere-demisia-selectionerului-un-esec-gigantic","status":"publish","type":"post","link":"https:\/\/www.europesays.com\/ro\/47414\/","title":{"rendered":"A marcat golul carierei la Bucure\u0219ti, \u00eentr-un meci de co\u0219mar al \u201etricolorilor, iar acum cere demisia selec\u021bionerului: \u201eUn e\u0219ec gigantic\u201d"},"content":{"rendered":"<p>\n            Articol de <a rel=\"author nofollow noopener\" href=\"https:\/\/www.gsp.ro\/autor\/alexandru-stanciu-3977.html\" target=\"_blank\">Alexandru Stanciu<\/a>            &#8211; Publicat miercuri, 19 noiembrie 2025 23:45            \/ Actualizat joi, 20 noiembrie 2025 00:04                    <\/p>\n<p>Thomas Gravesen\u00a0(49 de ani), fost interna\u021bional danez cu 66 de selec\u021bii la na\u021bionala mare, a cerut demisia selec\u021bionerului Brian Riemer (47 de ani) dup\u0103 campania preliminar\u0103 dezastruoas\u0103 a Danemarcei.<\/p>\n<p class=\"do-not-hide\">Danezii au ratat primul loc al grupei preliminare pentru Campionatul Mondial din 2026, dup\u0103 ce au pierdut \u00een deplasare cu Sco\u021bia, scor 2-4. Selec\u021bionata lui Riemer avea nevoie de cel pu\u021bin o remiz\u0103 pentru a se califica direct la turneul final, \u00eens\u0103 a fost r\u0103pus\u0103 de dou\u0103 goluri marcate \u00een prelungiri.<\/p>\n<ul>\n<li>\n<p>Danemarca este una dintre posibilele adversare ale echipei na\u021bionale a Rom\u00e2niei pentru semifinala barajului pentru Campionatul Mondial din 2026. Celelalte echipe care pot \u00eent\u00e2lni selec\u021bionata lui Mircea Lucescu sunt Turcia, Ucraina \u0219i Italia.<\/p>\n<\/li>\n<\/ul>\n<p>Thomas Gravesen cere demiterea lui Brian Riemer de la na\u021bionala Danemarcei: <\/p>\n<p>Thomas Gravesen, fost juc\u0103tor la echipe precum Real Madrid, Celtic, Hamburg sau Everton, l-a criticat dur pe Brian Riemer dup\u0103 ce Danemarca a ratat calificarea direct\u0103 la Campionatul Mondial din 2026.<\/p>\n<p>\u201eBrian Riemer a avut o abordare dezastruoas\u0103 \u00een ultimele dou\u0103 meciuri. A subestimat adversarul \u0219i a f\u0103cut echipa total gre\u0219it. C\u00e2nd e\u0219ti selec\u021bioner trebuie s\u0103 folose\u0219ti cei mai buni juc\u0103tori, nu trebuie s\u0103 menajezi pe nimeni. Juc\u0103torii trebuie folosi\u021bi la poten\u021bial maxim, iar club se pot odihni.<\/p>\n<p>Pentru mine, Brian Riemer a \u00eenregistrat un e\u0219ec gigantic, un dezastru colosal. A e\u0219uat la toate capitolele. Este un dezastru de un calibru pe care nu l-am mai v\u0103zut p\u00e2n\u0103 acum. Este pur \u0219i simplu inacceptabil\u201d, a declarat Thomas Gravesen, potrivit <a target=\"_blank\" class=\"editor-link\" href=\"https:\/\/www.thescottishsun.co.uk\/sport\/15588392\/celtic-cult-hero-tommy-gravesen-live-tv-scotland-denmark\/\" rel=\"nofollow noopener\">The Sun<\/a>.<\/p>\n<p><img decoding=\"async\" src=\"https:\/\/www.europesays.com\/ro\/wp-content\/uploads\/2025\/11\/e26c8099-8925-4e7c-85f4-d82ffaacc515.jpg\" loading=\"lazy\" title=\"Thomas Gravesen. Foto: Imago Images\" alt=\"A marcat golul carierei la Bucure\u0219ti, \u00eentr-un meci de co\u0219mar al \u201etricolorilor, iar acum cere demisia selec\u021bionerului: \u201eUn e\u0219ec gigantic\u201d\" width=\"738\" height=\"502\"\/><\/p>\n<p>Thomas Gravesen. Foto: Imago Images<\/p>\n<p>Danemarca a remizat pe teren propriu cu Belarus, scor 2-2, \u0219i i-a mai acordat Sco\u021biei o \u0219ans\u0103 \u00een meciul direct, de\u0219i britanicii pierduser\u0103 \u00een penultima etap\u0103 \u00een deplasare cu Grecia, scor 2-3. <\/p>\n<p>Sco\u021bia a reu\u0219it surpriza pe teren propriu cu Danemarca, c\u00e2\u0219tig\u00e2nd meciul cu scorul de 4-2, \u0219i s-a calificat la Campionatul Mondial pentru prima dat\u0103 din 1998.<\/p>\n<p>Thomas Gravesen \u0219oca la Bucure\u0219ti \u00een 2003: fotografia din GSP surprins\u0103 de fotoreporterul Cristi Preda a f\u0103cut \u00eenconjurul lumii<\/p>\n<p>Thomas Gravesen este omul care a marcat golul carierei sale chiar \u00eempotriva Rom\u00e2niei. \u00cen 2003, la Rom\u00e2nia \u2013 Danemarca, scor final 2-5, pe nisipul de pe stadionul \u201eNa\u0163ional\u201d, nordicul a \u00eenscris de la mijlocul terenului, \u00een minutul 53 al partidei disputate \u00een preliminariile EURO 2004.<\/p>\n<p>Recunoscut ca un fotbalist excentric, Gravesen nu s-a ferit s\u0103-\u015fi arate penisul \u00een timpul antrenamentului pe care echipa sa na\u0163ional\u0103 l-a efectuat \u00eenaintea meciului de la Bucure\u0219ti.<\/p>\n<p><img decoding=\"async\" src=\"https:\/\/www.europesays.com\/ro\/wp-content\/uploads\/2025\/11\/1763622371_257_7a0f544b-c91d-4534-b643-85266dd66246.jpg\" loading=\"lazy\" title=\"Thomas Gravesen, \u00een timpul antrenamentului de la Bucuresti. Foto: Cristi Preda (GSP)\" alt=\"A marcat golul carierei la Bucure\u0219ti, \u00eentr-un meci de co\u0219mar al \u201etricolorilor, iar acum cere demisia selec\u021bionerului: \u201eUn e\u0219ec gigantic\u201d\" width=\"738\" height=\"502\"\/><\/p>\n<p>Thomas Gravesen, \u00een timpul antrenamentului de la Bucuresti. Foto: Cristi Preda (GSP)<\/p>\n<p>Gravesen \u015fi-a scos penisul deasupra capului coechipierului Claus Jensen, iar imaginea,\u00a0surprins\u0103 de fotoreporterul GSP Cristi Preda, a fost difuzat\u0103 de mass-media din \u00eentreaga lume.<\/p>\n","protected":false},"excerpt":{"rendered":"Articol de Alexandru Stanciu &#8211; Publicat miercuri, 19 noiembrie 2025 23:45 \/ Actualizat joi, 20 noiembrie 2025 00:04&hellip;\n","protected":false},"author":2,"featured_media":47415,"comment_status":"","ping_status":"","sticky":false,"template":"","format":"standard","meta":{"footnotes":"","_share_on_mastodon":"0"},"categories":[20],"tags":[18782,8723,1382,1919,41,40,38,39,185,184,14363],"class_list":["post-47414","post","type-post","status-publish","format-standard","has-post-thumbnail","category-sport","tag-brian-riemer","tag-campionatul-mondial-din-2026","tag-danemarca","tag-nationala-romaniei","tag-ro","tag-romana","tag-romania","tag-romanian","tag-sport","tag-sports","tag-thomas-gravesen"],"share_on_mastodon":{"url":"https:\/\/pubeurope.com\/@ro\/115580763162935709","error":""},"_links":{"self":[{"href":"https:\/\/www.europesays.com\/ro\/wp-json\/wp\/v2\/posts\/47414","targetHints":{"allow":["GET"]}}],"collection":[{"href":"https:\/\/www.europesays.com\/ro\/wp-json\/wp\/v2\/posts"}],"about":[{"href":"https:\/\/www.europesays.com\/ro\/wp-json\/wp\/v2\/types\/post"}],"author":[{"embeddable":true,"href":"https:\/\/www.europesays.com\/ro\/wp-json\/wp\/v2\/users\/2"}],"replies":[{"embeddable":true,"href":"https:\/\/www.europesays.com\/ro\/wp-json\/wp\/v2\/comments?post=47414"}],"version-history":[{"count":0,"href":"https:\/\/www.europesays.com\/ro\/wp-json\/wp\/v2\/posts\/47414\/revisions"}],"wp:featuredmedia":[{"embeddable":true,"href":"https:\/\/www.europesays.com\/ro\/wp-json\/wp\/v2\/media\/47415"}],"wp:attachment":[{"href":"https:\/\/www.europesays.com\/ro\/wp-json\/wp\/v2\/media?parent=47414"}],"wp:term":[{"taxonomy":"category","embeddable":true,"href":"https:\/\/www.europesays.com\/ro\/wp-json\/wp\/v2\/categories?post=47414"},{"taxonomy":"post_tag","embeddable":true,"href":"https:\/\/www.europesays.com\/ro\/wp-json\/wp\/v2\/tags?post=47414"}],"curies":[{"name":"wp","href":"https:\/\/api.w.org\/{rel}","templated":true}]}}