{"id":5332,"date":"2025-09-27T19:25:10","date_gmt":"2025-09-27T19:25:10","guid":{"rendered":"https:\/\/www.europesays.com\/ro\/5332\/"},"modified":"2025-09-27T19:25:10","modified_gmt":"2025-09-27T19:25:10","slug":"vom-lupta-pentru-fiecare-duel","status":"publish","type":"post","link":"https:\/\/www.europesays.com\/ro\/5332\/","title":{"rendered":"\u201eVom lupta pentru fiecare duel\u201d"},"content":{"rendered":"<p id=\"p-0\">Fabio Pisacane, t\u00e2n\u0103rul antrenor al celor de la Cagliari, \u00eel avertizeaz\u0103 pe Chivu \u00eenainte de meciul direct cu Inter.<\/p>\n<p id=\"p-1\">Cagliari prime\u0219te vizita celor de la Inter, ast\u0103zi, de la 21:45, \u00eentr-o nou\u0103 etap\u0103 din Serie A.<\/p>\n<p>Adversarul lui Chivu \u00eel amenin\u021b\u0103: \u201eVom lupta pentru fiecare duel\u201d<\/p>\n<p id=\"p-2\">Antrenorul celor de la Cagliaria vorbit \u00een cadrul conferin\u021bei de pres\u0103 de dinaintea partidei de campionat \u00eempotriva Interului \u0219i a \u021binut s\u0103-l avertizeze pe Cristi Chivu.<\/p>\n<p id=\"p-3\">Pisacane spune c\u0103 Inter nu va avea parte de un meci deloc u\u0219or, Cagliari fiind preg\u0103tit\u0103 s\u0103 fac\u0103 un meci mare \u0219i s\u0103 ob\u021bin\u0103 un rezultat bun, mai ales c\u0103 meciul se desf\u0103\u0219oar\u0103 pe teren propriu.<\/p>\n<p id=\"p-4\">Cristi Chivu vine dup\u0103 victoria din Champions League cu Ajax, scor 2-0, \u0219i are nevoie de un succes \u0219i \u00een Serie A pentru a nu pierde contactul cu rivalele.<\/p>\n<p>                <a href=\"https:\/\/www.prosport.ro\/poze\/adversarul-lui-chivu-il-ameninta-vom-lupta-pentru-fiecare-duel-20283842\" rel=\"nofollow noopener\" target=\"_blank\">&#13;<br \/>\n                                            <img decoding=\"async\" loading=\"lazy\" fetchpriority=\"low\" src=\"https:\/\/www.europesays.com\/ro\/wp-content\/uploads\/2025\/09\/https:\/\/www.prosport.ro\/\/wp-content\/uploads\/2025\/09\/Conferinta-lui-Cristi-Chivu-a-fost-anulata-din-c.jpeg\" width=\"458\" height=\"305\"\/>&#13;<br \/>\n                                    <\/a><\/p>\n<p>                <a href=\"https:\/\/www.prosport.ro\/poze\/adversarul-lui-chivu-il-ameninta-vom-lupta-pentru-fiecare-duel-20283842\" rel=\"nofollow noopener\" target=\"_blank\">&#13;<br \/>\n                                            <img decoding=\"async\" loading=\"lazy\" fetchpriority=\"low\" src=\"https:\/\/www.europesays.com\/ro\/wp-content\/uploads\/2025\/09\/https:\/\/www.prosport.ro\/\/wp-content\/uploads\/2025\/09\/Gazzetta-dello-Sport-s-a-lamurit-cu-Chivu-si-ce-.jpeg\" width=\"227\" height=\"151\"\/>&#13;<br \/>\n                                    <\/a><\/p>\n<p id=\"p-5\">\u201eNe a\u0219teapt\u0103 un meci extrem de complicat, cu un grad mare de dificultate. \u0218tim c\u0103 vom avea nevoie de o presta\u021bie excelent\u0103 \u0219i c\u0103 trebuie s\u0103 fim curajo\u0219i \u00een momentele importante.<\/p>\n<p id=\"p-6\">Inter are mul\u021bi juc\u0103tori de clas\u0103, iar noi trebuie s\u0103 facem un meci solid, ca o echip\u0103 adev\u0103rat\u0103. Trebuie s\u0103 fim organiza\u021bi, uni\u021bi \u0219i curajo\u0219i pentru a putea pune probleme.<\/p>\n<p id=\"p-7\">Va trebui s\u0103 abord\u0103m partida cu mai mult\u0103 pruden\u021b\u0103, dar asta nu ne schimb\u0103 obiectivul. Vom intra pe teren cu o abordare diferit\u0103 fa\u021b\u0103 de meciurile anterioare\u201d, a declarat Pisacane, potrivit tuttosport.com.<\/p>\n<p>Ioan Andone a dat verdictul despre Cristi Chivu la Inter: \u201eNu cred c\u0103 va c\u00e2\u0219tiga titlul sau Champions League!\u201d<\/p>\n<p id=\"p-8\"><a style=\"color: #0000ff;\" href=\"https:\/\/www.prosport.ro\/fotbal-extern\/campionate-externe\/italia\/ioan-andone-despre-cristi-chivu-nu-cred-ca-va-castiga-liga-campionilor-sau-titlul-20276213\" rel=\"nofollow noopener\" target=\"_blank\">Ioan Andone a comentat<\/a> \u00eenceputul de sezon al celor de la Inter cu Cristi Chivu pe banca tehnic\u0103. Fostul mare interna\u021bional e de p\u0103rere c\u0103 forma\u021bia din Milano nu se poate lupta nici la titlu \u00een Italia, nici la cucerirea trofeului \u00een UEFA Champions League.<\/p>\n<p id=\"p-9\">Totu\u0219i, dac\u0103 termin\u0103 \u00een top 3 \u00een Serie A, Cristi Chivu poate considera sezonul un succes, \u00een opinia lui Ioan Andone.<\/p>\n<p id=\"p-10\">\u201e(n.r. \u00cel vede\u0163i pe Chivu s\u0103 se bat\u0103 la Champions League?) Greu de crezut. E altceva, e altceva, cu Chivu, a\u015ftept\u0103m s\u0103 vedem. Mi-a\u015f dori s\u0103-l v\u0103d \u00een final\u0103, asta mi-a\u0219 dori eu, ca rom\u00e2n, ca fost fotbalist.<\/p>\n<p id=\"p-11\">(n.r. Sau s\u0103 ia titlul \u00een Italia?) Ar fi ideal, dar Napoli e foarte tare. \u00cenc\u0103 nu po\u0163i s\u0103 spui de un stil Chivu. Eu cred c\u0103 s-a impus, nu pot s\u0103 spun ce stil are \u00eenc\u0103, dar cred c\u0103 s-a impus, nu a antrenat at\u00e2t de mult s\u0103 fac o comparatie, vedem dup\u0103 primul an.<\/p>\n<p id=\"p-12\">Dac\u0103 reu\u0219e\u0219te la Inter, poate nu s\u0103 ia campionatul, s\u0103 aib\u0103 un parcurs foarte bun \u00een UCL \u015fi s\u0103 aib\u0103 o clasare \u00een primele 3, cred c\u0103 e in regul\u0103. Primul an la o echip\u0103 de top\u201d, a declarat Ioan Andone, conform as.ro.<\/p>\n","protected":false},"excerpt":{"rendered":"Fabio Pisacane, t\u00e2n\u0103rul antrenor al celor de la Cagliari, \u00eel avertizeaz\u0103 pe Chivu \u00eenainte de meciul direct cu&hellip;\n","protected":false},"author":2,"featured_media":5333,"comment_status":"","ping_status":"","sticky":false,"template":"","format":"standard","meta":{"footnotes":"","_share_on_mastodon":"0"},"categories":[20],"tags":[3631,544,1938,41,40,38,39,393,185,184],"class_list":["post-5332","post","type-post","status-publish","format-standard","has-post-thumbnail","category-sport","tag-cagliari-inter","tag-cristi-chivu","tag-cristi-chivu-inter","tag-ro","tag-romana","tag-romania","tag-romanian","tag-serie-a","tag-sport","tag-sports"],"share_on_mastodon":{"url":"","error":""},"_links":{"self":[{"href":"https:\/\/www.europesays.com\/ro\/wp-json\/wp\/v2\/posts\/5332","targetHints":{"allow":["GET"]}}],"collection":[{"href":"https:\/\/www.europesays.com\/ro\/wp-json\/wp\/v2\/posts"}],"about":[{"href":"https:\/\/www.europesays.com\/ro\/wp-json\/wp\/v2\/types\/post"}],"author":[{"embeddable":true,"href":"https:\/\/www.europesays.com\/ro\/wp-json\/wp\/v2\/users\/2"}],"replies":[{"embeddable":true,"href":"https:\/\/www.europesays.com\/ro\/wp-json\/wp\/v2\/comments?post=5332"}],"version-history":[{"count":0,"href":"https:\/\/www.europesays.com\/ro\/wp-json\/wp\/v2\/posts\/5332\/revisions"}],"wp:featuredmedia":[{"embeddable":true,"href":"https:\/\/www.europesays.com\/ro\/wp-json\/wp\/v2\/media\/5333"}],"wp:attachment":[{"href":"https:\/\/www.europesays.com\/ro\/wp-json\/wp\/v2\/media?parent=5332"}],"wp:term":[{"taxonomy":"category","embeddable":true,"href":"https:\/\/www.europesays.com\/ro\/wp-json\/wp\/v2\/categories?post=5332"},{"taxonomy":"post_tag","embeddable":true,"href":"https:\/\/www.europesays.com\/ro\/wp-json\/wp\/v2\/tags?post=5332"}],"curies":[{"name":"wp","href":"https:\/\/api.w.org\/{rel}","templated":true}]}}