{"id":5442,"date":"2025-09-27T21:59:10","date_gmt":"2025-09-27T21:59:10","guid":{"rendered":"https:\/\/www.europesays.com\/ro\/5442\/"},"modified":"2025-09-27T21:59:10","modified_gmt":"2025-09-27T21:59:10","slug":"nota-primita-de-chivu-dupa-a-treia-victorie-consecutiva-a-interului","status":"publish","type":"post","link":"https:\/\/www.europesays.com\/ro\/5442\/","title":{"rendered":"Nota primit\u0103 de Chivu dup\u0103 a treia victorie consecutiv\u0103 a Interului"},"content":{"rendered":"<p class=\"pf0\" id=\"p-1\">Inter Milano s-a impus \u00een deplasare la Cagliari, scor 2-0, a treia victorie consecutiv\u0103 a lui Cristi Chivu pe banca grup\u0103rii \u201enerrazzuri\u201d.<\/p>\n<p class=\"pf0\" id=\"p-2\">Antrenorul rom\u00e2n a primit nota 6,5 din partea presei italiene dup\u0103 succesul ob\u021binut al\u0103turi de echipa sa \u00een etapa a 5-a din Serie A.<\/p>\n<p>Ce not\u0103 a primit Cristi Chivu dup\u0103 a treilea succes la r\u00e2nd pe banca lui Inter Milano<\/p>\n<p class=\"pf0\" id=\"p-3\">Inter Milano, vicecampioana Italiei, a c\u00e2\u0219tigat pe terenul lui Cagliari, scor 2-0, <a style=\"color: #0000ff;\" href=\"https:\/\/www.prosport.ro\/fotbal-extern\/campionate-externe\/italia\/chivu-e-nascut-pentru-a-fi-in-vestiarele-echipelor-mari-un-fost-atacant-al-lui-inter-e-convins-ca-romanul-poate-cuceri-trofee-20284328\" rel=\"nofollow noopener\" target=\"_blank\">a treia victorie consecutiv\u0103<\/a> bifat\u0103 de Cristi Chivu pe banca grup\u0103rii din Peninsul\u0103.<\/p>\n<p class=\"pf0\" id=\"p-4\">Pentru acest succes din runda a cincea din Serie A, tehnicianul rom\u00e2n a fost notat cu 6,5 din partea <a style=\"color: #000000;\" href=\"https:\/\/www.tuttomercatoweb.com\/serie-a\/cagliari-inter-0-2-le-pagelle-dimarco-spacca-grido-pio-esposito-mina-in-battaglia-2150787?fbclid=IwY2xjawNFLs5leHRuA2FlbQIxMABicmlkETBlenFYS0g0NFp4eVRzNWpxAR6xhJ4g7Ewu5Yv3MCP7u7ZvGWNe7gmOlc7Pk_JmoaNn31PlXATalq0VwMy0WQ_aem_rgy7pdtNkWHySnxaaS4XFg\" rel=\"nofollow noopener\" target=\"_blank\">tuttomercatoweb.com<\/a>. <\/p>\n<p class=\"pf0\" id=\"p-6\">Calificativele primite de elevii s\u0103i au fost urm\u0103toarele: Josep Martinez 6 \u2013 Akanji 6,5, De Vrij 6, Bastoni 6,5, Luis Henrique 6, Barella 6, Calhanoglu 7, Mkhitaryan 6,5, Carlos Augusto 6, Dimarco 7,5, Lautaro Martinez 7, M. Thuram 5,5, Pio Esposito 7. <\/p>\n<p>                <a href=\"https:\/\/www.prosport.ro\/poze\/nota-primita-de-chivu-dupa-a-treia-victorie-consecutiva-a-interului-20284404\" rel=\"nofollow noopener\" target=\"_blank\">&#13;<br \/>\n                                            <img decoding=\"async\" loading=\"lazy\" fetchpriority=\"low\" src=\"https:\/\/www.europesays.com\/ro\/wp-content\/uploads\/2025\/09\/https:\/\/www.prosport.ro\/\/wp-content\/uploads\/2025\/09\/Cum-l-a-aparat-Chivu-pe-Lautaro-Martinez-de-un-s.jpeg\" width=\"458\" height=\"305\"\/>&#13;<br \/>\n                                    <\/a><\/p>\n<p>                <a href=\"https:\/\/www.prosport.ro\/poze\/nota-primita-de-chivu-dupa-a-treia-victorie-consecutiva-a-interului-20284404\" rel=\"nofollow noopener\" target=\"_blank\">&#13;<br \/>\n                                            <img decoding=\"async\" loading=\"lazy\" fetchpriority=\"low\" src=\"https:\/\/www.europesays.com\/ro\/wp-content\/uploads\/2025\/09\/https:\/\/www.prosport.ro\/\/wp-content\/uploads\/2025\/09\/Italienii-au-dat-verdictul-dar-nu-e-doar-lapte-s.jpeg\" width=\"227\" height=\"151\"\/>&#13;<br \/>\n                                    <\/a><\/p>\n<p class=\"pf0\" id=\"p-8\">\u201eInter a controlat meciul de la Cagliari din primul minut. Apoi, c\u00e2nd p\u0103rea c\u0103 finalul va fi unul tensionat, echipa sa a pecetluit victoria, dup\u0103 ce elevii s\u0103i au irosit p\u00e2n\u0103 atunci mai multe ocazii de a tran\u0219a disputa. A treia victorie consecutiv\u0103. Avea nevoie de un moment de respiro pentru a lucra cu mai mult calm, iar acum poate \u00eencepe s\u0103 recupereze\u201d, a notat sursa citat\u0103. <\/p>\n<p class=\"pf0\" id=\"p-9\">Scorul a fost deschis de Lautaro Martinez, \u00een minutul 9, la poate unica situa\u021bie periculoas\u0103 a primului mitan. Repriza secund\u0103 a fost mult mai animat\u0103, ambele echipe lovind bara. \u00cen cele din urm\u0103, \u00een minutul 82, \u201epariul\u201d lui Chivu, Francesco Pio Esposito, a \u00eenchis tabela cu primul s\u0103u gol \u00een Serie A. <\/p>\n<p class=\"pf0\" id=\"p-11\">ECHIPELE DE START: <\/p>\n<p class=\"pf0\" id=\"p-12\">Cagliari: Caprile \u2013 Pedro, Mina, Luperto \u2013 Palestra, Adopo, Deiola, Folorunsho, Obert \u2013 Belotti, Esposito. <\/p>\n<p class=\"pf0\" id=\"p-13\">Inter: Martinez \u2013 Akanji, de Vrij, Bastoni \u2013 Luis Henrique, Barella, Calhanoglu, Mkhitaryan, Carlos Augusto \u2013 Thuram, Martinez. <\/p>\n<p><img aria-describedby=\"caption-attachment-20197364\" class=\"size-large wp-image-20197364\" src=\"https:\/\/www.europesays.com\/ro\/wp-content\/uploads\/2025\/09\/https:\/\/www.prosport.ro\/\/wp-content\/uploads\/2025\/06\/lautaro-martinez-1-1400x933.jpg\" alt=\"\" width=\"900\" height=\"600\" loading=\"lazy\" decoding=\"async\" \/><\/p>\n<p id=\"caption-attachment-20197364\" class=\"wp-caption-text\">SURSA FOTO: SPORT PICTURES<\/p>\n<p>Urmeaz\u0103 duelul cu Slavia Praga din Champions League<\/p>\n<p class=\"pf0\" id=\"p-14\">\u00cen urma acestui rezultat, <a style=\"color: #0000ff;\" href=\"https:\/\/www.prosport.ro\/fotbal-extern\/campionate-externe\/italia\/chivu-risca-sa-fie-demis-chiar-daca-are-doua-victorii-consecutive-ce-cota-are-sa-fie-dat-afara-pana-de-craciun-20282205\" rel=\"nofollow noopener\" target=\"_blank\">Inter Milano a urcat pe locul 5 \u00ee<\/a><a style=\"color: #0000ff;\" href=\"https:\/\/www.prosport.ro\/fotbal-extern\/campionate-externe\/italia\/chivu-risca-sa-fie-demis-chiar-daca-are-doua-victorii-consecutive-ce-cota-are-sa-fie-dat-afara-pana-de-craciun-20282205\" rel=\"nofollow noopener\" target=\"_blank\">n clasamentul din Serie A<\/a>, cu 9 puncte acumulate, la trei \u00een spatele liderului Napoli, campioana en-titre, care are \u00eens\u0103 un meci mai pu\u021bin disputat. <\/p>\n<p class=\"pf0\" id=\"p-16\">\u201eSunt foarte mul\u021bumit de Cristi Chivu. Nu po\u021bi evalua un antrenor dup\u0103 o lun\u0103 \u0219i jum\u0103tate de munc\u0103. Chivu este cu adev\u0103rat un antrenor care \u00eentruchipeaz\u0103 profesionalismul la nivel \u00eenalt. Trebuie s\u0103-i acorzi timp. \u00cen via\u021ba sa privat\u0103 \u0219i, prin urmare, \u00een via\u021ba de zi cu zi, are o metod\u0103 de lucru foarte modern\u0103, care este apreciat\u0103 de to\u021bi juc\u0103torii, bazat\u0103 pe o etic\u0103 de munc\u0103 excelent\u0103. A\u0219adar, sunt absolut optimist.<\/p>\n<p class=\"pf0\" id=\"p-17\">Este o persoan\u0103 foarte inteligent\u0103 \u0219i cu multe cuno\u0219tin\u021be. Se perfec\u021bioneaz\u0103 pe zi ce trece. Mi-e greu s\u0103-mi exprim p\u0103rerea despre cineva care \u00ee\u0219i face treaba cu demnitate \u0219i mare pricepere\u201d, a spus pre\u0219edintele \u201eBeppe\u201d Marotta, citat de sursa men\u021bionat\u0103 mai sus. <\/p>\n<p class=\"pf0\" id=\"p-19\">Pentru Inter urmeaz\u0103 duelul din UEFA Champions League cu Slavia Praga, programat mar\u021bi, ora 22.00. \u00cen prima meci al grupei principale, trupa lui Cristi Chivu s-a impus la Amsterdam, \u00eempotriva lui Ajax, scor 2-0. <\/p>\n<p id=\"p-20\">\u00a0<\/p>\n","protected":false},"excerpt":{"rendered":"Inter Milano s-a impus \u00een deplasare la Cagliari, scor 2-0, a treia victorie consecutiv\u0103 a lui Cristi Chivu&hellip;\n","protected":false},"author":2,"featured_media":5443,"comment_status":"","ping_status":"","sticky":false,"template":"","format":"standard","meta":{"footnotes":"","_share_on_mastodon":"0"},"categories":[20],"tags":[3631,3696,3697,2742,41,40,38,39,185,184],"class_list":["post-5442","post","type-post","status-publish","format-standard","has-post-thumbnail","category-sport","tag-cagliari-inter","tag-chivu-serie-a","tag-cristi-chivu-antrenor-inter","tag-cristi-chivu-inter-milano","tag-ro","tag-romana","tag-romania","tag-romanian","tag-sport","tag-sports"],"share_on_mastodon":{"url":"","error":""},"_links":{"self":[{"href":"https:\/\/www.europesays.com\/ro\/wp-json\/wp\/v2\/posts\/5442","targetHints":{"allow":["GET"]}}],"collection":[{"href":"https:\/\/www.europesays.com\/ro\/wp-json\/wp\/v2\/posts"}],"about":[{"href":"https:\/\/www.europesays.com\/ro\/wp-json\/wp\/v2\/types\/post"}],"author":[{"embeddable":true,"href":"https:\/\/www.europesays.com\/ro\/wp-json\/wp\/v2\/users\/2"}],"replies":[{"embeddable":true,"href":"https:\/\/www.europesays.com\/ro\/wp-json\/wp\/v2\/comments?post=5442"}],"version-history":[{"count":0,"href":"https:\/\/www.europesays.com\/ro\/wp-json\/wp\/v2\/posts\/5442\/revisions"}],"wp:featuredmedia":[{"embeddable":true,"href":"https:\/\/www.europesays.com\/ro\/wp-json\/wp\/v2\/media\/5443"}],"wp:attachment":[{"href":"https:\/\/www.europesays.com\/ro\/wp-json\/wp\/v2\/media?parent=5442"}],"wp:term":[{"taxonomy":"category","embeddable":true,"href":"https:\/\/www.europesays.com\/ro\/wp-json\/wp\/v2\/categories?post=5442"},{"taxonomy":"post_tag","embeddable":true,"href":"https:\/\/www.europesays.com\/ro\/wp-json\/wp\/v2\/tags?post=5442"}],"curies":[{"name":"wp","href":"https:\/\/api.w.org\/{rel}","templated":true}]}}