{"id":61696,"date":"2025-12-10T14:37:08","date_gmt":"2025-12-10T14:37:08","guid":{"rendered":"https:\/\/www.europesays.com\/ro\/61696\/"},"modified":"2025-12-10T14:37:08","modified_gmt":"2025-12-10T14:37:08","slug":"serviciile-secrete-europene-rusia-ar-putea-pregati-atacuri-asupra-infrastructurii-critice-din-ue","status":"publish","type":"post","link":"https:\/\/www.europesays.com\/ro\/61696\/","title":{"rendered":"Serviciile secrete europene: Rusia ar putea preg\u0103ti atacuri asupra infrastructurii critice din UE"},"content":{"rendered":"<p>\u00cengrijor\u0103rile privind activitatea subversiv\u0103 a Rusiei \u00een Europa s-au amplificat \u00een ultimele luni, pe fondul unor incidente pe care autorit\u0103\u021bile occidentale le consider\u0103 tot mai serioase.<\/p>\n<p>\t\t\t<img fetchpriority=\"high\" decoding=\"async\" src=\"https:\/\/www.europesays.com\/ro\/wp-content\/uploads\/2025\/12\/1765377428_982_index.jpeg\" alt=\"Sabotaj pe calea ferat\u0103 a Polonie\/FOTO:X\" width=\"1400\" height=\"750\" loading=\"eager\" class=\"svelte-h45upf\"\/><\/p>\n<p>Sabotaj pe calea ferat\u0103 a Polonie\/FOTO:X<\/p>\n<p>\u00cen iulie anul trecut, mai multe colete DHL au explodat \u00een centre logistice din Marea Britanie, Polonia \u0219i Germania. Exploziile au avut o for\u021b\u0103 suficient de mare \u00eenc\u00e2t ar fi putut dobor\u00ee un avion cargo, dac\u0103 dispozitivele ar fi fost detonate la bord. Ulterior, anchetatorii au stabilit c\u0103 \u00een spatele opera\u021biunii s-au aflat agen\u021bi ac\u021bion\u00e2nd la ordinele Moscovei, av\u00e2nd acces la aproximativ \u0219ase kilograme de explozibil.<\/p>\n<p>Potrivit oficialilor cita\u021bi de Financial Times, incidentul reprezenta doar prima parte a unui plan mai amplu, care ar fi vizat atacarea curselor aeriene c\u0103tre SUA \u2014 cu poten\u021bialul de a provoca cele mai grave pierderi din sectorul aviatic de la atentatele din 11 septembrie.<\/p>\n<p>Autorit\u0103\u021bile occidentale sus\u021bin c\u0103 acesta este doar unul dintre numeroasele episoade \u00een care o campanie discret\u0103, coordonat\u0103 de Rusia, a fost aproape s\u0103 produc\u0103 victime. Potrivit surselor citate, Moscova a alimentat un climat de insecuritate la nivelul \u00eentregului continent, iar riscurile la adresa popula\u021biei civile sunt \u00een cre\u0219tere.<\/p>\n<p>Serviciile de informa\u021bii \u0219i poli\u021bia european\u0103 afirm\u0103 c\u0103 au dejucat tentative de deraiere a trenurilor aglomerate, incendiere a centrelor comerciale, manipulare a barajelor \u0219i contaminare a re\u021belelor de ap\u0103. Multe dintre aceste cazuri nu au fost \u00eenc\u0103 f\u0103cute publice.<\/p>\n<p>\u201eTrebuie s\u0103 re\u021binem c\u0103 nici acum nu \u00een\u021belegem pe deplin amploarea fenomenului. Ceea ce se \u0219tie public este doar v\u00e2rful aisbergului\u2026 exist\u0103 numeroase incidente despre care guvernele au decis s\u0103 nu vorbeasc\u0103\u201d, a declarat Keir Giles, expert \u00een problematica Rusiei la Chatham House.<\/p>\n<p>\t\t\tRusia este perceput\u0103 ca o amenin\u021bare comparabil\u0103 cu terorismul islamist<\/p>\n<p>Atacurile considerate anul trecut drept \u201eminore\u201d sau \u201ede intensitate sc\u0103zut\u0103\u201d sunt interpretate diferit ast\u0103zi. \u00cen \u021b\u0103ri de frontier\u0103 precum Polonia, Rusia este perceput\u0103 ca o amenin\u021bare comparabil\u0103 cu terorismul islamist, care a dominat agenda serviciilor de securitate europene \u00een ultimele dou\u0103 decenii.<\/p>\n<p>Pe fondul intensific\u0103rii incidentelor, anali\u0219tii se \u00eentreab\u0103 dac\u0103 aceste ac\u021biuni indic\u0103 o escaladare strategic\u0103, nu doar oportunism tactic. Mul\u021bi speciali\u0219ti consider\u0103 c\u0103 \u021bintele alese, riscurile asumate \u0219i obiectivele urm\u0103rite reflect\u0103 considerente ce dep\u0103\u0219esc r\u0103zboiul din Ucraina.<\/p>\n<p>Unele informa\u021bii sugereaz\u0103 un nivel ridicat de planificare pe termen lung. De\u0219i numero\u0219i agen\u021bi ru\u0219i au fost expulza\u021bi din Europa \u00een ultimii ani, serviciile ruse \u00eencearc\u0103 s\u0103 \u00ee\u0219i refac\u0103 re\u021beaua prin trimiterea de operativi instrui\u021bi, \u00een paralel cu utilizarea unor intermediari \u0219i grup\u0103ri criminale pentru ac\u021biuni punctuale.<\/p>\n<p>\t\t\tServiciile secrete europene monitorizeaz\u0103 agen\u021bi ru\u0219i care cartografiaz\u0103 poduri rutiere<\/p>\n<p>\u0218eful unei importante agen\u021bii de informa\u021bii europene afirm\u0103 c\u0103 serviciile sale monitorizeaz\u0103 \u00een prezent agen\u021bi ru\u0219i care cartografiaz\u0103 poduri rutiere, posibil \u00een vederea min\u0103rii acestora. Infrastructura feroviar\u0103 ar fi, de asemenea, analizat\u0103 pentru identificarea unor vulnerabilit\u0103\u021bi. \u00cen plus, au fost detectate eforturi de infiltrare a unor \u201ecelule adormite\u201d cu preg\u0103tire avansat\u0103.<\/p>\n<p>Potrivit unui alt oficial, evalu\u0103rile recente ale activit\u0103\u021bilor ruse\u0219ti sunt tot mai des raportate la Joint Threat Assessment a NATO din 2023 \u2014 un document clasificat circulat \u00eentre statele membre \u2014 suger\u00e2nd c\u0103 Rusia \u00ee\u0219i preg\u0103te\u0219te armata \u0219i economia pentru un posibil conflict direct cu Europa \u00een jurul anului 2029.<\/p>\n<p>Totu\u0219i, exper\u021bii avertizeaz\u0103 c\u0103 imaginea de ansamblu r\u0103m\u00e2ne dificil de conturat. Campania Rusiei este, prin natura ei, fragmentat\u0103, iar unele ac\u021biuni pot reflecta competi\u021bia intern\u0103 din aparatul de stat rus, nu neap\u0103rat o strategie unitar\u0103.<\/p>\n<p>Oficiali europeni avertizeaz\u0103 \u00eens\u0103 c\u0103 reac\u021bia public\u0103, presiunea politic\u0103 \u0219i mobilizarea resurselor pentru investiga\u021bii fac parte exact din obiectivele Moscovei. Teama \u0219i confuzia sunt consecin\u021be urm\u0103rite.<\/p>\n<p>\t\t\tUnele voci cer un r\u0103spuns mai ferm<\/p>\n<p>S\u0103pt\u0103m\u00e2na trecut\u0103, pre\u0219edintele Comitetului Militar al NATO, amiralul Giuseppe Cavo Dragone, a declarat pentru FT c\u0103 Alian\u021ba analizeaz\u0103 m\u0103suri mult mai robuste, inclusiv posibile lovituri preventive, pentru a descuraja ac\u021biunile clandestine ale Rusiei.<\/p>\n<p>\u201eCapacitatea statelor afectate de a rezista acestor atacuri, de a identifica autorii \u0219i de a reac\u021biona politic ofer\u0103 Rusiei informa\u021bii pre\u021bioase\u201d, explic\u0103 Keir Giles. \u201eDac\u0103 reac\u021bia este slab\u0103, dac\u0103 incidentele sunt trecute cu vederea sub eticheta de \u00abr\u0103zboi hibrid\u00bb, atunci Rusia va continua. E nevoie s\u0103 numim lucrurile a\u0219a cum sunt \u2014 un r\u0103zboi \u00eempotriva Europei.\u201d<\/p>\n<p>Publica\u021bia Politico a relatat anterior c\u0103 mai multe state europene analizeaz\u0103 op\u021biunea unor opera\u021biuni cibernetice coordonate \u0219i a unor exerci\u021bii militare neanun\u021bate, \u00een contextul intensific\u0103rii ac\u021biunilor Rusiei \u00eempotriva NATO. Drone ruse\u0219ti \u0219i echipe de sabotori au fost depistate \u00een teritorii ale Alian\u021bei, iar \u021b\u0103rile europene discut\u0103 acum scenarii de reac\u021bie care, \u00een urm\u0103 cu c\u00e2\u021biva ani, p\u0103reau imposibile.<\/p>\n<p>\u00cen ultimele s\u0103pt\u0103m\u00e2ni, drone ruse\u0219ti au fost observate \u00een spa\u021biul aerian al Poloniei \u0219i Rom\u00e2niei, iar aeronave \u0219i baze militare din Europa au fost perturbate de incidente cu UAV-uri necunoscute. Alte episoade includ bruiaj GPS, incursiuni ale avioanelor \u0219i navelor militare ruse\u0219ti, precum \u0219i o explozie pe o linie ferat\u0103 din Polonia folosit\u0103 pentru livr\u0103rile de sprijin militar c\u0103tre Ucraina.<\/p>\n","protected":false},"excerpt":{"rendered":"\u00cengrijor\u0103rile privind activitatea subversiv\u0103 a Rusiei \u00een Europa s-au amplificat \u00een ultimele luni, pe fondul unor incidente pe&hellip;\n","protected":false},"author":2,"featured_media":61697,"comment_status":"","ping_status":"","sticky":false,"template":"","format":"standard","meta":{"footnotes":"","_share_on_mastodon":"0"},"categories":[12],"tags":[1418,32,33,31,319,36,37,27,23196,74,34,35,25,41,40,38,39,45,23195,571,26,28,29,30,71,72,73],"class_list":["post-61696","post","type-post","status-publish","format-standard","has-post-thumbnail","category-international","tag-avertisment","tag-breaking-news","tag-breakingnews","tag-cele-mai-populare-subiecte","tag-europa","tag-featured-news","tag-featurednews","tag-headlines","tag-infrastructura-critica","tag-international","tag-latest-news","tag-latestnews","tag-news","tag-ro","tag-romana","tag-romania","tag-romanian","tag-rusia","tag-saboraj","tag-servicii-secrete","tag-stiri","tag-titluri","tag-top-stories","tag-topstories","tag-world","tag-world-news","tag-worldnews"],"share_on_mastodon":{"url":"https:\/\/pubeurope.com\/@ro\/115695782747774847","error":""},"_links":{"self":[{"href":"https:\/\/www.europesays.com\/ro\/wp-json\/wp\/v2\/posts\/61696","targetHints":{"allow":["GET"]}}],"collection":[{"href":"https:\/\/www.europesays.com\/ro\/wp-json\/wp\/v2\/posts"}],"about":[{"href":"https:\/\/www.europesays.com\/ro\/wp-json\/wp\/v2\/types\/post"}],"author":[{"embeddable":true,"href":"https:\/\/www.europesays.com\/ro\/wp-json\/wp\/v2\/users\/2"}],"replies":[{"embeddable":true,"href":"https:\/\/www.europesays.com\/ro\/wp-json\/wp\/v2\/comments?post=61696"}],"version-history":[{"count":0,"href":"https:\/\/www.europesays.com\/ro\/wp-json\/wp\/v2\/posts\/61696\/revisions"}],"wp:featuredmedia":[{"embeddable":true,"href":"https:\/\/www.europesays.com\/ro\/wp-json\/wp\/v2\/media\/61697"}],"wp:attachment":[{"href":"https:\/\/www.europesays.com\/ro\/wp-json\/wp\/v2\/media?parent=61696"}],"wp:term":[{"taxonomy":"category","embeddable":true,"href":"https:\/\/www.europesays.com\/ro\/wp-json\/wp\/v2\/categories?post=61696"},{"taxonomy":"post_tag","embeddable":true,"href":"https:\/\/www.europesays.com\/ro\/wp-json\/wp\/v2\/tags?post=61696"}],"curies":[{"name":"wp","href":"https:\/\/api.w.org\/{rel}","templated":true}]}}